{"id":9957,"date":"2024-05-23T09:40:00","date_gmt":"2024-05-23T09:40:00","guid":{"rendered":"https:\/\/www.cronicadeseverin.ro\/?p=9957"},"modified":"2024-05-31T11:28:27","modified_gmt":"2024-05-31T08:28:27","slug":"ramona-cupa-pentru-mehedinti","status":"publish","type":"post","link":"https:\/\/www.cronicadeseverin.ro\/?p=9957","title":{"rendered":"RAMONA CUPA, PENTRU MEHEDIN\u021aI"},"content":{"rendered":"<p><strong><em>Al\u0103turi de alte 29 de doamne curajoase \u0219i cu ini\u021biativ\u0103, Ramona Cup\u0103 \u00eentrege\u0219te la Mehedin\u021bi tabloul celor 30 de femei politician care candideaz\u0103, din tot spectrul politic autohton, pentru pre\u0219edin\u021bia consiliilor jude\u021bene din Rom\u00e2nia, adic\u0103 pentru func\u021bii de mare r\u0103spundere \u0219i responsabilitate. <\/em><\/strong><\/p>\n<p>Candidatul Dreptei Unite pentru pre\u0219edin\u021bia Consiliului Jude\u021bean Mehedin\u021bi \u00ee\u0219i dore\u0219te crearea unui Brand regional Mehedin\u021bi, ca jude\u021b al oamenilor harnici \u0219i al investi\u021biilor care creeaz\u0103 locuri de munc\u0103, singura solu\u021bie ca tinerii s\u0103 aleag\u0103 traiul acas\u0103. De asemenea, asigurarea condi\u021biilor minime pentru ca tinerii s\u0103 nu mai plece &#8211; gaze naturale \u0219i canalizare \u00een fiecare sat, centre de s\u0103n\u0103tate \u00een zone rurale, transport regulat \u00eentre comune \u0219i ora\u0219e, sunt printre priorit\u0103\u021bile candidatului RAMONA CUP\u0102.<\/p>\n<p>Reconectarea jude\u021bului la beneficiile economice pe care le poate aduce Dun\u0103rea este prioritar\u0103. Ramona Cup\u0103 propune, \u00een programul s\u0103u trecerea porturilor \u00een administrarea local\u0103, reintroducerea jude\u021bului Mehedin\u021bi pe harta croazierelor interna\u021bionale de pe Dun\u0103re \u0219i crearea unui nod de transport fluvial \u2013 terestru. Vor fi promovate la nivel intern \u0219i interna\u021bional oportunit\u0103\u021bile de afaceri din jude\u021b \u0219i vor exista programe de sus\u021binere a celor care vor s\u0103 se \u00eentoarc\u0103 \u0219i s\u0103 investeasc\u0103 aici.<\/p>\n<p>Campania electoral\u0103 din teritoriu, \u00een care este implicate RAMONA CUP\u0102, \u00een calitatea sa de candidat DREAPTA UNIT\u0102 pentru pre\u0219edin\u021bia Consiliului Jude\u021bean Mehedin\u021bi este punctat\u0103 cu momente emo\u021bionante \u0219i cu reac\u021bii majoritare de simpatie. Chiar \u0219i acolo unde avem de a face cu cet\u0103\u021beni care simpatizeaz\u0103 alte partide, reac\u021biile lor sunt calde, mai ales c\u00e2nd Ramona Cup\u0103 le explic\u0103 faptul c\u0103 este nou\u0103 \u00een politic\u0103 \u0219i vine c\u0103tre ei cu sinceritate.<\/p>\n<p>CMF 21240022<\/p>\n<p>&nbsp;<\/p>\n","protected":false},"excerpt":{"rendered":"<p>Al&#259;turi de alte 29 de doamne curajoase &#537;i cu ini&#539;iativ&#259;, Ramona Cup&#259; &icirc;ntrege&#537;te la Mehedin&#539;i tabloul celor 30 de femei politician care candideaz&#259;, din tot spectrul politic autohton, pentru pre&#537;edin&#539;ia consiliilor jude&#539;ene din Rom&acirc;nia, adic&#259; pentru func&#539;ii de mare r&#259;spundere &#537;i responsabilitate. Candidatul Dreptei Unite pentru pre&#537;edin&#539;ia Consiliului Jude&#539;ean Mehedin&#539;i &icirc;&#537;i dore&#537;te crearea unui Brand [&hellip;]<\/p>\n","protected":false},"author":1,"featured_media":9750,"comment_status":"open","ping_status":"open","sticky":false,"template":"","format":"standard","meta":{"footnotes":""},"categories":[3795],"tags":[],"class_list":["post-9957","post","type-post","status-publish","format-standard","has-post-thumbnail","hentry","category-adevertorial-category"],"_links":{"self":[{"href":"https:\/\/www.cronicadeseverin.ro\/index.php?rest_route=\/wp\/v2\/posts\/9957","targetHints":{"allow":["GET"]}}],"collection":[{"href":"https:\/\/www.cronicadeseverin.ro\/index.php?rest_route=\/wp\/v2\/posts"}],"about":[{"href":"https:\/\/www.cronicadeseverin.ro\/index.php?rest_route=\/wp\/v2\/types\/post"}],"author":[{"embeddable":true,"href":"https:\/\/www.cronicadeseverin.ro\/index.php?rest_route=\/wp\/v2\/users\/1"}],"replies":[{"embeddable":true,"href":"https:\/\/www.cronicadeseverin.ro\/index.php?rest_route=%2Fwp%2Fv2%2Fcomments&post=9957"}],"version-history":[{"count":1,"href":"https:\/\/www.cronicadeseverin.ro\/index.php?rest_route=\/wp\/v2\/posts\/9957\/revisions"}],"predecessor-version":[{"id":9958,"href":"https:\/\/www.cronicadeseverin.ro\/index.php?rest_route=\/wp\/v2\/posts\/9957\/revisions\/9958"}],"wp:featuredmedia":[{"embeddable":true,"href":"https:\/\/www.cronicadeseverin.ro\/index.php?rest_route=\/wp\/v2\/media\/9750"}],"wp:attachment":[{"href":"https:\/\/www.cronicadeseverin.ro\/index.php?rest_route=%2Fwp%2Fv2%2Fmedia&parent=9957"}],"wp:term":[{"taxonomy":"category","embeddable":true,"href":"https:\/\/www.cronicadeseverin.ro\/index.php?rest_route=%2Fwp%2Fv2%2Fcategories&post=9957"},{"taxonomy":"post_tag","embeddable":true,"href":"https:\/\/www.cronicadeseverin.ro\/index.php?rest_route=%2Fwp%2Fv2%2Ftags&post=9957"}],"curies":[{"name":"wp","href":"https:\/\/api.w.org\/{rel}","templated":true}]}}