{"id":9947,"date":"2024-05-19T09:13:28","date_gmt":"2024-05-19T09:13:28","guid":{"rendered":"https:\/\/www.cronicadeseverin.ro\/?p=9947"},"modified":"2024-05-31T11:30:16","modified_gmt":"2024-05-31T08:30:16","slug":"sfarsit-de-saptamana-alaturi-de-oamenii-din-zona-de-nord-a-judetului","status":"publish","type":"post","link":"https:\/\/www.cronicadeseverin.ro\/?p=9947","title":{"rendered":"SF\u00c2R\u0218IT DE S\u0102PT\u0102M\u00c2N\u0102 AL\u0102TURI DE OAMENII DIN ZONA DE NORD A JUDE\u021aULUI"},"content":{"rendered":"<div class=\"x11i5rnm xat24cr x1mh8g0r x1vvkbs xtlvy1s x126k92a\">\n<div dir=\"auto\">Centrul Cultural \u201cNichita St\u0103nescu\u201d al Consiliului Jude\u021bean Mehedin\u021bi a organizat cea de-a III-a edi\u021bie a Festivalului Na\u021bional \u201cDomnica Trop\u201d, la care au participat concuren\u021bi din Gorj, V\u00e2lcea, Maramure\u0219 \u0219i Mehedin\u021bi, \u00een acest sf\u00e2r\u0219it de s\u0103pt\u0103m\u00e2n\u0103.<\/div>\n<div dir=\"auto\"><\/div>\n<div dir=\"auto\">Am participat ast\u0103zi la festivitatea de premiere \u0219i spectacolul oferit de Ansamblul Profesionist \u201cDanubius\u201d \u0219i arti\u0219tii invita\u021bi, de care s-au bucurat oamenii veni\u021bi din mai multe zone ale jude\u021bului Mehedin\u021bi!<\/div>\n<div dir=\"auto\"><\/div>\n<div dir=\"auto\">Ca de fiecare dat\u0103, a fost o bucurie s\u0103 fiu al\u0103turi de doamna Domnica Trop, cet\u0103\u021bean de onoare al jude\u021bului Mehedin\u021bi \u0219i tezaur uman viu declarat de UNESCO!<\/div>\n<div dir=\"auto\"><\/div>\n<div dir=\"auto\">La Isverna am fost al\u0103turi de colegii mei din cadrul PSD Mehedin\u021bi \u0219i \u00eempreun\u0103 s\u0103 \u00eei sus\u021binem pe Marius R\u0103escu \u0219i echipa consilierilor locali pentru Isverna, la alegerile locale din 9 iunie.<\/div>\n<div dir=\"auto\"><\/div>\n<\/div>\n<div class=\"x11i5rnm xat24cr x1mh8g0r x1vvkbs xtlvy1s x126k92a\">\n<div dir=\"auto\">Conserv\u0103m tradi\u021biile \u0219i autenticitatea \u0219i promov\u0103m tinerele talente ale muntelui mehedin\u021bean!<\/div>\n<div dir=\"auto\">Partidul Social Democrat \u2013 Organiza\u021bia Mehedin\u021bi, CMF 21240002<\/div>\n<div dir=\"auto\">\n<div style=\"width: 640px;\" class=\"wp-video\"><video class=\"wp-video-shortcode\" id=\"video-9947-1\" width=\"640\" height=\"360\" preload=\"metadata\" controls=\"controls\"><source type=\"video\/mp4\" src=\"https:\/\/www.cronicadeseverin.ro\/wp-content\/uploads\/2024\/05\/aladin2.mp4?_=1\" \/><a href=\"https:\/\/www.cronicadeseverin.ro\/wp-content\/uploads\/2024\/05\/aladin2.mp4\">https:\/\/www.cronicadeseverin.ro\/wp-content\/uploads\/2024\/05\/aladin2.mp4<\/a><\/video><\/div>\n<\/div>\n<div dir=\"auto\"><\/div>\n<\/div>\n","protected":false},"excerpt":{"rendered":"<p>Centrul Cultural &ldquo;Nichita St&#259;nescu&rdquo; al Consiliului Jude&#539;ean Mehedin&#539;i a organizat cea de-a III-a edi&#539;ie a Festivalului Na&#539;ional &ldquo;Domnica Trop&rdquo;, la care au participat concuren&#539;i din Gorj, V&acirc;lcea, Maramure&#537; &#537;i Mehedin&#539;i, &icirc;n acest sf&acirc;r&#537;it de s&#259;pt&#259;m&acirc;n&#259;. Am participat ast&#259;zi la festivitatea de premiere &#537;i spectacolul oferit de Ansamblul Profesionist &ldquo;Danubius&rdquo; &#537;i arti&#537;tii invita&#539;i, de care s-au [&hellip;]<\/p>\n","protected":false},"author":1,"featured_media":9948,"comment_status":"open","ping_status":"open","sticky":false,"template":"","format":"standard","meta":{"footnotes":""},"categories":[3795],"tags":[],"class_list":["post-9947","post","type-post","status-publish","format-standard","has-post-thumbnail","hentry","category-adevertorial-category"],"_links":{"self":[{"href":"https:\/\/www.cronicadeseverin.ro\/index.php?rest_route=\/wp\/v2\/posts\/9947","targetHints":{"allow":["GET"]}}],"collection":[{"href":"https:\/\/www.cronicadeseverin.ro\/index.php?rest_route=\/wp\/v2\/posts"}],"about":[{"href":"https:\/\/www.cronicadeseverin.ro\/index.php?rest_route=\/wp\/v2\/types\/post"}],"author":[{"embeddable":true,"href":"https:\/\/www.cronicadeseverin.ro\/index.php?rest_route=\/wp\/v2\/users\/1"}],"replies":[{"embeddable":true,"href":"https:\/\/www.cronicadeseverin.ro\/index.php?rest_route=%2Fwp%2Fv2%2Fcomments&post=9947"}],"version-history":[{"count":1,"href":"https:\/\/www.cronicadeseverin.ro\/index.php?rest_route=\/wp\/v2\/posts\/9947\/revisions"}],"predecessor-version":[{"id":9950,"href":"https:\/\/www.cronicadeseverin.ro\/index.php?rest_route=\/wp\/v2\/posts\/9947\/revisions\/9950"}],"wp:featuredmedia":[{"embeddable":true,"href":"https:\/\/www.cronicadeseverin.ro\/index.php?rest_route=\/wp\/v2\/media\/9948"}],"wp:attachment":[{"href":"https:\/\/www.cronicadeseverin.ro\/index.php?rest_route=%2Fwp%2Fv2%2Fmedia&parent=9947"}],"wp:term":[{"taxonomy":"category","embeddable":true,"href":"https:\/\/www.cronicadeseverin.ro\/index.php?rest_route=%2Fwp%2Fv2%2Fcategories&post=9947"},{"taxonomy":"post_tag","embeddable":true,"href":"https:\/\/www.cronicadeseverin.ro\/index.php?rest_route=%2Fwp%2Fv2%2Ftags&post=9947"}],"curies":[{"name":"wp","href":"https:\/\/api.w.org\/{rel}","templated":true}]}}