{"id":9942,"date":"2024-05-20T09:10:09","date_gmt":"2024-05-20T09:10:09","guid":{"rendered":"https:\/\/www.cronicadeseverin.ro\/?p=9942"},"modified":"2024-05-31T11:29:49","modified_gmt":"2024-05-31T08:29:49","slug":"uniti-pentru-mehedinti","status":"publish","type":"post","link":"https:\/\/www.cronicadeseverin.ro\/?p=9942","title":{"rendered":"UNI\u021aI PENTRU MEHEDIN\u021aI"},"content":{"rendered":"<div class=\"x11i5rnm xat24cr x1mh8g0r x1vvkbs xtlvy1s x126k92a\">\n<div dir=\"auto\">\u00cen a doua parte a zilei, am avut \u00eent\u00e2lniri de campanie la B\u00eelv\u0103ne\u0219ti \u0219i Malov\u0103\u021b, unde oamenii au a\u0219tept\u0103ri mari pentru mandatul urm\u0103tor \u0219i le vom onora \u00eempreun\u0103 cu primarii Mih\u0103i\u021b\u0103 B\u0103descu \u0219i Ion Michescu, echipele de consilieri locali \u0219i jude\u021beni.<\/div>\n<div dir=\"auto\"><\/div>\n<\/div>\n<div class=\"x11i5rnm xat24cr x1mh8g0r x1vvkbs xtlvy1s x126k92a\">\n<div dir=\"auto\">Echipa PSD Mehedin\u021bi este preg\u0103tit\u0103 s\u0103 continue proiectele pentru dezvoltarea jude\u021bului nostru dup\u0103 modelul pe care l-am oferit deja.<\/div>\n<\/div>\n<div class=\"x11i5rnm xat24cr x1mh8g0r x1vvkbs xtlvy1s x126k92a\">\n<div dir=\"auto\">Investi\u021biile sunt fundamentale pentru dezvoltarea economic\u0103 \u0219i crearea de locuri de munc\u0103. De asemenea, vom sus\u021bine \u00een continuare, modernizarea infrastructurii sanitare \u0219i educa\u021bionale, asigur\u00e2ndu-ne c\u0103 to\u021bi cet\u0103\u021benii au acces la servicii de calitate.<\/div>\n<\/div>\n<div class=\"x11i5rnm xat24cr x1mh8g0r x1vvkbs xtlvy1s x126k92a\">\n<div dir=\"auto\">Echipa PSD Mehedin\u021bi crede \u00een transparen\u021b\u0103 \u0219i colaborare.<\/div>\n<div dir=\"auto\"><\/div>\n<div dir=\"auto\">Ne dorim un jude\u021b \u00een care fiecare locuitor s\u0103 se simt\u0103 valorizat \u0219i \u00een care to\u021bi s\u0103 avem \u0219anse egale la un trai decent.<\/div>\n<div dir=\"auto\"><\/div>\n<div dir=\"auto\">Partidul Social Democrat \u2013 Organiza\u021bia Mehedin\u021bi, CMF 21240002<\/div>\n<div dir=\"auto\"><a href=\"https:\/\/www.cronicadeseverin.ro\/?attachment_id=9943\" rel=\"attachment wp-att-9943\"><img loading=\"lazy\" decoding=\"async\" class=\"alignleft size-large wp-image-9943\" src=\"https:\/\/www.cronicadeseverin.ro\/wp-content\/uploads\/2024\/05\/1-9-800x507.jpg\" alt=\"\" width=\"800\" height=\"507\" \/><\/a> <a href=\"https:\/\/www.cronicadeseverin.ro\/?attachment_id=9944\" rel=\"attachment wp-att-9944\"><img loading=\"lazy\" decoding=\"async\" class=\"alignleft size-large wp-image-9944\" src=\"https:\/\/www.cronicadeseverin.ro\/wp-content\/uploads\/2024\/05\/2-9-800x600.jpg\" alt=\"\" width=\"800\" height=\"600\" \/><\/a> <a href=\"https:\/\/www.cronicadeseverin.ro\/?attachment_id=9945\" rel=\"attachment wp-att-9945\"><img loading=\"lazy\" decoding=\"async\" class=\"alignleft size-large wp-image-9945\" src=\"https:\/\/www.cronicadeseverin.ro\/wp-content\/uploads\/2024\/05\/3-9-800x800.jpg\" alt=\"\" width=\"800\" height=\"800\" \/><\/a><\/div>\n<\/div>\n","protected":false},"excerpt":{"rendered":"<p>&Icirc;n a doua parte a zilei, am avut &icirc;nt&acirc;lniri de campanie la B&icirc;lv&#259;ne&#537;ti &#537;i Malov&#259;&#539;, unde oamenii au a&#537;tept&#259;ri mari pentru mandatul urm&#259;tor &#537;i le vom onora &icirc;mpreun&#259; cu primarii Mih&#259;i&#539;&#259; B&#259;descu &#537;i Ion Michescu, echipele de consilieri locali &#537;i jude&#539;eni. Echipa PSD Mehedin&#539;i este preg&#259;tit&#259; s&#259; continue proiectele pentru dezvoltarea jude&#539;ului nostru dup&#259; modelul [&hellip;]<\/p>\n","protected":false},"author":1,"featured_media":9943,"comment_status":"open","ping_status":"open","sticky":false,"template":"","format":"standard","meta":{"footnotes":""},"categories":[3795],"tags":[],"class_list":["post-9942","post","type-post","status-publish","format-standard","has-post-thumbnail","hentry","category-adevertorial-category"],"_links":{"self":[{"href":"https:\/\/www.cronicadeseverin.ro\/index.php?rest_route=\/wp\/v2\/posts\/9942","targetHints":{"allow":["GET"]}}],"collection":[{"href":"https:\/\/www.cronicadeseverin.ro\/index.php?rest_route=\/wp\/v2\/posts"}],"about":[{"href":"https:\/\/www.cronicadeseverin.ro\/index.php?rest_route=\/wp\/v2\/types\/post"}],"author":[{"embeddable":true,"href":"https:\/\/www.cronicadeseverin.ro\/index.php?rest_route=\/wp\/v2\/users\/1"}],"replies":[{"embeddable":true,"href":"https:\/\/www.cronicadeseverin.ro\/index.php?rest_route=%2Fwp%2Fv2%2Fcomments&post=9942"}],"version-history":[{"count":1,"href":"https:\/\/www.cronicadeseverin.ro\/index.php?rest_route=\/wp\/v2\/posts\/9942\/revisions"}],"predecessor-version":[{"id":9946,"href":"https:\/\/www.cronicadeseverin.ro\/index.php?rest_route=\/wp\/v2\/posts\/9942\/revisions\/9946"}],"wp:featuredmedia":[{"embeddable":true,"href":"https:\/\/www.cronicadeseverin.ro\/index.php?rest_route=\/wp\/v2\/media\/9943"}],"wp:attachment":[{"href":"https:\/\/www.cronicadeseverin.ro\/index.php?rest_route=%2Fwp%2Fv2%2Fmedia&parent=9942"}],"wp:term":[{"taxonomy":"category","embeddable":true,"href":"https:\/\/www.cronicadeseverin.ro\/index.php?rest_route=%2Fwp%2Fv2%2Fcategories&post=9942"},{"taxonomy":"post_tag","embeddable":true,"href":"https:\/\/www.cronicadeseverin.ro\/index.php?rest_route=%2Fwp%2Fv2%2Ftags&post=9942"}],"curies":[{"name":"wp","href":"https:\/\/api.w.org\/{rel}","templated":true}]}}