{"id":9937,"date":"2024-05-21T09:06:31","date_gmt":"2024-05-21T09:06:31","guid":{"rendered":"https:\/\/www.cronicadeseverin.ro\/?p=9937"},"modified":"2024-05-31T11:29:43","modified_gmt":"2024-05-31T08:29:43","slug":"o-bucurie-sa-ma-aflu-in-zonele-judetului-unde-au-fost-organizate-nedei-de-ziua-sfintilor-constantin-si-elena","status":"publish","type":"post","link":"https:\/\/www.cronicadeseverin.ro\/?p=9937","title":{"rendered":"O bucurie s\u0103 m\u0103 aflu \u00een zonele jude\u021bului unde au fost organizate nedei de Ziua Sfin\u021bilor Constantin \u0219i Elena!"},"content":{"rendered":"<div class=\"x11i5rnm xat24cr x1mh8g0r x1vvkbs xtlvy1s x126k92a\">\n<div dir=\"auto\">La Pruni\u0219or, Pristol \u0219i Malov\u0103\u021b, oamenii au petrecut prin c\u00e2ntec, joc \u0219i voie bun\u0103 \u0219i ca de fiecare dat\u0103, am fost al\u0103turi de ei, \u00eempreun\u0103 cu domnii primari, Emilian V\u00eelcu, Ion Neam\u021bu \u0219i Ionu\u021b Michescu, colegii din cadrul Organiza\u021biei PSD Mehedin\u021bi, parlamentarii Liviu Mazilu \u0219i Alin Chiril\u0103, directorul general adjunct al AFIR, Dorel St\u0103icu\u021b, vicepre\u0219edintele Ionic\u0103 Negru, candida\u021bii la consiliile locale \u0219i Consiliul Jude\u021bean Mehedin\u021bi.<\/div>\n<div dir=\"auto\"><\/div>\n<div dir=\"auto\">La Pruni\u0219or, Loredana V\u00eelcu va c\u00e2\u0219tiga func\u021bia de primar \u0219i continua \u00een proiectele aflate deja \u00een implementare, al\u0103turi de echipa PSD Mehedin\u021bi.<\/div>\n<div dir=\"auto\"><\/div>\n<\/div>\n<div class=\"x11i5rnm xat24cr x1mh8g0r x1vvkbs xtlvy1s x126k92a\">\n<div dir=\"auto\">La Pristol, oamenii s-au bucurat de spectacolul organizat de Centrul Cultura \u201cNichita St\u0103nescu\u201d \u0219i arti\u0219tii acompania\u021bi de Ansamblul Profesionist Danubius. Primarul Ion Neam\u021bu are, \u00een continuare, sus\u021binerea oamenilor pentru un nou mandat.<\/div>\n<\/div>\n<div class=\"x11i5rnm xat24cr x1mh8g0r x1vvkbs xtlvy1s x126k92a\">\n<div dir=\"auto\">\u0218i la Malov\u0103\u021b, primarul Ionu\u021b Michescu a dezvoltat comuna \u0219i o va face \u00een continuare, al\u0103turi de consilierii \u0219i echipa PSD.<\/div>\n<\/div>\n<div class=\"x11i5rnm xat24cr x1mh8g0r x1vvkbs xtlvy1s x126k92a\">\n<div dir=\"auto\">Am fost primi\u021bi cu c\u0103ldur\u0103 \u0219i le mul\u021bumesc tuturor pentru \u00eencredere!<\/div>\n<div dir=\"auto\"><\/div>\n<div dir=\"auto\">Suntem echipa care a muncit \u00een ultimii ani pentru a dezvolta comunele \u00een care tr\u0103iesc \u0219i vom continua s\u0103 facem cel pu\u021bin la fel de multe investi\u021bii \u0219i dup\u0103 alegerile din 9 iunie.<\/div>\n<div dir=\"auto\"><\/div>\n<\/div>\n<div class=\"x11i5rnm xat24cr x1mh8g0r x1vvkbs xtlvy1s x126k92a\">\n<div dir=\"auto\">Mult\u0103 s\u0103n\u0103tate \u0219i c\u00e2t mai multe momente de s\u0103rb\u0103toare care s\u0103 ne \u021bin\u0103 aproape unii de al\u021bii!<\/div>\n<div dir=\"auto\"><\/div>\n<div dir=\"auto\">Partidul Social Democrat &#8211; Organiza\u021bia Mehedin\u021bi, CMF 21240002<\/div>\n<div dir=\"auto\"><a href=\"https:\/\/www.cronicadeseverin.ro\/?attachment_id=9938\" rel=\"attachment wp-att-9938\"><img loading=\"lazy\" decoding=\"async\" class=\"alignleft size-large wp-image-9938\" src=\"https:\/\/www.cronicadeseverin.ro\/wp-content\/uploads\/2024\/05\/1-8-800x600.jpg\" alt=\"\" width=\"800\" height=\"600\" \/><\/a> <a href=\"https:\/\/www.cronicadeseverin.ro\/?attachment_id=9939\" rel=\"attachment wp-att-9939\"><img loading=\"lazy\" decoding=\"async\" class=\"alignleft size-large wp-image-9939\" src=\"https:\/\/www.cronicadeseverin.ro\/wp-content\/uploads\/2024\/05\/2-8-800x600.jpg\" alt=\"\" width=\"800\" height=\"600\" srcset=\"https:\/\/www.cronicadeseverin.ro\/wp-content\/uploads\/2024\/05\/2-8-800x600.jpg 800w, https:\/\/www.cronicadeseverin.ro\/wp-content\/uploads\/2024\/05\/2-8-300x225.jpg 300w, https:\/\/www.cronicadeseverin.ro\/wp-content\/uploads\/2024\/05\/2-8-768x576.jpg 768w, https:\/\/www.cronicadeseverin.ro\/wp-content\/uploads\/2024\/05\/2-8-678x509.jpg 678w, https:\/\/www.cronicadeseverin.ro\/wp-content\/uploads\/2024\/05\/2-8-326x245.jpg 326w, https:\/\/www.cronicadeseverin.ro\/wp-content\/uploads\/2024\/05\/2-8-80x60.jpg 80w, https:\/\/www.cronicadeseverin.ro\/wp-content\/uploads\/2024\/05\/2-8.jpg 960w\" sizes=\"auto, (max-width: 800px) 100vw, 800px\" \/><\/a> <a href=\"https:\/\/www.cronicadeseverin.ro\/?attachment_id=9940\" rel=\"attachment wp-att-9940\"><img loading=\"lazy\" decoding=\"async\" class=\"alignleft size-large wp-image-9940\" src=\"https:\/\/www.cronicadeseverin.ro\/wp-content\/uploads\/2024\/05\/3-8-800x600.jpg\" alt=\"\" width=\"800\" height=\"600\" srcset=\"https:\/\/www.cronicadeseverin.ro\/wp-content\/uploads\/2024\/05\/3-8-800x600.jpg 800w, https:\/\/www.cronicadeseverin.ro\/wp-content\/uploads\/2024\/05\/3-8-300x225.jpg 300w, https:\/\/www.cronicadeseverin.ro\/wp-content\/uploads\/2024\/05\/3-8-768x576.jpg 768w, https:\/\/www.cronicadeseverin.ro\/wp-content\/uploads\/2024\/05\/3-8-678x509.jpg 678w, https:\/\/www.cronicadeseverin.ro\/wp-content\/uploads\/2024\/05\/3-8-326x245.jpg 326w, https:\/\/www.cronicadeseverin.ro\/wp-content\/uploads\/2024\/05\/3-8-80x60.jpg 80w, https:\/\/www.cronicadeseverin.ro\/wp-content\/uploads\/2024\/05\/3-8.jpg 960w\" sizes=\"auto, (max-width: 800px) 100vw, 800px\" \/><\/a><\/div>\n<div dir=\"auto\"><\/div>\n<\/div>\n","protected":false},"excerpt":{"rendered":"<p>La Pruni&#537;or, Pristol &#537;i Malov&#259;&#539;, oamenii au petrecut prin c&acirc;ntec, joc &#537;i voie bun&#259; &#537;i ca de fiecare dat&#259;, am fost al&#259;turi de ei, &icirc;mpreun&#259; cu domnii primari, Emilian V&icirc;lcu, Ion Neam&#539;u &#537;i Ionu&#539; Michescu, colegii din cadrul Organiza&#539;iei PSD Mehedin&#539;i, parlamentarii Liviu Mazilu &#537;i Alin Chiril&#259;, directorul general adjunct al AFIR, Dorel St&#259;icu&#539;, vicepre&#537;edintele [&hellip;]<\/p>\n","protected":false},"author":1,"featured_media":9938,"comment_status":"open","ping_status":"open","sticky":false,"template":"","format":"standard","meta":{"footnotes":""},"categories":[3795],"tags":[],"class_list":["post-9937","post","type-post","status-publish","format-standard","has-post-thumbnail","hentry","category-adevertorial-category"],"_links":{"self":[{"href":"https:\/\/www.cronicadeseverin.ro\/index.php?rest_route=\/wp\/v2\/posts\/9937","targetHints":{"allow":["GET"]}}],"collection":[{"href":"https:\/\/www.cronicadeseverin.ro\/index.php?rest_route=\/wp\/v2\/posts"}],"about":[{"href":"https:\/\/www.cronicadeseverin.ro\/index.php?rest_route=\/wp\/v2\/types\/post"}],"author":[{"embeddable":true,"href":"https:\/\/www.cronicadeseverin.ro\/index.php?rest_route=\/wp\/v2\/users\/1"}],"replies":[{"embeddable":true,"href":"https:\/\/www.cronicadeseverin.ro\/index.php?rest_route=%2Fwp%2Fv2%2Fcomments&post=9937"}],"version-history":[{"count":1,"href":"https:\/\/www.cronicadeseverin.ro\/index.php?rest_route=\/wp\/v2\/posts\/9937\/revisions"}],"predecessor-version":[{"id":9941,"href":"https:\/\/www.cronicadeseverin.ro\/index.php?rest_route=\/wp\/v2\/posts\/9937\/revisions\/9941"}],"wp:featuredmedia":[{"embeddable":true,"href":"https:\/\/www.cronicadeseverin.ro\/index.php?rest_route=\/wp\/v2\/media\/9938"}],"wp:attachment":[{"href":"https:\/\/www.cronicadeseverin.ro\/index.php?rest_route=%2Fwp%2Fv2%2Fmedia&parent=9937"}],"wp:term":[{"taxonomy":"category","embeddable":true,"href":"https:\/\/www.cronicadeseverin.ro\/index.php?rest_route=%2Fwp%2Fv2%2Fcategories&post=9937"},{"taxonomy":"post_tag","embeddable":true,"href":"https:\/\/www.cronicadeseverin.ro\/index.php?rest_route=%2Fwp%2Fv2%2Ftags&post=9937"}],"curies":[{"name":"wp","href":"https:\/\/api.w.org\/{rel}","templated":true}]}}