{"id":9909,"date":"2024-05-24T07:22:14","date_gmt":"2024-05-24T07:22:14","guid":{"rendered":"https:\/\/www.cronicadeseverin.ro\/?p=9909"},"modified":"2024-05-23T07:24:25","modified_gmt":"2024-05-23T07:24:25","slug":"cine-sunt-cei-care-primesc-de-la-stat-bani","status":"publish","type":"post","link":"https:\/\/www.cronicadeseverin.ro\/?p=9909","title":{"rendered":"Cine sunt cei care primesc de la stat bani?"},"content":{"rendered":"<p>Aceast\u0103 m\u0103sur\u0103 se aplic\u0103 \u00een special celor 2.800.000 de pensionari care deja au primit 750 de lei pentru plata energiei. Mai exact, este vorba despre seniorii care \u00eendeplinesc condi\u021biile pentru a primi acest sprijin.<\/p>\n<p>Cel mai important dintre acestea este s\u0103 aib\u0103 venituri lunare sub 2000 de lei. Conform legii, banii urmau s\u0103 fie distribui\u021bi \u00een dou\u0103 tran\u0219e pe parcursul anului 2024. \u00cen ceea ce prive\u0219te prima tran\u0219\u0103, aceasta a fost acordat\u0103 la finalul lunii februarie, acoperind perioada ianuarie &#8211; iunie. A doua tran\u0219\u0103, care se estimeaz\u0103 c\u0103 va fi acordat\u0103 dup\u0103 luna august, va fi destinat\u0103 pentru perioada iulie &#8211; decembrie 2024.<\/p>\n<p>Legea care permite aceast\u0103 distribu\u021bie a fost promulgat\u0103 de pre\u0219edintele Klaus Iohannis \u0219i are ca scop ajutorarea categoriilor de persoane vulnerabile pentru a compensa pre\u021bul la energie. Aceste fonduri provin din resurse externe, fiind finan\u021bate din fonduri europene nerambursabile.<\/p>\n<p>Banii acorda\u021bi pot fi utiliza\u021bi pentru plata facturilor la energie electric\u0103, energie termic\u0103 centralizat\u0103, gaze naturale, butelii, lemne pentru foc, p\u0103cur\u0103, pele\u021bi \u0219i alte materiale de \u00eenc\u0103lzire. Aceast\u0103 m\u0103sur\u0103 vine ca un sprijin semnificativ pentru pensionarii cu venituri mai reduse, ajut\u00e2ndu-i s\u0103 fac\u0103 fa\u021b\u0103 costurilor de zi cu zi.<\/p>\n","protected":false},"excerpt":{"rendered":"<p>Aceast&#259; m&#259;sur&#259; se aplic&#259; &icirc;n special celor 2.800.000 de pensionari care deja au primit 750 de lei pentru plata energiei. Mai exact, este vorba despre seniorii care &icirc;ndeplinesc condi&#539;iile pentru a primi acest sprijin. Cel mai important dintre acestea este s&#259; aib&#259; venituri lunare sub 2000 de lei. Conform legii, banii urmau s&#259; fie distribui&#539;i [&hellip;]<\/p>\n","protected":false},"author":1,"featured_media":7944,"comment_status":"open","ping_status":"open","sticky":false,"template":"","format":"standard","meta":{"footnotes":""},"categories":[4],"tags":[14,2288,266],"class_list":["post-9909","post","type-post","status-publish","format-standard","has-post-thumbnail","hentry","category-stiri","tag-bani","tag-klaus-iohannis","tag-pensioanri"],"_links":{"self":[{"href":"https:\/\/www.cronicadeseverin.ro\/index.php?rest_route=\/wp\/v2\/posts\/9909","targetHints":{"allow":["GET"]}}],"collection":[{"href":"https:\/\/www.cronicadeseverin.ro\/index.php?rest_route=\/wp\/v2\/posts"}],"about":[{"href":"https:\/\/www.cronicadeseverin.ro\/index.php?rest_route=\/wp\/v2\/types\/post"}],"author":[{"embeddable":true,"href":"https:\/\/www.cronicadeseverin.ro\/index.php?rest_route=\/wp\/v2\/users\/1"}],"replies":[{"embeddable":true,"href":"https:\/\/www.cronicadeseverin.ro\/index.php?rest_route=%2Fwp%2Fv2%2Fcomments&post=9909"}],"version-history":[{"count":1,"href":"https:\/\/www.cronicadeseverin.ro\/index.php?rest_route=\/wp\/v2\/posts\/9909\/revisions"}],"predecessor-version":[{"id":9910,"href":"https:\/\/www.cronicadeseverin.ro\/index.php?rest_route=\/wp\/v2\/posts\/9909\/revisions\/9910"}],"wp:featuredmedia":[{"embeddable":true,"href":"https:\/\/www.cronicadeseverin.ro\/index.php?rest_route=\/wp\/v2\/media\/7944"}],"wp:attachment":[{"href":"https:\/\/www.cronicadeseverin.ro\/index.php?rest_route=%2Fwp%2Fv2%2Fmedia&parent=9909"}],"wp:term":[{"taxonomy":"category","embeddable":true,"href":"https:\/\/www.cronicadeseverin.ro\/index.php?rest_route=%2Fwp%2Fv2%2Fcategories&post=9909"},{"taxonomy":"post_tag","embeddable":true,"href":"https:\/\/www.cronicadeseverin.ro\/index.php?rest_route=%2Fwp%2Fv2%2Ftags&post=9909"}],"curies":[{"name":"wp","href":"https:\/\/api.w.org\/{rel}","templated":true}]}}