{"id":9399,"date":"2024-04-04T14:04:53","date_gmt":"2024-04-04T14:04:53","guid":{"rendered":"https:\/\/www.cronicadeseverin.ro\/?p=9399"},"modified":"2024-04-06T14:01:26","modified_gmt":"2024-04-06T14:01:26","slug":"inca-un-primar-pe-faras-marius-stoica-de-la-orsova-condamnat-pentru-delapidare","status":"publish","type":"post","link":"https:\/\/www.cronicadeseverin.ro\/?p=9399","title":{"rendered":"\u00ceNC\u0102 UN PRIMAR \u201ePE F\u0102RA\u0218\u201d: Marius Stoica, de la Or\u0219ova, condamnat pentru DELAPIDARE"},"content":{"rendered":"<div class=\"x11i5rnm xat24cr x1mh8g0r x1vvkbs xtlvy1s x126k92a\">\n<div dir=\"auto\"><a href=\"https:\/\/www.cronicadeseverin.ro\/?attachment_id=9400\" rel=\"attachment wp-att-9400\"><img loading=\"lazy\" decoding=\"async\" class=\"wp-image-9400 alignright\" src=\"https:\/\/www.cronicadeseverin.ro\/wp-content\/uploads\/2024\/04\/DSC8327-Mica.jpg\" alt=\"\" width=\"502\" height=\"334\" srcset=\"https:\/\/www.cronicadeseverin.ro\/wp-content\/uploads\/2024\/04\/DSC8327-Mica.jpg 721w, https:\/\/www.cronicadeseverin.ro\/wp-content\/uploads\/2024\/04\/DSC8327-Mica-300x200.jpg 300w\" sizes=\"auto, (max-width: 502px) 100vw, 502px\" \/><\/a>Judec\u0103torii Cur\u021bii de Apel Craiova s-au pronun\u021bat, ast\u0103zi 4 aprilie, \u00een dosarul primarului municipiului Or\u0219ova, Marius Stoica, iar acesta pierde mandatul de primar.<\/div>\n<\/div>\n<div class=\"x11i5rnm xat24cr x1mh8g0r x1vvkbs xtlvy1s x126k92a\">\n<div dir=\"auto\">Tip solutie: Admis apel<\/div>\n<div dir=\"auto\">Solutia pe scurt: \u00cen baza art.421 pct.2 lit.a Cod pr.penal\u0103; Admite apelul declarat de inculpatul Stoica Marius Simion, \u00eempotriva sentin\u0163ei penale nr.257 din 17 februarie 2023 pronun\u0163at\u0103 de Judec\u0103toria Drobeta Turnu Severin, \u00een dosarul nr.573\/274\/2019. Desfiin\u0163eaz\u0103, \u00een parte, sentin\u0163a \u015fi rejudec\u00e2nd; Descontope\u015fte pedeapsa rezultant\u0103 aplicat\u0103 inculpatului \u015fi repune \u00een individualitatea lor pedepsele componente.<\/div>\n<div dir=\"auto\">\u00cen baza art.291 alin.1 Cod penal, cu aplic.art.75 alin.1 lit.d Cod penal;<\/div>\n<div dir=\"auto\">Condamn\u0103 pe inculpatul Stoica Marius Simion, la pedeapsa de 1 an \u015fi 4 luni \u00eenchisoare, pentru s\u0103v\u00e2r\u015firea infrac\u0163iunii de delapidare (fapta din 30.06.2017);<\/div>\n<div dir=\"auto\">\u00cen baza art.291 alin.1 Cod penal, cu aplic.art.75 alin.1 lit.d Cod penal; Condamn\u0103 pe inculpatul Stoica Marius Simion, la pedeapsa de 1 an \u015fi 4 luni \u00eenchisoare, pentru s\u0103v\u00e2r\u015firea infrac\u0163iunii de delapidare (fapta din 15.12.2017);<\/div>\n<div dir=\"auto\">\u00cen baza art. 67 al. 2 C. pen. raportat la art. 66 al. 1 lit. a) \u015fi b) C. pen.,<\/div>\n<div dir=\"auto\">Aplic\u0103 inculpatului pedeapsa complementar\u0103 a interzicerii exercit\u0103rii dreptului de a fi ales \u00een autorit\u0103\u0163ile publice sau \u00een orice alte func\u0163ii publice \u015fi a dreptului de a ocupa o func\u0163ie care implic\u0103 exerci\u0163iul autorit\u0103\u0163ii de stat, pe o perioad\u0103 de 2 ani.<\/div>\n<div dir=\"auto\">\u00cen baza art. art. 65 alin. 1 Cod penal raportat la art. 66 alin. 1 lit. a) \u015fi b) Cod penal; Aplic\u0103 inculpatului pedeapsa accesorie a interzicerii exercit\u0103rii dreptului de a fi ales \u00een autorit\u0103\u0163ile publice sau \u00een orice alte func\u0163ii publice \u015fi a dreptului de a ocupa o func\u0163ie care implic\u0103 exerci\u0163iul autorit\u0103\u0163ii de stat.<\/div>\n<div dir=\"auto\">\u00cen baza art. 38 alin. 1 Cod penal coroborat cu art. 39 alin. 1 lit. a Cod penal; Contope\u015fte pedepsele principale de c\u00e2te 1 an \u015fi 4 luni \u00eenchisoare, \u00een pedeapsa cea mai grea \u2013 aceea de 1 an \u015fi 4 luni \u00eenchisoare, la care adaug\u0103 sporul de o treime din cealalt\u0103 pedeaps\u0103 &#8211; 5 luni \u015fi 10 zile \u00eenchisoare &#8211; urm\u00e2nd ca inculpatul Stoica Marius Simion s\u0103 execute pedeapsa rezultant\u0103 de 1 an, 9 luni \u015fi 10 zile \u00eenchisoare.<\/div>\n<div dir=\"auto\">\u00cen baza art. 45 al. 3 lit. a C. pen. rap. la art. 67 al. 2 C. pen. \u015fi la art. 66 al. 1 lit. a \u015fi b C. pen., al\u0103turi de pedeapsa principal\u0103 rezultant\u0103, aplic\u0103 inculpatului pedeapsa complementar\u0103 a interzicerii exercit\u0103rii dreptului de a fi ales \u00een autorit\u0103\u0163ile publice sau \u00een orice alte func\u0163ii publice \u015fi a dreptului de a ocupa o func\u0163ie care implic\u0103 exerci\u0163iul autorit\u0103\u0163ii de stat pe o perioad\u0103 de 2 ani, ce se va executa \u00een condi\u0163iile art. 68 alin. 1 lit. b C. pen., respectiv de la data r\u0103m\u00e2nerii definitive a hot\u0103r\u00e2rii de condamnare prin care s-a dispus suspendarea execut\u0103rii pedepsei sub supraveghere.<\/div>\n<div dir=\"auto\">\u00cen baza art. 45 al. 5 rap. la art. 45 al. 3 lit. a C. pen., la art. 65 al. 1 C. pen. \u015fi la art. 66 al. 1 lit. a \u015fi b C. pen., al\u0103turi de pedeapsa principal\u0103 rezultant\u0103, aplic\u0103 inculpatului pedeapsa accesorie a interzicerii exercit\u0103rii dreptului de a fi ales \u00een autorit\u0103\u0163ile publice sau \u00een orice alte func\u0163ii publice \u015fi a dreptului de a ocupa o func\u0163ie care implic\u0103 exerci\u0163iul autorit\u0103\u0163ii de stat, ce se va executa conform art.65 alin.3 Cod penal, respectiv din momentul r\u0103m\u00e2nerii definitive a hot\u0103r\u00e2rii de condamnare \u015fi p\u00e2n\u0103 c\u00e2nd pedeapsa principal\u0103 privativ\u0103 de libertate a fost executat\u0103 sau considerat\u0103 ca executat\u0103.<\/div>\n<div dir=\"auto\">\u00cen baza art. 91 Cod penal, dispune suspendarea execut\u0103rii pedepsei sub supraveghere \u015fi stabile\u015fte un termen de supraveghere de 2 ani, conform dispozi\u0163iilor art. 92 Cod penal.<\/div>\n<div dir=\"auto\">\u00cen baza art. 93 alin. 1 Cod penal, pe durata termenului de supraveghere oblig\u0103 inculpatul s\u0103 respecte urm\u0103toarele m\u0103suri de supraveghere:<\/div>\n<div dir=\"auto\">a) s\u0103 se prezinte la serviciul de proba\u0163iune Mehedin\u0163i, la datele fixate de acesta;<\/div>\n<div dir=\"auto\">b) s\u0103 primeasc\u0103 vizitele consilierului de proba\u0163iune desemnat cu supravegherea sa;<\/div>\n<div dir=\"auto\">c) s\u0103 anun\u0163e, \u00een prealabil, schimbarea locuin\u0163ei \u015fi orice deplasare care dep\u0103\u015fe\u015fte 5 zile;<\/div>\n<div dir=\"auto\">d) s\u0103 comunice schimbarea locului de munc\u0103; e) s\u0103 comunice informa\u0163ii \u015fi documente de natur\u0103 a permite controlul mijloacelor sale de existen\u0163\u0103. \u00cen baza art. 93 alin. 2 lit. b Cod penal, oblig\u0103 inculpatul s\u0103 frecventeze unul sau mai multe programe de reintegrare social\u0103 derulate de c\u0103tre serviciul de proba\u0163iune sau organizate \u00een colaborare cu institu\u0163ii din comunitate. \u00cen baza art. 93 alin. 3 Cod penal, pe parcursul termenului de supraveghere, oblig\u0103 inculpatul s\u0103 presteze o munc\u0103 neremunerat\u0103 \u00een folosul comunit\u0103\u0163ii \u00een cadrul Prim\u0103riei Or\u015fova, jude\u0163ul Mehedin\u0163i, pe o perioad\u0103 de 60 zile lucr\u0103toare.<\/div>\n<div dir=\"auto\">\u00cen baza art. 91 alin. 4 Cod penal, atrage aten\u0163ia inculpatului asupra conduitei sale viitoare \u015fi a consecin\u0163elor la care se expune dac\u0103 va mai comite infrac\u0163iuni sau nu va respecta m\u0103surile de supraveghere ori nu va executa obliga\u0163iile ce \u00eei revin pe durata termenului de supraveghere. Men\u0163ine restul dispozi\u0163iilor sentin\u0163ei, care nu contravin prezentei decizii. \u00cen baza art.275 alin.3 Cod pr.penal\u0103; Cheltuielile judiciare ocazionate de solu\u0163ionarea apelului declarat de inculpat, r\u0103m\u00e2n \u00een sarcina statului.<\/div>\n<div dir=\"auto\">Definitiv\u0103.<\/div>\n<div dir=\"auto\">Pronun\u0163at\u0103 azi, 04 aprilie 2024, prin punerea acesteia la dispozi\u0163ia p\u0103r\u0163ilor \u015fi a procurorului, prin mijlocirea grefei instan\u0163ei.<\/div>\n<div dir=\"auto\"><a href=\"https:\/\/portal.just.ro\/54\/SitePages\/Dosar.aspx?id_dosar=27400000000020806&amp;id_inst=54\"><strong>Document: Hotar\u00e2re 415\/2024 04.04.2024<\/strong><\/a><\/div>\n<div dir=\"auto\">A fost stabilit \u0219i un termen de \u00eencercare de 2 ani. Magistra\u021bii au decis ca edilul s\u0103 nu mai exercite func\u021bii publice timp de 2 ani.<\/div>\n<\/div>\n","protected":false},"excerpt":{"rendered":"<p>Judec&#259;torii Cur&#539;ii de Apel Craiova s-au pronun&#539;at, ast&#259;zi 4 aprilie, &icirc;n dosarul primarului municipiului Or&#537;ova, Marius Stoica, iar acesta pierde mandatul de primar. Tip solutie: Admis apel Solutia pe scurt: &Icirc;n baza art.421 pct.2 lit.a Cod pr.penal&#259;; Admite apelul declarat de inculpatul Stoica Marius Simion, &icirc;mpotriva sentin&#355;ei penale nr.257 din 17 februarie 2023 pronun&#355;at&#259; de [&hellip;]<\/p>\n","protected":false},"author":1,"featured_media":9401,"comment_status":"open","ping_status":"open","sticky":false,"template":"","format":"standard","meta":{"footnotes":""},"categories":[4],"tags":[1027,3691,1953,244,61,704],"class_list":["post-9399","post","type-post","status-publish","format-standard","has-post-thumbnail","hentry","category-stiri","tag-condamnat","tag-delapidare","tag-marius-simion-stoica","tag-marius-stoica","tag-orsova","tag-primar-orsova"],"_links":{"self":[{"href":"https:\/\/www.cronicadeseverin.ro\/index.php?rest_route=\/wp\/v2\/posts\/9399","targetHints":{"allow":["GET"]}}],"collection":[{"href":"https:\/\/www.cronicadeseverin.ro\/index.php?rest_route=\/wp\/v2\/posts"}],"about":[{"href":"https:\/\/www.cronicadeseverin.ro\/index.php?rest_route=\/wp\/v2\/types\/post"}],"author":[{"embeddable":true,"href":"https:\/\/www.cronicadeseverin.ro\/index.php?rest_route=\/wp\/v2\/users\/1"}],"replies":[{"embeddable":true,"href":"https:\/\/www.cronicadeseverin.ro\/index.php?rest_route=%2Fwp%2Fv2%2Fcomments&post=9399"}],"version-history":[{"count":4,"href":"https:\/\/www.cronicadeseverin.ro\/index.php?rest_route=\/wp\/v2\/posts\/9399\/revisions"}],"predecessor-version":[{"id":9423,"href":"https:\/\/www.cronicadeseverin.ro\/index.php?rest_route=\/wp\/v2\/posts\/9399\/revisions\/9423"}],"wp:featuredmedia":[{"embeddable":true,"href":"https:\/\/www.cronicadeseverin.ro\/index.php?rest_route=\/wp\/v2\/media\/9401"}],"wp:attachment":[{"href":"https:\/\/www.cronicadeseverin.ro\/index.php?rest_route=%2Fwp%2Fv2%2Fmedia&parent=9399"}],"wp:term":[{"taxonomy":"category","embeddable":true,"href":"https:\/\/www.cronicadeseverin.ro\/index.php?rest_route=%2Fwp%2Fv2%2Fcategories&post=9399"},{"taxonomy":"post_tag","embeddable":true,"href":"https:\/\/www.cronicadeseverin.ro\/index.php?rest_route=%2Fwp%2Fv2%2Ftags&post=9399"}],"curies":[{"name":"wp","href":"https:\/\/api.w.org\/{rel}","templated":true}]}}