{"id":8086,"date":"2023-06-21T10:00:16","date_gmt":"2023-06-21T10:00:16","guid":{"rendered":"http:\/\/www.cronicadeseverin.ro\/?p=8086"},"modified":"2023-06-20T13:31:14","modified_gmt":"2023-06-20T13:31:14","slug":"indemnizatie-de-somaj-pentru-absolventii-de-liceu-sau-facultate","status":"publish","type":"post","link":"https:\/\/www.cronicadeseverin.ro\/?p=8086","title":{"rendered":"Indemniza\u021bie de \u0219omaj pentru absolven\u021bii de liceu sau facultate"},"content":{"rendered":"<p>Absolven\u021bii de liceu sau de facultate trebuie s\u0103 se \u00eenregistreze la Ocuparea for\u021belor de munc\u0103 \u00een termen de 60 de zile de la terminarea cursurilor dac\u0103 vor s\u0103 primeasc\u0103 indemniza\u021bia de \u0219omaj. Agen\u0163ia Municipal\u0103 pentru Ocuparea For\u0163ei de Munc\u0103 Bucure\u015fti (AMOFM) a anun\u021bat c\u0103 pentru a beneficia de indemniza\u021bie, absolven\u0163ii trebuie s\u0103 aib\u0103 cel pu\u021bin 16 ani. Indemniza\u021bia de \u015fomaj se acord\u0103 pentru o perioad\u0103 de 6 luni \u0219i reprezint\u0103 50% din valoarea indicatorului social de referin\u0163\u0103 al asigur\u0103rilor pentru \u015fomaj \u015fi stimul\u0103rii ocup\u0103rii for\u0163ei de munc\u0103 \u00een vigoare, se arat\u0103 \u00eentr-un comunicat al AMOFM. \u00cen acest an, indicele social de referin\u021b\u0103 (ISR) este de 598 lei, ceea ce presupune c\u0103 indemniza\u021bia lunar\u0103 de \u0219omaj se va ridica la 299 de lei. \u201e\u00cen cazul absolven\u0163ilor de liceu, indiferent dac\u0103 au promovat sau nu examenul de Bacalaureat, termenul de 60 de zile se calculeaz\u0103 din ziua urm\u0103toare datei \u00eencheierii situa\u0163iei \u015fcolare, stabilit\u0103 prin reglement\u0103rile normative \u00een vigoare\u201d. Pentru elevii care nu au situa\u0163ia \u015fcolar\u0103 \u00eencheiat\u0103 la toate materiile, termenul de 60 de zile se calculeaz\u0103 de la data promov\u0103rii examenului de corigen\u0163\u0103, dat\u0103 \u00eenscris\u0103 \u00een adeverin\u0163a eliberat\u0103 de institu\u0163ia de \u00eenv\u0103\u0163\u0103m\u00e2nt, arat\u0103 reprezentan\u021bii AMOFM.<\/p>\n","protected":false},"excerpt":{"rendered":"<p>Absolven&#539;ii de liceu sau de facultate trebuie s&#259; se &icirc;nregistreze la Ocuparea for&#539;elor de munc&#259; &icirc;n termen de 60 de zile de la terminarea cursurilor dac&#259; vor s&#259; primeasc&#259; indemniza&#539;ia de &#537;omaj. Agen&#355;ia Municipal&#259; pentru Ocuparea For&#355;ei de Munc&#259; Bucure&#351;ti (AMOFM) a anun&#539;at c&#259; pentru a beneficia de indemniza&#539;ie, absolven&#355;ii trebuie s&#259; aib&#259; cel pu&#539;in [&hellip;]<\/p>\n","protected":false},"author":1,"featured_media":8097,"comment_status":"open","ping_status":"open","sticky":false,"template":"","format":"standard","meta":{"footnotes":""},"categories":[4],"tags":[3367,781,720,3187],"class_list":["post-8086","post","type-post","status-publish","format-standard","has-post-thumbnail","hentry","category-stiri","tag-agentia-municipala-pentru-ocuparea-fortei-de-munca-bucuresti-amofm","tag-elevi","tag-somaj","tag-studenti"],"_links":{"self":[{"href":"https:\/\/www.cronicadeseverin.ro\/index.php?rest_route=\/wp\/v2\/posts\/8086","targetHints":{"allow":["GET"]}}],"collection":[{"href":"https:\/\/www.cronicadeseverin.ro\/index.php?rest_route=\/wp\/v2\/posts"}],"about":[{"href":"https:\/\/www.cronicadeseverin.ro\/index.php?rest_route=\/wp\/v2\/types\/post"}],"author":[{"embeddable":true,"href":"https:\/\/www.cronicadeseverin.ro\/index.php?rest_route=\/wp\/v2\/users\/1"}],"replies":[{"embeddable":true,"href":"https:\/\/www.cronicadeseverin.ro\/index.php?rest_route=%2Fwp%2Fv2%2Fcomments&post=8086"}],"version-history":[{"count":0,"href":"https:\/\/www.cronicadeseverin.ro\/index.php?rest_route=\/wp\/v2\/posts\/8086\/revisions"}],"wp:featuredmedia":[{"embeddable":true,"href":"https:\/\/www.cronicadeseverin.ro\/index.php?rest_route=\/wp\/v2\/media\/8097"}],"wp:attachment":[{"href":"https:\/\/www.cronicadeseverin.ro\/index.php?rest_route=%2Fwp%2Fv2%2Fmedia&parent=8086"}],"wp:term":[{"taxonomy":"category","embeddable":true,"href":"https:\/\/www.cronicadeseverin.ro\/index.php?rest_route=%2Fwp%2Fv2%2Fcategories&post=8086"},{"taxonomy":"post_tag","embeddable":true,"href":"https:\/\/www.cronicadeseverin.ro\/index.php?rest_route=%2Fwp%2Fv2%2Ftags&post=8086"}],"curies":[{"name":"wp","href":"https:\/\/api.w.org\/{rel}","templated":true}]}}