{"id":7967,"date":"2023-05-23T14:56:29","date_gmt":"2023-05-23T14:56:29","guid":{"rendered":"http:\/\/www.cronicadeseverin.ro\/?p=7967"},"modified":"2024-04-18T05:03:38","modified_gmt":"2024-04-18T05:03:38","slug":"apa-buna-de-baut-la-fantana-marinarul","status":"publish","type":"post","link":"https:\/\/www.cronicadeseverin.ro\/?p=7967","title":{"rendered":"AP\u0102 BUN\u0102 DE B\u0102UT la F\u00e2nt\u00e2na \u201eMarinarul\u201d"},"content":{"rendered":"<div class=\"x11i5rnm xat24cr x1mh8g0r x1vvkbs xtlvy1s x126k92a\">\n<div dir=\"auto\"><a href=\"https:\/\/www.cronicadeseverin.ro\/?attachment_id=7968\" rel=\"attachment wp-att-7968\"><img loading=\"lazy\" decoding=\"async\" class=\"aligncenter size-full wp-image-7968\" src=\"https:\/\/www.cronicadeseverin.ro\/wp-content\/uploads\/2023\/05\/f1.jpg\" alt=\"\" width=\"2048\" height=\"1536\" srcset=\"https:\/\/www.cronicadeseverin.ro\/wp-content\/uploads\/2023\/05\/f1.jpg 2048w, https:\/\/www.cronicadeseverin.ro\/wp-content\/uploads\/2023\/05\/f1-80x60.jpg 80w, https:\/\/www.cronicadeseverin.ro\/wp-content\/uploads\/2023\/05\/f1-300x225.jpg 300w, https:\/\/www.cronicadeseverin.ro\/wp-content\/uploads\/2023\/05\/f1-768x576.jpg 768w, https:\/\/www.cronicadeseverin.ro\/wp-content\/uploads\/2023\/05\/f1-800x600.jpg 800w, https:\/\/www.cronicadeseverin.ro\/wp-content\/uploads\/2023\/05\/f1-1536x1152.jpg 1536w, https:\/\/www.cronicadeseverin.ro\/wp-content\/uploads\/2023\/05\/f1-250x188.jpg 250w\" sizes=\"auto, (max-width: 2048px) 100vw, 2048px\" \/><\/a> <a href=\"https:\/\/www.cronicadeseverin.ro\/?attachment_id=7969\" rel=\"attachment wp-att-7969\"><img loading=\"lazy\" decoding=\"async\" class=\"alignright size-full wp-image-7969\" src=\"https:\/\/www.cronicadeseverin.ro\/wp-content\/uploads\/2023\/05\/f2.jpg\" alt=\"\" width=\"2048\" height=\"1536\" srcset=\"https:\/\/www.cronicadeseverin.ro\/wp-content\/uploads\/2023\/05\/f2.jpg 2048w, https:\/\/www.cronicadeseverin.ro\/wp-content\/uploads\/2023\/05\/f2-80x60.jpg 80w, https:\/\/www.cronicadeseverin.ro\/wp-content\/uploads\/2023\/05\/f2-300x225.jpg 300w, https:\/\/www.cronicadeseverin.ro\/wp-content\/uploads\/2023\/05\/f2-768x576.jpg 768w, https:\/\/www.cronicadeseverin.ro\/wp-content\/uploads\/2023\/05\/f2-800x600.jpg 800w, https:\/\/www.cronicadeseverin.ro\/wp-content\/uploads\/2023\/05\/f2-1536x1152.jpg 1536w, https:\/\/www.cronicadeseverin.ro\/wp-content\/uploads\/2023\/05\/f2-250x188.jpg 250w\" sizes=\"auto, (max-width: 2048px) 100vw, 2048px\" \/><\/a> <a href=\"https:\/\/www.cronicadeseverin.ro\/?attachment_id=7970\" rel=\"attachment wp-att-7970\"><img loading=\"lazy\" decoding=\"async\" class=\"alignright size-full wp-image-7970\" src=\"https:\/\/www.cronicadeseverin.ro\/wp-content\/uploads\/2023\/05\/f3.jpg\" alt=\"\" width=\"2048\" height=\"1536\" srcset=\"https:\/\/www.cronicadeseverin.ro\/wp-content\/uploads\/2023\/05\/f3.jpg 2048w, https:\/\/www.cronicadeseverin.ro\/wp-content\/uploads\/2023\/05\/f3-80x60.jpg 80w, https:\/\/www.cronicadeseverin.ro\/wp-content\/uploads\/2023\/05\/f3-300x225.jpg 300w, https:\/\/www.cronicadeseverin.ro\/wp-content\/uploads\/2023\/05\/f3-768x576.jpg 768w, https:\/\/www.cronicadeseverin.ro\/wp-content\/uploads\/2023\/05\/f3-800x600.jpg 800w, https:\/\/www.cronicadeseverin.ro\/wp-content\/uploads\/2023\/05\/f3-1536x1152.jpg 1536w, https:\/\/www.cronicadeseverin.ro\/wp-content\/uploads\/2023\/05\/f3-250x188.jpg 250w\" sizes=\"auto, (max-width: 2048px) 100vw, 2048px\" \/><\/a>F\u00e2nt\u00e2na \u201eMarinarul\u201d este redeschis\u0103, de ast\u0103zi, 23 mai a.c., dup\u0103 o serie de repara\u021bii pe care le-am realizat recent. Am \u00eenceput cu igienizarea bazinului, a conductelor \u0219i am \u00eenlocuit, acolo unde a fost nevoie, piesele necesare func\u021bion\u0103rii acestei f\u00e2nt\u00e2ni. \u00cen acela\u0219i timp am pornit \u0219i lucr\u0103rile la partea exterioar\u0103 a f\u00e2nt\u00e2nii, unde am renovat elementele decorative \u0219i am reconstruit por\u021biunile deteriorate. Am demarat un proiect pentru repararea tuturor f\u00e2nt\u00e2nilor din municipiu, iar acolo unde analizele indic\u0103 faptul c\u0103 apa este potabil\u0103, s\u0103 le oferim severinenilor surse de ap\u0103 de izvor, \u00een condi\u021bii de siguran\u021b\u0103.<\/div>\n<\/div>\n","protected":false},"excerpt":{"rendered":"<p>F&acirc;nt&acirc;na &bdquo;Marinarul&rdquo; este redeschis&#259;, de ast&#259;zi, 23 mai a.c., dup&#259; o serie de repara&#539;ii pe care le-am realizat recent. Am &icirc;nceput cu igienizarea bazinului, a conductelor &#537;i am &icirc;nlocuit, acolo unde a fost nevoie, piesele necesare func&#539;ion&#259;rii acestei f&acirc;nt&acirc;ni. &Icirc;n acela&#537;i timp am pornit &#537;i lucr&#259;rile la partea exterioar&#259; a f&acirc;nt&acirc;nii, unde am renovat elementele [&hellip;]<\/p>\n","protected":false},"author":1,"featured_media":7969,"comment_status":"open","ping_status":"open","sticky":false,"template":"","format":"standard","meta":{"footnotes":""},"categories":[7,4],"tags":[3342,3343,34,702],"class_list":["post-7967","post","type-post","status-publish","format-standard","has-post-thumbnail","hentry","category-interviu","category-stiri","tag-apa-potabila","tag-fantana-marinarul","tag-marius-screciu","tag-primar"],"_links":{"self":[{"href":"https:\/\/www.cronicadeseverin.ro\/index.php?rest_route=\/wp\/v2\/posts\/7967","targetHints":{"allow":["GET"]}}],"collection":[{"href":"https:\/\/www.cronicadeseverin.ro\/index.php?rest_route=\/wp\/v2\/posts"}],"about":[{"href":"https:\/\/www.cronicadeseverin.ro\/index.php?rest_route=\/wp\/v2\/types\/post"}],"author":[{"embeddable":true,"href":"https:\/\/www.cronicadeseverin.ro\/index.php?rest_route=\/wp\/v2\/users\/1"}],"replies":[{"embeddable":true,"href":"https:\/\/www.cronicadeseverin.ro\/index.php?rest_route=%2Fwp%2Fv2%2Fcomments&post=7967"}],"version-history":[{"count":1,"href":"https:\/\/www.cronicadeseverin.ro\/index.php?rest_route=\/wp\/v2\/posts\/7967\/revisions"}],"predecessor-version":[{"id":9541,"href":"https:\/\/www.cronicadeseverin.ro\/index.php?rest_route=\/wp\/v2\/posts\/7967\/revisions\/9541"}],"wp:featuredmedia":[{"embeddable":true,"href":"https:\/\/www.cronicadeseverin.ro\/index.php?rest_route=\/wp\/v2\/media\/7969"}],"wp:attachment":[{"href":"https:\/\/www.cronicadeseverin.ro\/index.php?rest_route=%2Fwp%2Fv2%2Fmedia&parent=7967"}],"wp:term":[{"taxonomy":"category","embeddable":true,"href":"https:\/\/www.cronicadeseverin.ro\/index.php?rest_route=%2Fwp%2Fv2%2Fcategories&post=7967"},{"taxonomy":"post_tag","embeddable":true,"href":"https:\/\/www.cronicadeseverin.ro\/index.php?rest_route=%2Fwp%2Fv2%2Ftags&post=7967"}],"curies":[{"name":"wp","href":"https:\/\/api.w.org\/{rel}","templated":true}]}}