{"id":7235,"date":"2022-01-11T08:17:20","date_gmt":"2022-01-11T08:17:20","guid":{"rendered":"http:\/\/www.cronicadeseverin.ro\/?p=7235"},"modified":"2022-01-11T08:17:20","modified_gmt":"2022-01-11T08:17:20","slug":"evaluare-post-covid-19-la-orsova","status":"publish","type":"post","link":"https:\/\/www.cronicadeseverin.ro\/?p=7235","title":{"rendered":"Evaluare POST COVID-19 la OR\u0218OVA"},"content":{"rendered":"<p><a href=\"https:\/\/www.cronicadeseverin.ro\/?attachment_id=7236\" rel=\"attachment wp-att-7236\"><img loading=\"lazy\" decoding=\"async\" class=\"alignright size-full wp-image-7236\" src=\"https:\/\/www.cronicadeseverin.ro\/wp-content\/uploads\/2022\/01\/DSC7042-Mica.jpg\" alt=\"\" width=\"720\" height=\"480\" srcset=\"https:\/\/www.cronicadeseverin.ro\/wp-content\/uploads\/2022\/01\/DSC7042-Mica.jpg 720w, https:\/\/www.cronicadeseverin.ro\/wp-content\/uploads\/2022\/01\/DSC7042-Mica-300x200.jpg 300w, https:\/\/www.cronicadeseverin.ro\/wp-content\/uploads\/2022\/01\/DSC7042-Mica-250x167.jpg 250w\" sizes=\"auto, (max-width: 720px) 100vw, 720px\" \/><\/a>Conducerea Spitalului Municipal Or\u0219ova v\u0103 comunic\u0103, c\u0103 \u00eencep\u00e2nd cu data de 17.01.2022 va \u00eencepe \u00een cadrul spitalului, o evaluare POST COVID-19, a tuturor pacien\u021bilor care au suferit de aceasta boal\u0103 \u0219i au fost interna\u021bi \u00een spitalul nostru sau se afl\u0103 \u00een eviden\u021bele medicilor de familie cu aceast\u0103 boal\u0103. Evaluarea va fi efectuat\u0103 f\u0103r\u0103 costuri de c\u0103tre medicii speciali\u0219ti ai Spitalului Municipal Or\u0219ova, medicii de familie, c\u00e2t \u0219i cu sprijinul altor medici speciali\u0219ti din alte spitale. Pentru a putea \u00eencepe aceast\u0103 evaluare, avem nevoie de acordul dumneavoastr\u0103, pe care \u00eel ve\u021bi transmite, prin intermediul SMS, WHATSAPP sau prin apel telefonic la num\u0103rul de telefon: 0786 050 673. R\u0103spunsul dumneavoastr\u0103 va fi transmis in termen de 5 zile de la data primirii prezentei adrese. \u00cen cazul \u00een care nu primim acordul dumneavoastr\u0103 prin formele mai sus men\u021bionate, \u00eenseamn\u0103 c\u0103 nu dori\u021bi aceast\u0103 evaluare POST COVID-19 \u0219i v\u0103 respect\u0103m decizia. Dac\u0103 ne ve\u021bi da acordul \u00een termenul de 5 zile de la data primirii acestei adrese, Spitalul Municipal din Or\u0219ova v\u0103 va transmite un SMS sau ve\u021bi fi apelat\/apelat\u0103 telefonic pentru a vi se comunica ziua \u0219i ora c\u00e2nd trebuie s\u0103 v\u0103 prezenta\u021bi \u00een Ambulatoriul de Specialitate al Spitalului Municipal Or\u0219ova.<br \/>\nANEXA Procedur\u0103 evaluare POST COVID-19<br \/>\n1.Dup\u0103 acordul dumneavostr\u0103 pentru evaluare, ve\u021bi primi SMS sau telefon cu data \u0219i ora la care s\u0103 v\u0103 prezenta\u021bi \u00een Ambulatoriul de Specialitate al Spitalului Municipal Or\u0219ova;<br \/>\n2.P\u00e2n\u0103 la data c\u00e2nd sunte\u021bi programat\/programat\u0103 pentru evaluare, va trebui s\u0103 merge\u021bi la medicul de familie pentru a cere bilet de trimitere \u00een vederea evalu\u0103rii POST COVID-19;<br \/>\n3.Cu biletul de trimitere, cardul de s\u0103n\u0103tate \u0219i cartea de identitate\/buletin, v\u0103 ve\u021bi prezenta la Spitalul Municipal Or\u0219ova ( triajul epidemiologic din fa\u021ba spitalului) \u00een data \u0219i la ora care vi s-a comunicat telefonic sau prin SMS.<br \/>\nA.SPECIALIT\u0102\u021aILE MEDICALE implicate \u00een evaluarea POST COVID-19:<br \/>\n-PNEUMOLOGIE, MEDICIN\u0102 INTERN\u0102; CARDIOLOGIE; RADIOLOGIE; MEDICIN\u0102 DE LABORATOR; DIABET ZAHARAT, BOLI METABOLICE \u0218I DE NUTRI\u021aIE; CHIRURGIE GENERAL\u0102; ORTOPEDIE-TRAUMATOLOGIE; DERMATOVENEROLOGIE; RECUPERARE MEDICAL\u0102, FIZIC\u0102 \u0218I BALNEOLOGIE; ORL; PEDIATRIE.<br \/>\nB.ANALIZE DE LABORATOR<br \/>\nC.ECOGRAFIE<br \/>\nD.EKG<br \/>\nE.RADIOGRAFIE (dac\u0103 medicii speciali\u0219ti vor constata c\u0103 este necesar un computer tomograf, acesta se va efectua cu titlul gratuit dup\u0103 o procedur\u0103 care se va comunica fiec\u0103rui pacient \u00een parte)<br \/>\nF.SPIROMETRIE.<br \/>\nEVALUAREA POST COVID-19 ESTE GRATUIT\u0102!<br \/>\nEVALUAREA POST COVID-19 SE ADRESEAZ\u0102 NUMAI ASIGURA\u021aILOR!<\/p>\n<p>V\u0102 DORIM MULT\u0102 S\u0102N\u0102TATE!<\/p>\n","protected":false},"excerpt":{"rendered":"<p>Conducerea Spitalului Municipal Or&#537;ova v&#259; comunic&#259;, c&#259; &icirc;ncep&acirc;nd cu data de 17.01.2022 va &icirc;ncepe &icirc;n cadrul spitalului, o evaluare POST COVID-19, a tuturor pacien&#539;ilor care au suferit de aceasta boal&#259; &#537;i au fost interna&#539;i &icirc;n spitalul nostru sau se afl&#259; &icirc;n eviden&#539;ele medicilor de familie cu aceast&#259; boal&#259;. Evaluarea va fi efectuat&#259; f&#259;r&#259; costuri de [&hellip;]<\/p>\n","protected":false},"author":1,"featured_media":7236,"comment_status":"open","ping_status":"open","sticky":false,"template":"","format":"standard","meta":{"footnotes":""},"categories":[4],"tags":[3137,61,3138,3139],"class_list":["post-7235","post","type-post","status-publish","format-standard","has-post-thumbnail","hentry","category-stiri","tag-evaluare","tag-orsova","tag-post-covid","tag-spital-municipal"],"_links":{"self":[{"href":"https:\/\/www.cronicadeseverin.ro\/index.php?rest_route=\/wp\/v2\/posts\/7235","targetHints":{"allow":["GET"]}}],"collection":[{"href":"https:\/\/www.cronicadeseverin.ro\/index.php?rest_route=\/wp\/v2\/posts"}],"about":[{"href":"https:\/\/www.cronicadeseverin.ro\/index.php?rest_route=\/wp\/v2\/types\/post"}],"author":[{"embeddable":true,"href":"https:\/\/www.cronicadeseverin.ro\/index.php?rest_route=\/wp\/v2\/users\/1"}],"replies":[{"embeddable":true,"href":"https:\/\/www.cronicadeseverin.ro\/index.php?rest_route=%2Fwp%2Fv2%2Fcomments&post=7235"}],"version-history":[{"count":0,"href":"https:\/\/www.cronicadeseverin.ro\/index.php?rest_route=\/wp\/v2\/posts\/7235\/revisions"}],"wp:featuredmedia":[{"embeddable":true,"href":"https:\/\/www.cronicadeseverin.ro\/index.php?rest_route=\/wp\/v2\/media\/7236"}],"wp:attachment":[{"href":"https:\/\/www.cronicadeseverin.ro\/index.php?rest_route=%2Fwp%2Fv2%2Fmedia&parent=7235"}],"wp:term":[{"taxonomy":"category","embeddable":true,"href":"https:\/\/www.cronicadeseverin.ro\/index.php?rest_route=%2Fwp%2Fv2%2Fcategories&post=7235"},{"taxonomy":"post_tag","embeddable":true,"href":"https:\/\/www.cronicadeseverin.ro\/index.php?rest_route=%2Fwp%2Fv2%2Ftags&post=7235"}],"curies":[{"name":"wp","href":"https:\/\/api.w.org\/{rel}","templated":true}]}}