{"id":7151,"date":"2021-11-11T12:46:08","date_gmt":"2021-11-11T12:46:08","guid":{"rendered":"http:\/\/www.cronicadeseverin.ro\/?p=7151"},"modified":"2021-11-11T12:46:08","modified_gmt":"2021-11-11T12:46:08","slug":"comandament-special-black-friday-la-anpc","status":"publish","type":"post","link":"https:\/\/www.cronicadeseverin.ro\/?p=7151","title":{"rendered":"Comandament Special Black Friday, la ANPC"},"content":{"rendered":"<p><a href=\"https:\/\/www.cronicadeseverin.ro\/?attachment_id=7152#main\" rel=\"attachment wp-att-7152\"><img loading=\"lazy\" decoding=\"async\" class=\"alignright size-full wp-image-7152\" src=\"https:\/\/www.cronicadeseverin.ro\/wp-content\/uploads\/2021\/11\/dolot.jpg\" alt=\"\" width=\"600\" height=\"469\" srcset=\"https:\/\/www.cronicadeseverin.ro\/wp-content\/uploads\/2021\/11\/dolot.jpg 600w, https:\/\/www.cronicadeseverin.ro\/wp-content\/uploads\/2021\/11\/dolot-300x235.jpg 300w, https:\/\/www.cronicadeseverin.ro\/wp-content\/uploads\/2021\/11\/dolot-250x195.jpg 250w\" sizes=\"auto, (max-width: 600px) 100vw, 600px\" \/><\/a>La ini\u021biativa Pre\u0219edintelui Autorit\u0103\u021bii Na\u021bionale pentru Protec\u021bia Consumatorilor (ANPC), Claudiu Dolot, a fost \u00eenfiin\u021bat <strong>Comandamentul Special Black Friday<\/strong>, care are drept scop supravegherea permanent\u0103, 24 din 24 de ore a ofertelor cu promo\u021bii, din aceast\u0103 perioad\u0103, indiferent de domeniu de activitate.<\/p>\n<p>Comandamentul, a c\u0103rui strategie de func\u021bionare a fost stabilit\u0103 \u00een urma unei videoconferin\u021be cu to\u021bi comisarii \u0219efi \u0219i comisarii \u0219efi adjunc\u021bi din \u021bar\u0103,\u00a0 este coordonat de Paul Anghel, Director General ANPC.<\/p>\n<p>\u201dAm decis \u00eenfiin\u021barea acestui comandament dup\u0103 ce am v\u0103zut rezultatele controalelor de zilele trecute, la cei care au \u201dfurat startul\u201d campaniei de reduceri. A\u0219a cum am spus de fiecare dat\u0103, manifest\u0103m <strong>TOLERAN\u021a\u0102 ZERO<\/strong> fa\u021b\u0103 de orice abatere de le legisla\u021bia \u00een domeniu. Parte a campaniei \u201dProtec\u021bia Consumatorilor nu se negociaz\u0103!\u201d, ne dorim ca acest comandament s\u0103 \u00eempiedice transformarea lui Black Friday \u00een Ziua P\u0103c\u0103lellilor\u201d, <strong>a declarat Claudiu Dolot<\/strong>.<\/p>\n<p>Reamintim consumatorilor c\u0103 v\u00e2nz\u0103rile cu pre\u021b redus, indiferent de tipul acestora (soldare, lichidare, v\u00e2nz\u0103ri promo\u021bionale) trebuie s\u0103 respecte o serie de reguli de fixare \u0219i publicitate a pre\u021burilor.<\/p>\n<p>Astfel, orice comerciant care anun\u021b\u0103 o reducere de pre\u021b trebuie s\u0103 o raporteze la pre\u021bul de referin\u021b\u0103 practicat \u00een acela\u0219i spa\u021biu de v\u00e2nzare pentru produse identice. <strong>Pre\u021bul redus trebuie s\u0103 fie inferior pre\u021bului de referin\u021b\u0103. <\/strong><\/p>\n<p><strong>Pre\u021bul de referin\u021b\u0103<\/strong> reprezint\u0103 <strong>cel mai sc\u0103zut pre\u021b practicat \u00een acela\u0219i spa\u021biu de v\u00e2nzare \u00een perioada ultimelor 30 de zile<\/strong>, \u00eenainte de data aplic\u0103rii pre\u021bului redus.<br \/>\n\u00cen acest context, ANPC a pus la dispozi\u021bia consumatorilor din toat\u0103 \u021bara o adres\u0103 de e-mail dedicat\u0103, <a href=\"mailto:bf@anpc.ro\">bf@anpc.ro<\/a>, la care \u00eei invit\u0103 pe to\u021bi cet\u0103\u021benii care constat\u0103 orice neregul\u0103 legat\u0103 de promo\u021biile din aceast\u0103 perioad\u0103 s\u0103 scrie, s\u0103 trimit\u0103 fotografii sau orice document consider c\u0103 ne poate fi de folos \u00een demersul nostru, \u00een slujba lor.<\/p>\n","protected":false},"excerpt":{"rendered":"<p>La ini&#539;iativa Pre&#537;edintelui Autorit&#259;&#539;ii Na&#539;ionale pentru Protec&#539;ia Consumatorilor (ANPC), Claudiu Dolot, a fost &icirc;nfiin&#539;at Comandamentul Special Black Friday, care are drept scop supravegherea permanent&#259;, 24 din 24 de ore a ofertelor cu promo&#539;ii, din aceast&#259; perioad&#259;, indiferent de domeniu de activitate. Comandamentul, a c&#259;rui strategie de func&#539;ionare a fost stabilit&#259; &icirc;n urma unei videoconferin&#539;e cu [&hellip;]<\/p>\n","protected":false},"author":1,"featured_media":7152,"comment_status":"open","ping_status":"open","sticky":false,"template":"","format":"standard","meta":{"footnotes":""},"categories":[4],"tags":[2943,3088,3089,3087,3091,320,3090],"class_list":["post-7151","post","type-post","status-publish","format-standard","has-post-thumbnail","hentry","category-stiri","tag-2943","tag-autoritatea-nationala-pentru-protectia-consumatorilor","tag-black-friday","tag-claudiu-dolot","tag-comandament-special","tag-presedinte","tag-toleranta-zero"],"_links":{"self":[{"href":"https:\/\/www.cronicadeseverin.ro\/index.php?rest_route=\/wp\/v2\/posts\/7151","targetHints":{"allow":["GET"]}}],"collection":[{"href":"https:\/\/www.cronicadeseverin.ro\/index.php?rest_route=\/wp\/v2\/posts"}],"about":[{"href":"https:\/\/www.cronicadeseverin.ro\/index.php?rest_route=\/wp\/v2\/types\/post"}],"author":[{"embeddable":true,"href":"https:\/\/www.cronicadeseverin.ro\/index.php?rest_route=\/wp\/v2\/users\/1"}],"replies":[{"embeddable":true,"href":"https:\/\/www.cronicadeseverin.ro\/index.php?rest_route=%2Fwp%2Fv2%2Fcomments&post=7151"}],"version-history":[{"count":0,"href":"https:\/\/www.cronicadeseverin.ro\/index.php?rest_route=\/wp\/v2\/posts\/7151\/revisions"}],"wp:featuredmedia":[{"embeddable":true,"href":"https:\/\/www.cronicadeseverin.ro\/index.php?rest_route=\/wp\/v2\/media\/7152"}],"wp:attachment":[{"href":"https:\/\/www.cronicadeseverin.ro\/index.php?rest_route=%2Fwp%2Fv2%2Fmedia&parent=7151"}],"wp:term":[{"taxonomy":"category","embeddable":true,"href":"https:\/\/www.cronicadeseverin.ro\/index.php?rest_route=%2Fwp%2Fv2%2Fcategories&post=7151"},{"taxonomy":"post_tag","embeddable":true,"href":"https:\/\/www.cronicadeseverin.ro\/index.php?rest_route=%2Fwp%2Fv2%2Ftags&post=7151"}],"curies":[{"name":"wp","href":"https:\/\/api.w.org\/{rel}","templated":true}]}}