{"id":7047,"date":"2021-09-26T15:02:16","date_gmt":"2021-09-26T15:02:16","guid":{"rendered":"http:\/\/www.cronicadeseverin.ro\/?p=7047"},"modified":"2021-09-26T15:02:16","modified_gmt":"2021-09-26T15:02:16","slug":"fasolea-si-feng-shui-ul","status":"publish","type":"post","link":"https:\/\/www.cronicadeseverin.ro\/?p=7047","title":{"rendered":"Fasolea \u0219i Feng-shui-ul"},"content":{"rendered":"<p>Nici nu s-a uscat bine batista p\u0103 \u021bambal, cum z\u00eece mucalitul, c\u0103 la nivel d\u0103 \u0219efi la jandarmi e nasoal\u0103 r\u0103u treaba. Fostul comandant, domn Manole, p\u0103 care s-a sup\u0103rat legea secretului d\u0103 stat, a mai primit o prelungire la pedeaps\u0103, \u0219i a adunat 2 ani d\u0103 supraveghere. Asta nu conteaz\u0103, conteaz\u0103 c\u0103 b\u0103t\u0103lia pentru scaunul d\u0103 boss a cunoscut \u0219i cunoa\u0219te senza\u021bii p\u0103 care numai tanti Buruian\u0103 a lui Ambrozie, de la popot\u0103, le poate povesti. De aceea, Pinguinu cu musta\u021b\u0103 a luat leg\u0103tura cu consiliera dumneaei, care ne-a povestit, de-a fir a p\u0103r, cum ieste mai egzact situa\u021biunea: \u201eCona\u0219ule, ce s\u0103-\u021bi spui, jale mare, nu s-a l\u0103sat cu lacrimi pentru fostul, c\u0103 n-am avut timp nici s\u0103 ne sp\u0103l\u0103m p\u0103 fa\u021b\u0103, c\u0103 noul comandant a zbierat d\u0103 la poart\u0103 s\u0103 se bage fasolea la muiat, c\u0103 e gros ciolanul, \u0219i dureaz\u0103, c\u0103 e rost d\u0103 comenduire p\u0103 bune. Dup\u0103 care s-a dus glon\u021b \u00een biroul fostului \u0219i, cu o schem\u0103-n m\u00een\u0103 d\u0103 feng\u0219ui d-\u0103la, a \u00eenceput s\u0103 a\u0219eze polii bun\u0103st\u0103rii, scaunul d\u0103 \u0219ef \u0219i tabloul p\u0103 peretele spre care apune Soarele, ca s\u0103-l vaz\u0103 lumea ce oichelari termopla\u021bi cu vedere nocturn\u0103 d\u0103 comandant are. \u0218i, c\u00eend toat\u0103 lumea s\u0103 preg\u0103tea s\u0103 fug\u0103 la popot\u0103, cu lingura-ntr-o m\u00een\u0103 \u0219i felciit\u0103rile \u00een alta, s-a auzit un trosnet d\u0103 scaun pr\u0103bu\u0219it sub emo\u021bia unei ve\u0219ti proaste. Probabil c\u0103 Fostul, \u00een timp ce s\u0103 preg\u0103tea s\u0103 se suie-n scaunu fostului ailalt \u0219ef, al cu supravegherea, a dobor\u00eet, d\u00een neaten\u021bie nedisimulat\u0103, telefonul d\u0103 serviciu, dup\u0103 care s-a aprins un buton galben, c\u0103 \u0103la ro\u0219u e spart, \u0219i o voce suav\u0103 d\u0103 p\u0103s\u0103ric\u0103 proasp\u0103t avansat\u0103 l-a \u00een\u0219tiin\u021bat s\u0103 scoat\u0103 fasolea d\u0103 la muiat \u0219i s-o termine cu fen\u0219uiul, c\u0103 ie\u0219ea fum alb p\u0103 ferestrele biroului de-au crezut vecinii pompierii c\u0103 a dat f\u0103suiu-n foc, nu alta&#8230; A\u0219a c\u0103 musiu a e\u0219it \u00een pragu u\u0219ii \u0219i a strigat s\u0103 se scoat\u0103 fasolea d\u0103 la muiat, c\u0103 pl\u00eenge ciolanul \u0219i nu e bine.<br \/>\nDup\u0103 care, convins fiind c\u0103 e o victim\u0103 a sistemului, a \u00eempreunat m\u00eeinile \u0219i a rostit un suav \u201eMihaela, dragostea mea!\u201d, aluzie evident\u0103 la prost\u0103nacul na\u021bional.<br \/>\nD\u0103 undeva din spatele cl\u0103dirilor administrative, Actualul r\u00eedea par\u0219iv c-o h\u00eertie-n m\u00een\u0103, p\u0103 care scria \u201edeta\u0219at la Craiova\u201d, semn c\u0103 feng\u0219uiul care-a sc\u0103pat p\u0103 geamul \u0219efului era dereglat.<br \/>\n\u0218i dac\u0103 tot nu v-a\u021bi l\u0103murit care-i treaba cu Craiova, v\u0103 mai spunem c\u0103 nici Actualul nu st\u0103 mai bine, mai cu sam\u0103 c\u0103 prin octombrie anul trecut striga-n gura mare c\u0103 nu au ce c\u0103uta fotbaliatorii oltenii la Severin p\u0103 stadion, c\u0103 fac g\u0103l\u0103gie \u0219i stric\u0103, probabil, feng\u0219uiul care-a devenit ORDIN, nu alta.<br \/>\nUna peste alte, Pinguinu cu musta\u021b\u0103 a decis s\u0103 lase, pentru un timp, fasolea la o parte, c\u0103 are efecte adverse asupra feng\u0219uiului d\u00een toate punctele d\u0103 vedere, \u0219i dac\u0103, Doamne fere\u0219te!, abuzezi de ea, te pa\u0219te-un transfer d\u0103 toat\u0103 frumuse\u021bea.<br \/>\nPINGUINU CU MUSTA\u021a\u0102<\/p>\n","protected":false},"excerpt":{"rendered":"<p>Nici nu s-a uscat bine batista p&#259; &#539;ambal, cum z&icirc;ce mucalitul, c&#259; la nivel d&#259; &#537;efi la jandarmi e nasoal&#259; r&#259;u treaba. Fostul comandant, domn Manole, p&#259; care s-a sup&#259;rat legea secretului d&#259; stat, a mai primit o prelungire la pedeaps&#259;, &#537;i a adunat 2 ani d&#259; supraveghere. Asta nu conteaz&#259;, conteaz&#259; c&#259; b&#259;t&#259;lia pentru [&hellip;]<\/p>\n","protected":false},"author":1,"featured_media":0,"comment_status":"open","ping_status":"open","sticky":false,"template":"","format":"standard","meta":{"footnotes":""},"categories":[826],"tags":[3026,3025,3027,2493,3024,475],"class_list":["post-7047","post","type-post","status-publish","format-standard","hentry","category-coltu-pinguinului-2","tag-actualul","tag-conas","tag-fostul","tag-jandarmi","tag-mihaela","tag-pinguinu-cu-mustata"],"_links":{"self":[{"href":"https:\/\/www.cronicadeseverin.ro\/index.php?rest_route=\/wp\/v2\/posts\/7047","targetHints":{"allow":["GET"]}}],"collection":[{"href":"https:\/\/www.cronicadeseverin.ro\/index.php?rest_route=\/wp\/v2\/posts"}],"about":[{"href":"https:\/\/www.cronicadeseverin.ro\/index.php?rest_route=\/wp\/v2\/types\/post"}],"author":[{"embeddable":true,"href":"https:\/\/www.cronicadeseverin.ro\/index.php?rest_route=\/wp\/v2\/users\/1"}],"replies":[{"embeddable":true,"href":"https:\/\/www.cronicadeseverin.ro\/index.php?rest_route=%2Fwp%2Fv2%2Fcomments&post=7047"}],"version-history":[{"count":0,"href":"https:\/\/www.cronicadeseverin.ro\/index.php?rest_route=\/wp\/v2\/posts\/7047\/revisions"}],"wp:attachment":[{"href":"https:\/\/www.cronicadeseverin.ro\/index.php?rest_route=%2Fwp%2Fv2%2Fmedia&parent=7047"}],"wp:term":[{"taxonomy":"category","embeddable":true,"href":"https:\/\/www.cronicadeseverin.ro\/index.php?rest_route=%2Fwp%2Fv2%2Fcategories&post=7047"},{"taxonomy":"post_tag","embeddable":true,"href":"https:\/\/www.cronicadeseverin.ro\/index.php?rest_route=%2Fwp%2Fv2%2Ftags&post=7047"}],"curies":[{"name":"wp","href":"https:\/\/api.w.org\/{rel}","templated":true}]}}