{"id":6807,"date":"2021-05-13T16:25:04","date_gmt":"2021-05-13T16:25:04","guid":{"rendered":"http:\/\/www.cronicadeseverin.ro\/?p=6807"},"modified":"2021-06-13T16:52:37","modified_gmt":"2021-06-13T16:52:37","slug":"anunt-3","status":"publish","type":"post","link":"https:\/\/www.cronicadeseverin.ro\/?p=6807","title":{"rendered":"ANUN\u021a"},"content":{"rendered":"<p><strong><a href=\"https:\/\/www.cronicadeseverin.ro\/?attachment_id=5411\" rel=\"attachment wp-att-5411\"><img loading=\"lazy\" decoding=\"async\" class=\"size-medium wp-image-5411 alignright\" src=\"https:\/\/www.cronicadeseverin.ro\/wp-content\/uploads\/2020\/04\/DSC2985-300x200.jpg\" alt=\"\" width=\"300\" height=\"200\" srcset=\"https:\/\/www.cronicadeseverin.ro\/wp-content\/uploads\/2020\/04\/DSC2985-300x200.jpg 300w, https:\/\/www.cronicadeseverin.ro\/wp-content\/uploads\/2020\/04\/DSC2985-768x512.jpg 768w, https:\/\/www.cronicadeseverin.ro\/wp-content\/uploads\/2020\/04\/DSC2985-250x167.jpg 250w, https:\/\/www.cronicadeseverin.ro\/wp-content\/uploads\/2020\/04\/DSC2985.jpg 1024w\" sizes=\"auto, (max-width: 300px) 100vw, 300px\" \/><\/a>R.N.P. ROMSILVA \u2013ADMINISTRA\u021aIA PARCULUI\u00a0 NATURAL POR\u021aILE DE FIER R.A. <\/strong><strong>, cu sediul la punctul de lucru din str.Centrul Civic\u00a0 nr.2, loc.Or\u015fova, jud.Mehedin\u0163i, organizeaz\u0103 \u00een data de 24.05.2021 ora 10 :00, la sediul s\u0103u, examen\/concurs pentru ocuparea unui post vacant de ranger cu atribu\u021bii de turism pentru punctul de lucru PI Coronini, pentru o perioad\u0103 determinat\u0103<\/strong><strong>.\u00a0\u00a0\u00a0\u00a0\u00a0\u00a0\u00a0\u00a0\u00a0\u00a0\u00a0\u00a0\u00a0\u00a0\u00a0\u00a0\u00a0\u00a0\u00a0\u00a0\u00a0\u00a0\u00a0\u00a0\u00a0\u00a0\u00a0\u00a0\u00a0\u00a0\u00a0\u00a0\u00a0\u00a0\u00a0\u00a0\u00a0\u00a0\u00a0\u00a0\u00a0\u00a0\u00a0\u00a0\u00a0\u00a0\u00a0\u00a0\u00a0\u00a0\u00a0\u00a0\u00a0\u00a0\u00a0\u00a0\u00a0\u00a0\u00a0\u00a0\u00a0\u00a0\u00a0\u00a0\u00a0\u00a0\u00a0\u00a0\u00a0\u00a0\u00a0\u00a0\u00a0\u00a0\u00a0\u00a0\u00a0\u00a0\u00a0\u00a0\u00a0\u00a0\u00a0\u00a0\u00a0\u00a0\u00a0\u00a0\u00a0\u00a0\u00a0\u00a0\u00a0\u00a0\u00a0\u00a0\u00a0\u00a0\u00a0\u00a0\u00a0\u00a0\u00a0\u00a0\u00a0\u00a0\u00a0 \u00a0\u00a0\u00a0\u00a0\u00a0\u00a0\u00a0\u00a0\u00a0\u00a0\u00a0\u00a0\u00a0\u00a0\u00a0\u00a0\u00a0\u00a0\u00a0\u00a0\u00a0\u00a0\u00a0\u00a0\u00a0<\/strong><\/p>\n<p><strong>Termenul de depunere a dosarelor pentru \u00eenscriere este data de 21.05.2021 orele 12:00.\u00a0\u00a0\u00a0\u00a0\u00a0\u00a0\u00a0\u00a0\u00a0\u00a0\u00a0\u00a0\u00a0\u00a0\u00a0\u00a0\u00a0\u00a0\u00a0\u00a0\u00a0\u00a0 <\/strong><\/p>\n<p><strong>Rela\u021bii suplimentare la sediul cu <\/strong><strong>punctul de lucru din\u00a0 str.Centrul Civic\u00a0 nr.2, loc.Or\u015fova, jud.Mehedin\u0163i<\/strong><strong> sau la telefonul 0252-360511.<\/strong><\/p>\n","protected":false},"excerpt":{"rendered":"<p>R.N.P. ROMSILVA &ndash;ADMINISTRA&#538;IA PARCULUI&nbsp; NATURAL POR&#538;ILE DE FIER R.A. , cu sediul la punctul de lucru din str.Centrul Civic&nbsp; nr.2, loc.Or&#351;ova, jud.Mehedin&#355;i, organizeaz&#259; &icirc;n data de 24.05.2021 ora 10 :00, la sediul s&#259;u, examen\/concurs pentru ocuparea unui post vacant de ranger cu atribu&#539;ii de turism pentru punctul de lucru PI Coronini, pentru o perioad&#259; determinat&#259;.&nbsp;&nbsp;&nbsp;&nbsp;&nbsp;&nbsp;&nbsp;&nbsp;&nbsp;&nbsp;&nbsp;&nbsp;&nbsp;&nbsp;&nbsp;&nbsp;&nbsp;&nbsp;&nbsp;&nbsp;&nbsp;&nbsp;&nbsp;&nbsp;&nbsp;&nbsp;&nbsp;&nbsp;&nbsp;&nbsp;&nbsp;&nbsp;&nbsp;&nbsp;&nbsp;&nbsp;&nbsp;&nbsp;&nbsp;&nbsp;&nbsp;&nbsp;&nbsp;&nbsp;&nbsp;&nbsp;&nbsp;&nbsp;&nbsp;&nbsp;&nbsp;&nbsp;&nbsp;&nbsp;&nbsp;&nbsp;&nbsp;&nbsp;&nbsp;&nbsp;&nbsp;&nbsp;&nbsp;&nbsp;&nbsp;&nbsp;&nbsp;&nbsp;&nbsp;&nbsp;&nbsp;&nbsp;&nbsp;&nbsp;&nbsp;&nbsp;&nbsp;&nbsp;&nbsp;&nbsp;&nbsp;&nbsp;&nbsp;&nbsp;&nbsp;&nbsp;&nbsp;&nbsp;&nbsp;&nbsp;&nbsp;&nbsp;&nbsp;&nbsp;&nbsp;&nbsp;&nbsp;&nbsp;&nbsp;&nbsp;&nbsp;&nbsp;&nbsp;&nbsp;&nbsp;&nbsp;&nbsp; [&hellip;]<\/p>\n","protected":false},"author":1,"featured_media":5411,"comment_status":"open","ping_status":"open","sticky":false,"template":"","format":"standard","meta":{"footnotes":""},"categories":[4],"tags":[2877,1727,61,2878,2819,2820],"class_list":["post-6807","post","type-post","status-publish","format-standard","has-post-thumbnail","hentry","category-stiri","tag-administratia-parcului-natural-portile-de-fier-sa","tag-anunt","tag-orsova","tag-post-vacant","tag-ranger","tag-rnp-romsilva"],"_links":{"self":[{"href":"https:\/\/www.cronicadeseverin.ro\/index.php?rest_route=\/wp\/v2\/posts\/6807","targetHints":{"allow":["GET"]}}],"collection":[{"href":"https:\/\/www.cronicadeseverin.ro\/index.php?rest_route=\/wp\/v2\/posts"}],"about":[{"href":"https:\/\/www.cronicadeseverin.ro\/index.php?rest_route=\/wp\/v2\/types\/post"}],"author":[{"embeddable":true,"href":"https:\/\/www.cronicadeseverin.ro\/index.php?rest_route=\/wp\/v2\/users\/1"}],"replies":[{"embeddable":true,"href":"https:\/\/www.cronicadeseverin.ro\/index.php?rest_route=%2Fwp%2Fv2%2Fcomments&post=6807"}],"version-history":[{"count":0,"href":"https:\/\/www.cronicadeseverin.ro\/index.php?rest_route=\/wp\/v2\/posts\/6807\/revisions"}],"wp:featuredmedia":[{"embeddable":true,"href":"https:\/\/www.cronicadeseverin.ro\/index.php?rest_route=\/wp\/v2\/media\/5411"}],"wp:attachment":[{"href":"https:\/\/www.cronicadeseverin.ro\/index.php?rest_route=%2Fwp%2Fv2%2Fmedia&parent=6807"}],"wp:term":[{"taxonomy":"category","embeddable":true,"href":"https:\/\/www.cronicadeseverin.ro\/index.php?rest_route=%2Fwp%2Fv2%2Fcategories&post=6807"},{"taxonomy":"post_tag","embeddable":true,"href":"https:\/\/www.cronicadeseverin.ro\/index.php?rest_route=%2Fwp%2Fv2%2Ftags&post=6807"}],"curies":[{"name":"wp","href":"https:\/\/api.w.org\/{rel}","templated":true}]}}