{"id":6788,"date":"2021-05-10T14:16:54","date_gmt":"2021-05-10T14:16:54","guid":{"rendered":"http:\/\/www.cronicadeseverin.ro\/?p=6788"},"modified":"2021-05-10T14:16:54","modified_gmt":"2021-05-10T14:16:54","slug":"material-lemnos-fara-documente-de-transport-confiscat-de-politisti","status":"publish","type":"post","link":"https:\/\/www.cronicadeseverin.ro\/?p=6788","title":{"rendered":"Material lemnos, f\u0103r\u0103 documente de transport, confiscat de poli\u021bi\u0219ti"},"content":{"rendered":"<p><a href=\"https:\/\/www.cronicadeseverin.ro\/?attachment_id=6789#main\" rel=\"attachment wp-att-6789\"><img loading=\"lazy\" decoding=\"async\" class=\"alignright size-medium wp-image-6789\" src=\"https:\/\/www.cronicadeseverin.ro\/wp-content\/uploads\/2021\/05\/4098d78b-766e-44d0-b9c9-20c41b73986a-300x225.jpeg\" alt=\"\" width=\"300\" height=\"225\" srcset=\"https:\/\/www.cronicadeseverin.ro\/wp-content\/uploads\/2021\/05\/4098d78b-766e-44d0-b9c9-20c41b73986a-300x225.jpeg 300w, https:\/\/www.cronicadeseverin.ro\/wp-content\/uploads\/2021\/05\/4098d78b-766e-44d0-b9c9-20c41b73986a-80x60.jpeg 80w, https:\/\/www.cronicadeseverin.ro\/wp-content\/uploads\/2021\/05\/4098d78b-766e-44d0-b9c9-20c41b73986a-768x576.jpeg 768w, https:\/\/www.cronicadeseverin.ro\/wp-content\/uploads\/2021\/05\/4098d78b-766e-44d0-b9c9-20c41b73986a-1536x1152.jpeg 1536w, https:\/\/www.cronicadeseverin.ro\/wp-content\/uploads\/2021\/05\/4098d78b-766e-44d0-b9c9-20c41b73986a-1024x768.jpeg 1024w, https:\/\/www.cronicadeseverin.ro\/wp-content\/uploads\/2021\/05\/4098d78b-766e-44d0-b9c9-20c41b73986a-250x188.jpeg 250w, https:\/\/www.cronicadeseverin.ro\/wp-content\/uploads\/2021\/05\/4098d78b-766e-44d0-b9c9-20c41b73986a.jpeg 1600w\" sizes=\"auto, (max-width: 300px) 100vw, 300px\" \/><\/a>La data de 08.05.2021, poli\u021bi\u0219tii ora\u0219ului Baia de Aram\u0103 \u00een colaborare cu Sec\u021bia 4 Poli\u021bie Rural\u0103 au depistat, \u00een trafic, un b\u0103rbat din jude\u021bul Gorj \u00een timp ce transporta cu un autotren, material lemnos, f\u0103r\u0103 a de\u021bine documente de transport. Poli\u021bi\u0219tii au ridicat \u00een vederea confic\u0103rii aproximativ 6,5 mc de material lemnos, care a fost l\u0103sat \u00een custodia reprezenta\u021bilor Ocolului Silvic. Conduc\u0103torul auto a fost sanc\u021bionat contraventional pentru nerespectarea prevederilor Lg 171\/2010, cu amend\u0103 \u00een valoare de 3.000 de lei.<\/p>\n","protected":false},"excerpt":{"rendered":"<p>La data de 08.05.2021, poli&#539;i&#537;tii ora&#537;ului Baia de Aram&#259; &icirc;n colaborare cu Sec&#539;ia 4 Poli&#539;ie Rural&#259; au depistat, &icirc;n trafic, un b&#259;rbat din jude&#539;ul Gorj &icirc;n timp ce transporta cu un autotren, material lemnos, f&#259;r&#259; a de&#539;ine documente de transport. Poli&#539;i&#537;tii au ridicat &icirc;n vederea confic&#259;rii aproximativ 6,5 mc de material lemnos, care a fost [&hellip;]<\/p>\n","protected":false},"author":1,"featured_media":6789,"comment_status":"open","ping_status":"open","sticky":false,"template":"","format":"standard","meta":{"footnotes":""},"categories":[4],"tags":[2638,803,2859,2860,2858],"class_list":["post-6788","post","type-post","status-publish","format-standard","has-post-thumbnail","hentry","category-stiri","tag-confiscare","tag-gorj","tag-material-lemnos","tag-ocol-silvic","tag-transport"],"_links":{"self":[{"href":"https:\/\/www.cronicadeseverin.ro\/index.php?rest_route=\/wp\/v2\/posts\/6788","targetHints":{"allow":["GET"]}}],"collection":[{"href":"https:\/\/www.cronicadeseverin.ro\/index.php?rest_route=\/wp\/v2\/posts"}],"about":[{"href":"https:\/\/www.cronicadeseverin.ro\/index.php?rest_route=\/wp\/v2\/types\/post"}],"author":[{"embeddable":true,"href":"https:\/\/www.cronicadeseverin.ro\/index.php?rest_route=\/wp\/v2\/users\/1"}],"replies":[{"embeddable":true,"href":"https:\/\/www.cronicadeseverin.ro\/index.php?rest_route=%2Fwp%2Fv2%2Fcomments&post=6788"}],"version-history":[{"count":0,"href":"https:\/\/www.cronicadeseverin.ro\/index.php?rest_route=\/wp\/v2\/posts\/6788\/revisions"}],"wp:featuredmedia":[{"embeddable":true,"href":"https:\/\/www.cronicadeseverin.ro\/index.php?rest_route=\/wp\/v2\/media\/6789"}],"wp:attachment":[{"href":"https:\/\/www.cronicadeseverin.ro\/index.php?rest_route=%2Fwp%2Fv2%2Fmedia&parent=6788"}],"wp:term":[{"taxonomy":"category","embeddable":true,"href":"https:\/\/www.cronicadeseverin.ro\/index.php?rest_route=%2Fwp%2Fv2%2Fcategories&post=6788"},{"taxonomy":"post_tag","embeddable":true,"href":"https:\/\/www.cronicadeseverin.ro\/index.php?rest_route=%2Fwp%2Fv2%2Ftags&post=6788"}],"curies":[{"name":"wp","href":"https:\/\/api.w.org\/{rel}","templated":true}]}}