{"id":6491,"date":"2021-03-09T14:34:48","date_gmt":"2021-03-09T14:34:48","guid":{"rendered":"http:\/\/www.cronicadeseverin.ro\/?p=6491"},"modified":"2021-04-17T16:56:27","modified_gmt":"2021-04-17T16:56:27","slug":"nu-mi-se-pare-normal-sa-ducem-gunoiul-la-strehaia","status":"publish","type":"post","link":"https:\/\/www.cronicadeseverin.ro\/?p=6491","title":{"rendered":"\u201eNu mi se pare normal s\u0103 ducem gunoiul la STREHAIA!\u201d"},"content":{"rendered":"<p>afirm\u0103 MARIAN R\u0102DUCAN, primarul din \u0218i\u0219e\u0219ti<\/p>\n<p><a href=\"https:\/\/www.cronicadeseverin.ro\/?attachment_id=6493\" rel=\"attachment wp-att-6493\"><img loading=\"lazy\" decoding=\"async\" class=\"size-medium wp-image-6493 alignleft\" src=\"https:\/\/www.cronicadeseverin.ro\/wp-content\/uploads\/2021\/03\/DSC7394-Medie-300x200.jpg\" alt=\"\" width=\"300\" height=\"200\" srcset=\"https:\/\/www.cronicadeseverin.ro\/wp-content\/uploads\/2021\/03\/DSC7394-Medie-300x200.jpg 300w, https:\/\/www.cronicadeseverin.ro\/wp-content\/uploads\/2021\/03\/DSC7394-Medie-768x512.jpg 768w, https:\/\/www.cronicadeseverin.ro\/wp-content\/uploads\/2021\/03\/DSC7394-Medie-1024x683.jpg 1024w, https:\/\/www.cronicadeseverin.ro\/wp-content\/uploads\/2021\/03\/DSC7394-Medie-250x167.jpg 250w, https:\/\/www.cronicadeseverin.ro\/wp-content\/uploads\/2021\/03\/DSC7394-Medie.jpg 1152w\" sizes=\"auto, (max-width: 300px) 100vw, 300px\" \/><\/a><\/p>\n<p>-Ave\u021bi gunoi. Ce face\u021bi cu el?<br \/>\n-Dup\u0103 cum bine \u0219ti\u021bi, comuna \u0218i\u0219e\u0219ti, \u00eencep\u00e2nd cu anul 2009, a accesat fonduri \u00een cadrul Proiectului IPA BRCT Timi\u0219oara \u00een colaborare cu Prim\u0103ria Mosna, prin care fiecare localitate a fost dotat\u0103 cu ma\u0219in\u0103 de colectat de\u0219euri, tractor, remorc\u0103, pubele, containere a 1100 litri, 60 de puncte de colectare per total, \u00een fiecare sat, avem o pres\u0103 de balotat PET-urile \u0219i de\u0219eurile din plastic, un toc\u0103tor pentru resturile vegetale. \u00cen momentul de fa\u021b\u0103 avem serviciul autofinan\u021bat \u00een cadrul Prim\u0103riei, prin care colect\u0103m s\u0103pt\u0103m\u00e2nal de\u0219eurile \u0219i le ducem la groapa de gunoi Brantner de la Drobeta Turnu Severin, pentru care achit\u0103m \u0219i suntem la zi cu toate taxele. \u00cen momentul de fa\u021b\u0103 se afl\u0103 \u00een derulare sau ar trebui s\u0103 fie \u00een implementare proiectul de colectare a de\u0219eurilor la nivelul jude\u021bului Mehedin\u021bi. Din c\u00e2te ni s-a comunicat, \u00eencep\u00eend cu data de 1 ianuarie pentru zona noastr\u0103 ar fi operatorul SC FLORA, cu care am avut dou\u0103 \u00eent\u00e2lniri \u0219i am stabilit ce ar fi de f\u0103cut, dar p\u00e2n\u0103 c\u00e2nd va fi opera\u021bional, \u00een momentul de fa\u021b\u0103 mergem \u00een continuare pe serviciul propriu de colectare a de\u0219eurilor. Este o problem\u0103 \u00een ceea ce prive\u0219te implementarea \u00een cadrul proiectului jude\u021bean pentru faptul c\u0103 nu \u0219tiu din ce cauz\u0103 localitatea \u0218i\u0219e\u0219ti este arondat\u0103 la depozitul de la Strehaia. Va trebui s\u0103 clarific acest lucru, nu mi se pare normal s\u0103 ducem gunoiul de la Cr\u0103guie\u0219ti 60 km p\u00e2n\u0103 la Strehaia, pe c\u00e2nd de la Cr\u0103guie\u0219ti la Malov\u0103\u021b sunt 12 km. Aceea\u0219i situa\u021bie este \u0219i la Noapte\u0219a. Am avut o \u00eent\u00e2lnire \u0219i cu domnul Cojocaru, pre\u0219edinte ADIS Mehedin\u021bi, am explicat acest lucru, am r\u0103mas s\u0103 purt\u0103m o discu\u021bie cu operatorul FLORA, cu domnul pre\u0219edinte Aladin Georgescu, pentru a stabili ceva, pentru c\u0103 \u00een momentul de fa\u021b\u0103 \u00eenc\u0103 nu am emis hot\u0103r\u00e2rea \u00een acest sens privind colectarea de\u0219eurilor cu operatorul desemnat care a c\u00e2\u0219tigat licita\u021bia \u00een cadrul ADIS. Eu m-a\u0219 bucura ca proiectul s\u0103 \u00eenceap\u0103 \u00een cadru<a href=\"https:\/\/www.cronicadeseverin.ro\/?attachment_id=6492\" rel=\"attachment wp-att-6492\"><img loading=\"lazy\" decoding=\"async\" class=\"size-medium wp-image-6492 alignright\" src=\"https:\/\/www.cronicadeseverin.ro\/wp-content\/uploads\/2021\/03\/DSC7387-Medie-300x200.jpg\" alt=\"\" width=\"300\" height=\"200\" srcset=\"https:\/\/www.cronicadeseverin.ro\/wp-content\/uploads\/2021\/03\/DSC7387-Medie-300x200.jpg 300w, https:\/\/www.cronicadeseverin.ro\/wp-content\/uploads\/2021\/03\/DSC7387-Medie-768x512.jpg 768w, https:\/\/www.cronicadeseverin.ro\/wp-content\/uploads\/2021\/03\/DSC7387-Medie-1024x683.jpg 1024w, https:\/\/www.cronicadeseverin.ro\/wp-content\/uploads\/2021\/03\/DSC7387-Medie-250x167.jpg 250w, https:\/\/www.cronicadeseverin.ro\/wp-content\/uploads\/2021\/03\/DSC7387-Medie.jpg 1152w\" sizes=\"auto, (max-width: 300px) 100vw, 300px\" \/><\/a>l jude\u021bului Mehedin\u021bi, pentru faptul c\u0103, a\u0219a cum spuneam, am avut o \u00eentrrevedere cu operatorul FLORA \u0219i vom veni \u00een sprijinul lor cu infarstructura pe care noi o avem.<br \/>\n-Bun. FLORA r\u0103spunde de aceast\u0103 zon\u0103, ave\u021bi utilaje luate pe fonduri europene pentru colectare \u0219i toate opera\u021biile. De ce mai ave\u021bi nevoie de FLORA, atunci?<br \/>\n-\u00cen anul 2009 c\u00e2nd s-a f\u0103cut proiectul de c\u0103tre Consiliul Jude\u021bean Mehedin\u021bi trebuiau s\u0103 fac\u0103 parte din el toate UAT-urile din jude\u021b, conform legisla\u021biei europene; dac\u0103 una dintre localit\u0103\u021bi nu f\u0103cea parte, nu emitea hot\u0103r\u00e2rea, \u0219i nu se puteau accesa fondurile \u00een valoare de 25 milioane de euro; \u00een contractul de aderere la timpul respectiv, comuna \u0218i\u0219e\u0219ti a precizat c\u0103 are proiect \u00een derulare \u0219i \u00ee\u0219i rezerv\u0103 dreptul s\u0103 organizeze serviciul public de colectare a de\u0219eurilor \u00een cadrul Prim\u0103riei. \u00cen condi\u021biile \u00een care operatorul vine cu oferta convenabil\u0103 suntem dispu\u0219i s\u0103 colabor\u0103m cu el&#8230;<br \/>\n-Trei sferturi din UAT-urile jude\u021bului nu au pubele \u0219i nu-i intereseaz\u0103 colectarea de\u0219eurilor sau colectarea selectiv\u0103&#8230;<br \/>\n-Avem 240 de pubele a o ton\u0103, 700 europubele a 150 de litri la gospod\u0103rii, mai pu\u021bin la Noapte\u0219a \u0219i C\u0103r\u0103rmidaru, c\u0103 nu am mai achizi\u021bionat din serviciul propriu \u00een speran\u021ba c\u0103 se va pune \u00een aplicare proiectul Consiliului Jude\u021bean. Cum v\u0103 spuneam, noi avem datorit\u0103 proiectului pe care l-am f\u0103cut.<br \/>\n-Operatorul desemnat pe zon\u0103 poate m\u0103ri pre\u021bul?<br \/>\n-Normal, poate s\u0103 m\u0103reasc\u0103 pre\u021bul f\u0103r\u0103 niciun fel de problem\u0103. Voi \u0219ti s\u0103 emit o hot\u0103r\u00e2re, s\u0103 calcul\u0103m pre\u021bul \u0219i dac\u0103 ne ducem \u00een actul constitutiv al asocia\u021biei, prim\u0103ria \u0218i\u0219e\u0219ti \u00ee\u0219i rezerv\u0103 dreptul s\u0103 p\u0103streze pre\u021bul \u0219i chiar s\u0103 nu \u00eencas\u0103m noi pentru operator.<br \/>\n-Sunte\u021bi preg\u0103tit pentru colectarea selectiv\u0103 a de\u0219eurilor?<br \/>\n-Cred c\u0103 va fi o mare problem\u0103, nu numai la \u0218i\u0219e\u0219ti, o spun din experien\u021ba de 12 ani. Avem c\u00e2te 4 eurocontainere \u00een care cet\u0103\u021benii puteau pune pe categorii de\u0219eurile. Am fost nevoi\u021bi s\u0103 reducem la 2 sau chiar 3 pentru c\u0103 cet\u0103\u021benii niciodat\u0103 nu au f\u0103cut colectare selectiv\u0103 \u0219i \u00een punctul de colectare erau o ton\u0103 de gunoaie, \u00een loc s\u0103 fie \u00eentr-un container f\u0103ceam 4 opera\u021biuni. Va fi o mare problem\u0103, dar p\u00e2n\u0103 nu se va veni cu stimularea popula\u021biei, nu cu sanc\u021biuni, c\u0103 nu se rezolv\u0103 nimic, eu am \u00eencercat s\u0103 stimulez popula\u021bia s\u0103 colecteze selectiv, s\u0103-i scad la taxa de gunoi instituit\u0103 din 2012, lucru pe care nu l-am reu\u0219it&#8230; Eu cred c\u0103 dac\u0103 se va face un sistem pe care l-am avut p\u00e2n\u0103 \u00een 1989, sistem aplicabil \u201e\u00een afar\u0103\u201d, cet\u0103\u021beanul s\u0103 poat\u0103 s\u0103 duc\u0103 PET-uri la magazinul de unde cump\u0103r\u0103, pe o garan\u021bie \u0219i s\u0103 primeasc\u0103 un bon, nu bani, care s\u0103 fie sc\u0103zut, a\u0219a v\u0103d eu solu\u021bia&#8230; Abia dup\u0103 aceea s\u0103 aplic\u0103m sanc\u021biunile. Dac\u0103 vom merge pe sanc\u021biuni niciodat\u0103 nu vom rezolva. Nu aplic\u0103 sanc\u021biuni Prim\u0103ria, Garda de Mediu, pentru c\u0103 Garda de Mediu va amenda prim\u0103riile \u0219i ce-am rezolvat? Va trebui, \u00eencep\u00eend de la \u0219coal\u0103, de la magazine, s\u0103 facem educa\u021bie, munca de achizi\u021bie respectiv\u0103, de la baterii la de\u0219eurile care sunt. Modelul cel mai concret este \u00een 1989 c\u00e2nd erau cei 3R Reciclare-Recuperare-Refolosire&#8230;<br \/>\n-Ave\u021bi utilaje de tocat \u0219i balotat. De ce nu vinde\u021bi gunoiul, c\u0103 este o afacere?<br \/>\n-Pentru c\u0103 \u00een momentul de fa\u021b\u0103 costurile pe care noi le-am face cu colectarea, separarea, t\u0103ierea, presarea, energia consumat\u0103, salar<a href=\"https:\/\/www.cronicadeseverin.ro\/?attachment_id=6494\" rel=\"attachment wp-att-6494\"><img loading=\"lazy\" decoding=\"async\" class=\"size-medium wp-image-6494 alignright\" src=\"https:\/\/www.cronicadeseverin.ro\/wp-content\/uploads\/2021\/03\/DSC7402-Medie-300x200.jpg\" alt=\"\" width=\"300\" height=\"200\" srcset=\"https:\/\/www.cronicadeseverin.ro\/wp-content\/uploads\/2021\/03\/DSC7402-Medie-300x200.jpg 300w, https:\/\/www.cronicadeseverin.ro\/wp-content\/uploads\/2021\/03\/DSC7402-Medie-768x512.jpg 768w, https:\/\/www.cronicadeseverin.ro\/wp-content\/uploads\/2021\/03\/DSC7402-Medie-1024x683.jpg 1024w, https:\/\/www.cronicadeseverin.ro\/wp-content\/uploads\/2021\/03\/DSC7402-Medie-250x167.jpg 250w, https:\/\/www.cronicadeseverin.ro\/wp-content\/uploads\/2021\/03\/DSC7402-Medie.jpg 1152w\" sizes=\"auto, (max-width: 300px) 100vw, 300px\" \/><\/a>iile oamenilor, ar dep\u0103\u0219i cu mult valoarea gunoaielor. \u0218i pentru c\u0103 vine Curtea de Conturi \u0219i-\u021bi imput\u0103.<br \/>\n-C\u00e2t cost\u0103 o ridicare de container, care sunt cheltuielile \u00een \u0218i\u0219e\u0219ti?<br \/>\nla noi, la o singur\u0103 treccere, s\u0103pt\u0103m\u00e2nal, \u00een toate localit\u0103\u021bile apar\u021bin\u0103toare, se adun\u0103 cam 16 tone gunoi, \u0219i cheltuim undeva la 2000 lei pe serviciul propriu. Foarte mult, pentru c\u0103 cet\u0103\u021benii nu sunt preg\u0103ti\u021bi, dup\u0103 at\u00e2\u021bia ani de zile, \u0219i duc tot felul de de\u0219euri, cenu\u0219\u0103, cocenii, ramurile, mai ales prim\u0103vara, la containerele de 1100 litri pe care noi le ducem la groapa de gunoi.<\/p>\n<p>St. JUST<\/p>\n","protected":false},"excerpt":{"rendered":"<p>afirm&#259; MARIAN R&#258;DUCAN, primarul din &#536;i&#537;e&#537;ti -Ave&#539;i gunoi. Ce face&#539;i cu el? -Dup&#259; cum bine &#537;ti&#539;i, comuna &#536;i&#537;e&#537;ti, &icirc;ncep&acirc;nd cu anul 2009, a accesat fonduri &icirc;n cadrul Proiectului IPA BRCT Timi&#537;oara &icirc;n colaborare cu Prim&#259;ria Mosna, prin care fiecare localitate a fost dotat&#259; cu ma&#537;in&#259; de colectat de&#537;euri, tractor, remorc&#259;, pubele, containere a 1100 litri, [&hellip;]<\/p>\n","protected":false},"author":1,"featured_media":6493,"comment_status":"open","ping_status":"open","sticky":false,"template":"","format":"standard","meta":{"footnotes":""},"categories":[7],"tags":[2747,164,702,2748,165,1768],"class_list":["post-6491","post","type-post","status-publish","format-standard","has-post-thumbnail","hentry","category-interviu","tag-gunoi","tag-marian-raducan","tag-primar","tag-serviciu-de-salubritate","tag-sisesti","tag-strehaia"],"_links":{"self":[{"href":"https:\/\/www.cronicadeseverin.ro\/index.php?rest_route=\/wp\/v2\/posts\/6491","targetHints":{"allow":["GET"]}}],"collection":[{"href":"https:\/\/www.cronicadeseverin.ro\/index.php?rest_route=\/wp\/v2\/posts"}],"about":[{"href":"https:\/\/www.cronicadeseverin.ro\/index.php?rest_route=\/wp\/v2\/types\/post"}],"author":[{"embeddable":true,"href":"https:\/\/www.cronicadeseverin.ro\/index.php?rest_route=\/wp\/v2\/users\/1"}],"replies":[{"embeddable":true,"href":"https:\/\/www.cronicadeseverin.ro\/index.php?rest_route=%2Fwp%2Fv2%2Fcomments&post=6491"}],"version-history":[{"count":0,"href":"https:\/\/www.cronicadeseverin.ro\/index.php?rest_route=\/wp\/v2\/posts\/6491\/revisions"}],"wp:featuredmedia":[{"embeddable":true,"href":"https:\/\/www.cronicadeseverin.ro\/index.php?rest_route=\/wp\/v2\/media\/6493"}],"wp:attachment":[{"href":"https:\/\/www.cronicadeseverin.ro\/index.php?rest_route=%2Fwp%2Fv2%2Fmedia&parent=6491"}],"wp:term":[{"taxonomy":"category","embeddable":true,"href":"https:\/\/www.cronicadeseverin.ro\/index.php?rest_route=%2Fwp%2Fv2%2Fcategories&post=6491"},{"taxonomy":"post_tag","embeddable":true,"href":"https:\/\/www.cronicadeseverin.ro\/index.php?rest_route=%2Fwp%2Fv2%2Ftags&post=6491"}],"curies":[{"name":"wp","href":"https:\/\/api.w.org\/{rel}","templated":true}]}}