{"id":6460,"date":"2021-02-09T13:05:45","date_gmt":"2021-02-09T13:05:45","guid":{"rendered":"http:\/\/www.cronicadeseverin.ro\/?p=6460"},"modified":"2021-02-09T18:16:09","modified_gmt":"2021-02-09T18:16:09","slug":"cine-face-cont-fals-pe-facebook-sau-pe-alta-retea-de-socializare-este-considerat-infractor","status":"publish","type":"post","link":"https:\/\/www.cronicadeseverin.ro\/?p=6460","title":{"rendered":"Cine face cont fals pe Facebook sau pe alt\u0103 re\u021bea de socializare este considerat  infractor"},"content":{"rendered":"<p>\u00cenalta Curte de Casa\u021bie \u0219i Justi\u021bie prin completul pentru dezlegarea unor chestiuni de drept a decis c\u0103 este infrac\u021biune fapta unei persoane de a deschide \u0219i utiliza un cont pe o re\u021bea de socializare pe numele unei alte persoane.\u00a0 <a href=\"https:\/\/www.cronicadeseverin.ro\/?attachment_id=6475\" rel=\"attachment wp-att-6475\"><img loading=\"lazy\" decoding=\"async\" class=\" wp-image-6475 alignright\" src=\"https:\/\/www.cronicadeseverin.ro\/wp-content\/uploads\/2021\/02\/f_logo_RGB-Hex-Blue_5121-300x300.png\" alt=\"\" width=\"124\" height=\"124\" srcset=\"https:\/\/www.cronicadeseverin.ro\/wp-content\/uploads\/2021\/02\/f_logo_RGB-Hex-Blue_5121-300x300.png 300w, https:\/\/www.cronicadeseverin.ro\/wp-content\/uploads\/2021\/02\/f_logo_RGB-Hex-Blue_5121-150x150.png 150w, https:\/\/www.cronicadeseverin.ro\/wp-content\/uploads\/2021\/02\/f_logo_RGB-Hex-Blue_5121-250x250.png 250w, https:\/\/www.cronicadeseverin.ro\/wp-content\/uploads\/2021\/02\/f_logo_RGB-Hex-Blue_5121.png 512w\" sizes=\"auto, (max-width: 124px) 100vw, 124px\" \/><\/a><\/p>\n<p>Completul pentru dezlegarea unor chestiuni de drept de la \u00cenalta Curte de Casa\u0163ie \u0219i Justi\u0163ie a decis c\u0103 este infrac\u0163iune fapta unei persoane de a deschide \u0219i utiliza un cont pe o re\u0163ea de socializare pe numele unei alte persoane, unde sunt postate f\u0103r\u0103 acordul acesteia informa\u0163ii, fotografii \u0219i imagini video. \u201eDac\u0103 fapta de a deschide \u0219i utiliza un cont pe o re\u0163ea de socializare deschis\u0103 publicului (re\u0163ea care nu solicit\u0103 dovezi din care s\u0103 reias\u0103 folosirea numelui real de c\u0103tre de\u0163in\u0103torul unui cont), furniz\u00e2nd ca nume de utilizator numele unei alte persoane \u0219i introduc\u00e2nd date reale viz\u00e2nd aceast\u0103 persoan\u0103 (informa\u0163ii, fotografii, imagini video etc.) realizeaz\u0103 condi\u0163iile de tipicitate ale infrac\u0163iunii de fals informatic, prev\u0103zut\u0103 de art. 325 din Codul penal, cu referire la cerin\u0163ele ca ac\u0163iunea de introducere a unor date informatice s\u0103 fie realizat\u0103 f\u0103r\u0103 drept \u0219i, respectiv, s\u0103 aib\u0103 ca rezultat date necorespunz\u0103toare adev\u0103rului\u201d.<\/p>\n<p>Instan\u0163a suprem\u0103 a decis \u00een acest caz c\u0103 este infrac\u0163iune fapta unei persoane de a deschide \u0219i utiliza un cont pe o re\u0163ea de socializare pe numele unei alte persoane, f\u0103r\u0103 acordul acesteia. \u201eFapta de a deschide \u0219i utiliza un cont pe o re\u0163ea de socializare deschis\u0103 publicului, folosind ca nume de utilizator numele unei alte persoane \u0219i introduc\u00e2nd date personale reale care permit identificarea acesteia, \u00eentrune\u0219te dou\u0103 dintre cerin\u0163ele esen\u0163iale ale infrac\u0163iunii de fals informatic, respectiv cea ca ac\u0163iunea de introducere a datelor informatice s\u0103 fie realizat\u0103 f\u0103r\u0103 drept \u0219i cea ca ac\u0163iunea de introducere a datelor informatice s\u0103 aib\u0103 ca rezultat date necorespunz\u0103toare adev\u0103rului\u201d.<\/p>\n","protected":false},"excerpt":{"rendered":"<p>&Icirc;nalta Curte de Casa&#539;ie &#537;i Justi&#539;ie prin completul pentru dezlegarea unor chestiuni de drept a decis c&#259; este infrac&#539;iune fapta unei persoane de a deschide &#537;i utiliza un cont pe o re&#539;ea de socializare pe numele unei alte persoane.&nbsp; Completul pentru dezlegarea unor chestiuni de drept de la &Icirc;nalta Curte de Casa&#355;ie &#537;i Justi&#355;ie a [&hellip;]<\/p>\n","protected":false},"author":1,"featured_media":6475,"comment_status":"open","ping_status":"open","sticky":false,"template":"","format":"standard","meta":{"footnotes":""},"categories":[4],"tags":[2735,1053,2738,2739,2736,2737],"class_list":["post-6460","post","type-post","status-publish","format-standard","has-post-thumbnail","hentry","category-stiri","tag-cont-fals","tag-facebook","tag-inalta-curte-de-casatie-si-justitie","tag-infractiune","tag-pedeapsa","tag-retea"],"_links":{"self":[{"href":"https:\/\/www.cronicadeseverin.ro\/index.php?rest_route=\/wp\/v2\/posts\/6460","targetHints":{"allow":["GET"]}}],"collection":[{"href":"https:\/\/www.cronicadeseverin.ro\/index.php?rest_route=\/wp\/v2\/posts"}],"about":[{"href":"https:\/\/www.cronicadeseverin.ro\/index.php?rest_route=\/wp\/v2\/types\/post"}],"author":[{"embeddable":true,"href":"https:\/\/www.cronicadeseverin.ro\/index.php?rest_route=\/wp\/v2\/users\/1"}],"replies":[{"embeddable":true,"href":"https:\/\/www.cronicadeseverin.ro\/index.php?rest_route=%2Fwp%2Fv2%2Fcomments&post=6460"}],"version-history":[{"count":0,"href":"https:\/\/www.cronicadeseverin.ro\/index.php?rest_route=\/wp\/v2\/posts\/6460\/revisions"}],"wp:featuredmedia":[{"embeddable":true,"href":"https:\/\/www.cronicadeseverin.ro\/index.php?rest_route=\/wp\/v2\/media\/6475"}],"wp:attachment":[{"href":"https:\/\/www.cronicadeseverin.ro\/index.php?rest_route=%2Fwp%2Fv2%2Fmedia&parent=6460"}],"wp:term":[{"taxonomy":"category","embeddable":true,"href":"https:\/\/www.cronicadeseverin.ro\/index.php?rest_route=%2Fwp%2Fv2%2Fcategories&post=6460"},{"taxonomy":"post_tag","embeddable":true,"href":"https:\/\/www.cronicadeseverin.ro\/index.php?rest_route=%2Fwp%2Fv2%2Ftags&post=6460"}],"curies":[{"name":"wp","href":"https:\/\/api.w.org\/{rel}","templated":true}]}}