{"id":6413,"date":"2021-01-22T09:40:50","date_gmt":"2021-01-22T09:40:50","guid":{"rendered":"http:\/\/www.cronicadeseverin.ro\/?p=6413"},"modified":"2021-01-22T09:41:17","modified_gmt":"2021-01-22T09:41:17","slug":"nici-puscaria-nu-mai-e-ce-a-fost-2","status":"publish","type":"post","link":"https:\/\/www.cronicadeseverin.ro\/?p=6413","title":{"rendered":"Nici pu\u0219c\u0103ria nu mai e ce-a fost!"},"content":{"rendered":"<p><a href=\"https:\/\/www.cronicadeseverin.ro\/?attachment_id=6414\" rel=\"attachment wp-att-6414\"><img loading=\"lazy\" decoding=\"async\" class=\"size-medium wp-image-6414 alignright\" src=\"https:\/\/www.cronicadeseverin.ro\/wp-content\/uploads\/2021\/01\/puscarie-300x260.jpg\" alt=\"\" width=\"300\" height=\"260\" srcset=\"https:\/\/www.cronicadeseverin.ro\/wp-content\/uploads\/2021\/01\/puscarie-300x260.jpg 300w, https:\/\/www.cronicadeseverin.ro\/wp-content\/uploads\/2021\/01\/puscarie-250x216.jpg 250w, https:\/\/www.cronicadeseverin.ro\/wp-content\/uploads\/2021\/01\/puscarie.jpg 630w\" sizes=\"auto, (max-width: 300px) 100vw, 300px\" \/><\/a>Camera Deputa\u021bilor a adoptat, \u00een ultima \u0219edin\u021b\u0103 de plen a acestei legislaturi, legea ini\u021biat\u0103 de deputatul PSD C\u0103t\u0103lin R\u0103dulescu &#8211; \u201dMitralier\u0103\u201d, care \u00eei scap\u0103 de \u00eenchisoare pe cei inculpa\u021bi pentru evaziune fiscal\u0103 dac\u0103 prejudiciul este p\u00e2n\u0103 la 100.000 de euro \u0219i dac\u0103 \u00eel achit\u0103 integral. Proiectul a fost depus \u00een 2017 pe vremea c\u00e2nd Liviu Dragnea era \u0219eful Camerei Deputa\u021bilor \u0219i a fost declarat neconstitu\u021bional de judec\u0103torii CCR.Legea mai spune c\u0103 dac\u0103 inculpa\u021bii pentru evaziune fiscal\u0103 dau \u0219i 20% \u00een plus fa\u021b\u0103 de prejudiciul creat, fapta nu se mai pedepse\u0219te deloc, indiferent de cuantumul evaziunii.<br \/>\nProiectul de lege prevede:<br \/>\nart. 10, alin. (1) \u00cen cazul s\u0103v\u00e2r\u0219irii unei infrac\u0163iuni de evaziune fiscal\u0103 prev\u0103zute la art. 8 \u0219i 9, dac\u0103 \u00een cursul urm\u0103ririi penale sau al judec\u0103\u0163ii, prejudiciul cauzat este acoperit integral, iar valoarea acestuia nu dep\u0103\u0219e\u0219te 100.000 euro, \u00een echivalentul monedei na\u0163ionale, se poate aplica pedeapsa cu amend\u0103. Dac\u0103 prejudiciul cauzat \u0219i recuperat \u00een acelea\u0219i condi\u0163ii este de p\u00e2n\u0103 la 50.000 euro, \u00een echivalentul monedei na\u0163ionale, se aplic\u0103 pedeapsa cu amenda.<br \/>\n\u00cen cazul s\u0103v\u00e2r\u0219irii uneia dintre infrac\u021biunile prev\u0103zute la art. 8 \u0219i 9, dac\u0103 \u00een cursul urm\u0103ririi penale sau \u00een cursul judec\u0103\u021bii p\u00e2n\u0103 la pronun\u021barea unei hot\u0103r\u00e2ri judec\u0103tore\u0219ti definitive, prejudiciul produs prin comiterea faptei, majorat cu 20% din baza de calcul, la care se adaug\u0103 dob\u00e2nzile \u0219i penalit\u0103\u021bile este acoperit integral, fapta nu se mai pedepse\u0219te, f\u0103c\u00e2ndu-se aplicarea dispozi\u021biilor art. 16 alin. (1) lit. h) din Legea nr.135\/2010 privind Codul de procedur\u0103 penal\u0103, cu modific\u0103rile \u0219i complet\u0103rile ulterioare;<br \/>\nDispozi\u021biile prezentului articol se aplic\u0103 tuturor inculpa\u021bilor chiar dac\u0103 nu au contribuit la acoperirea prejudiciului prev\u0103zut la alin.(1) \u0219i (1 prim).<br \/>\nProiectul a fost depus \u00een 2017 pe vremea c\u00e2nd Liviu Dragnea era \u0219eful Camerei Deputa\u021bilor \u0219i a fost declarat neconstitu\u021bional de judec\u0103torii CCR. Parlamentul a adoptat proiectul \u00een 2018, cu voturile PSD, ALDE \u0219i UDMR dar legea a fost atacat\u0103 la Curtea Constitu\u021bional\u0103 de PNL, USR \u0219i PMP.<\/p>\n","protected":false},"excerpt":{"rendered":"<p>Camera Deputa&#539;ilor a adoptat, &icirc;n ultima &#537;edin&#539;&#259; de plen a acestei legislaturi, legea ini&#539;iat&#259; de deputatul PSD C&#259;t&#259;lin R&#259;dulescu &ndash; &rdquo;Mitralier&#259;&rdquo;, care &icirc;i scap&#259; de &icirc;nchisoare pe cei inculpa&#539;i pentru evaziune fiscal&#259; dac&#259; prejudiciul este p&acirc;n&#259; la 100.000 de euro &#537;i dac&#259; &icirc;l achit&#259; integral. Proiectul a fost depus &icirc;n 2017 pe vremea c&acirc;nd Liviu [&hellip;]<\/p>\n","protected":false},"author":1,"featured_media":6414,"comment_status":"open","ping_status":"open","sticky":false,"template":"","format":"standard","meta":{"footnotes":""},"categories":[4],"tags":[],"class_list":["post-6413","post","type-post","status-publish","format-standard","has-post-thumbnail","hentry","category-stiri"],"_links":{"self":[{"href":"https:\/\/www.cronicadeseverin.ro\/index.php?rest_route=\/wp\/v2\/posts\/6413","targetHints":{"allow":["GET"]}}],"collection":[{"href":"https:\/\/www.cronicadeseverin.ro\/index.php?rest_route=\/wp\/v2\/posts"}],"about":[{"href":"https:\/\/www.cronicadeseverin.ro\/index.php?rest_route=\/wp\/v2\/types\/post"}],"author":[{"embeddable":true,"href":"https:\/\/www.cronicadeseverin.ro\/index.php?rest_route=\/wp\/v2\/users\/1"}],"replies":[{"embeddable":true,"href":"https:\/\/www.cronicadeseverin.ro\/index.php?rest_route=%2Fwp%2Fv2%2Fcomments&post=6413"}],"version-history":[{"count":0,"href":"https:\/\/www.cronicadeseverin.ro\/index.php?rest_route=\/wp\/v2\/posts\/6413\/revisions"}],"wp:featuredmedia":[{"embeddable":true,"href":"https:\/\/www.cronicadeseverin.ro\/index.php?rest_route=\/wp\/v2\/media\/6414"}],"wp:attachment":[{"href":"https:\/\/www.cronicadeseverin.ro\/index.php?rest_route=%2Fwp%2Fv2%2Fmedia&parent=6413"}],"wp:term":[{"taxonomy":"category","embeddable":true,"href":"https:\/\/www.cronicadeseverin.ro\/index.php?rest_route=%2Fwp%2Fv2%2Fcategories&post=6413"},{"taxonomy":"post_tag","embeddable":true,"href":"https:\/\/www.cronicadeseverin.ro\/index.php?rest_route=%2Fwp%2Fv2%2Ftags&post=6413"}],"curies":[{"name":"wp","href":"https:\/\/api.w.org\/{rel}","templated":true}]}}