{"id":6082,"date":"2020-09-25T12:35:05","date_gmt":"2020-09-25T12:35:05","guid":{"rendered":"http:\/\/www.cronicadeseverin.ro\/?p=6082"},"modified":"2020-09-25T12:35:05","modified_gmt":"2020-09-25T12:35:05","slug":"ion-cupa-candidatul-pmp-la-functia-de-presedinte-al-consiliului-judetean-mehedinti-prin-investitii-strategice-in-turism-voi-scoate-mehedintiul-din-starea-de-judet-asistat","status":"publish","type":"post","link":"https:\/\/www.cronicadeseverin.ro\/?p=6082","title":{"rendered":"Ion CUP\u0102, candidatul PMP la func\u021bia de pre\u0219edinte al Consiliului Jude\u021bean Mehedin\u021bi: \u201dPrin investi\u021bii strategice \u00een turism voi scoate Mehedin\u021biul din starea de jude\u021b asistat\u201d"},"content":{"rendered":"<p>\u201d<strong>Prin investi\u021bii strategice \u00een turism voi scoate Mehedin\u021biul din starea de jude\u021b asistat<\/strong>\u201d<\/p>\n<p>&nbsp;<\/p>\n<p>Mehedin\u021biul are toate datele pentru a fi un jude\u021b prosper valorific\u00e2nd, fie \u0219i numai poten\u021bialul s\u0103u turistic extraordinar.<\/p>\n<p>Avem 195 de km de Dun\u0103re, cu minunata sa Clisur\u0103, avem toate formele de relief distribuite \u00een propor\u021bii aproximativ egale, monumente naturale(Cazanele \u0219i V\u00eerful lui Stan), avem lacuri superbe, avem tradi\u021bii excep\u021bionale, avem vestigii istorice de care unii si-au b\u0103tut joc(Podul lui Traian), avem Mraconia cu chipul lui Decebal, avem rezerva\u021bii naturale unice, avem construc\u021bii tehnice gigantice(hidrocentralele Portile de Fier I \u0219i II), avem fenomene carstice \u0219i pe\u0219teri, avem biserici vechi \u0219i m\u00e2n\u0103stiri, avem peste 20 de personalit\u0103\u021bi exceptionale care apar\u021bin acestor locuri(\u00eei amintesc, cu scuzele de rigoare, doar pe \u0218tefan Odobleja- p\u0103rintele mondial al ciberneticii \u0219i Gheorghe \u021ai\u021beica- matematician de talie mondial\u0103)<\/p>\n<p>Putem avea toate tipurile de turism \u00een Mehedin\u021bi:Turism istoric, turism sportiv, turism ecumenic, turism culinar, turism etnografic, turism de aventur\u0103, turism de relaxare, turism balneologic(avem 9 localit\u0103\u021bi cu ape minerale sulfuroase at\u00e2t de benefice pentru s\u0103n\u0103tate)\u0219i lista ar putea continua.<\/p>\n<p>St\u0103m cu m\u00e2na \u00eentins\u0103 la guvern, an dup\u0103 an,\u00een loc s\u0103 construim strategia c\u00e2\u0219tig\u0103toare \u00een materie de turism.<\/p>\n<p><strong>\u00a0<\/strong><strong>Cum reu\u0219im?<\/strong><\/p>\n<p>\u00cen primul rand aleg\u00e2nd \u00een func\u021bii de decizie politic\u0103 si administrativ\u0103 lideri cu viziune, conduc\u0103tori foarte harnici care s\u0103 confirme,prin activitatea lor,simbolul albinei \u00eencastrat \u00een heraldica jude\u021bului nostru.O \u0219ans\u0103 de neratat \u00een acest sens o avem chiar duminic\u0103 27 septembrie.<\/p>\n<p>Ca pre\u0219edinte al Consiliului Jude\u021bean voi construi \u00eempreun\u0103 cu primarul municipiului Drobeta Turnu Severin, cu al\u021bi conduc\u0103tori de UAT-uri din jude\u021b o Strategie Integrat\u0103 de Turism pe c\u00e2teva aliniamente principale:modernizarea \u0219i dezvoltarea portului(pierdem zeci de mii de turi\u0219ti anual pentru c\u0103 nu facem acest lucru), dezvoltarea infrastructurii turistice( inclusiv printr-un lobby profesionist pentru atragerea investi\u021biilor str\u0103ine directe, inclusiv \u00een zona de munte a Mehedin\u021biului), \u00eenscrierea pe platformele marilor turoperatori interna\u021bionali, \u00a0un film profesionist de prezentare a jude\u021bului adaptat diferitelor culturi ale lumii, construc\u021bia unei platforme regionale care s\u0103 promoveze obiectivele turistice din Mehedin\u021bi, corelate cu obiective din alte jude\u021be apropiate.<\/p>\n<p>De ce nu am face o serie de circuite turistice inteligente prin care\u00a0 turi\u0219tilor care vin\u00a0 pe Dun\u0103re la Severin s\u0103 le fie facilitat\u0103 vizitarea la T\u00e2rgu Jiu a Ansamblului Monumental br\u00e2ncu\u0219ian \u201dCalea Eroilor\u201d cu celebra Coloan\u0103 f\u0103r\u0103 de Sf\u00e2rsit, unic \u00een lume \u0219i care va deveni, anul viitor probabil, parte a patrimoniului\u00a0 UNESCO?!<\/p>\n<p>Am fost unul dintre ini\u021biatorii legii prin care am \u00eenfiin\u021bat Muzeul National \u201dConstantin Br\u00e2ncusi\u201d\u0219i cred c\u0103 ar fi \u00een interesul tuturor s\u0103 promov\u0103m acest atu unic- crea\u021bia \u0219i povestea br\u00e2ncu\u0219ian\u0103-\u00a0 pe care \u00eel avem \u00een regiune.<\/p>\n<p>\u00cen acela\u0219i timp, preocuparea mea va fi ca \u00een cooperare\u00a0 cu \u0219coli occidentale specializate \u00een industria ospitalit\u0103\u021bii s\u0103 preg\u0103tim profesioni\u0219ti \u00een aceste servicii. De ce nu am avea la Drobeta Turnu Severin un centru al <em>Ecole HotelierLausanne<\/em>, cea mai bun\u0103 \u0219coal\u0103 elve\u021bian\u0103 din domeniul ospitalit\u0103\u021bii?!<\/p>\n<p>Solu\u021bii sunt.Important este s\u0103 urm\u0103rim cu consecven\u021b\u0103 implementarea lor \u00een\u00a0 baza unei planific\u0103ri strategice \u0219i a unui consens local absolut necesar dezvolt\u0103rii jude\u021bului \u0219i \u00een acest domeniu.<\/p>\n","protected":false},"excerpt":{"rendered":"<p>&rdquo;Prin investi&#539;ii strategice &icirc;n turism voi scoate Mehedin&#539;iul din starea de jude&#539; asistat&rdquo; &nbsp; Mehedin&#539;iul are toate datele pentru a fi un jude&#539; prosper valorific&acirc;nd, fie &#537;i numai poten&#539;ialul s&#259;u turistic extraordinar. Avem 195 de km de Dun&#259;re, cu minunata sa Clisur&#259;, avem toate formele de relief distribuite &icirc;n propor&#539;ii aproximativ egale, monumente naturale(Cazanele &#537;i [&hellip;]<\/p>\n","protected":false},"author":1,"featured_media":0,"comment_status":"open","ping_status":"open","sticky":false,"template":"","format":"standard","meta":{"footnotes":""},"categories":[4],"tags":[812,89,766,1328,2609,9,320,1987],"class_list":["post-6082","post","type-post","status-publish","format-standard","hentry","category-stiri","tag-candidat","tag-consiliul-judetean-mehedinti","tag-investitii","tag-ion-cupa","tag-majore","tag-mehedinti","tag-presedinte","tag-turism"],"_links":{"self":[{"href":"https:\/\/www.cronicadeseverin.ro\/index.php?rest_route=\/wp\/v2\/posts\/6082","targetHints":{"allow":["GET"]}}],"collection":[{"href":"https:\/\/www.cronicadeseverin.ro\/index.php?rest_route=\/wp\/v2\/posts"}],"about":[{"href":"https:\/\/www.cronicadeseverin.ro\/index.php?rest_route=\/wp\/v2\/types\/post"}],"author":[{"embeddable":true,"href":"https:\/\/www.cronicadeseverin.ro\/index.php?rest_route=\/wp\/v2\/users\/1"}],"replies":[{"embeddable":true,"href":"https:\/\/www.cronicadeseverin.ro\/index.php?rest_route=%2Fwp%2Fv2%2Fcomments&post=6082"}],"version-history":[{"count":0,"href":"https:\/\/www.cronicadeseverin.ro\/index.php?rest_route=\/wp\/v2\/posts\/6082\/revisions"}],"wp:attachment":[{"href":"https:\/\/www.cronicadeseverin.ro\/index.php?rest_route=%2Fwp%2Fv2%2Fmedia&parent=6082"}],"wp:term":[{"taxonomy":"category","embeddable":true,"href":"https:\/\/www.cronicadeseverin.ro\/index.php?rest_route=%2Fwp%2Fv2%2Fcategories&post=6082"},{"taxonomy":"post_tag","embeddable":true,"href":"https:\/\/www.cronicadeseverin.ro\/index.php?rest_route=%2Fwp%2Fv2%2Ftags&post=6082"}],"curies":[{"name":"wp","href":"https:\/\/api.w.org\/{rel}","templated":true}]}}