{"id":6079,"date":"2020-09-24T13:34:24","date_gmt":"2020-09-24T13:34:24","guid":{"rendered":"http:\/\/www.cronicadeseverin.ro\/?p=6079"},"modified":"2020-09-24T13:34:24","modified_gmt":"2020-09-24T13:34:24","slug":"modelul-pmp-de-la-ponoarele-va-fi-multiplicat-in-tot-judetul-mehedinti","status":"publish","type":"post","link":"https:\/\/www.cronicadeseverin.ro\/?p=6079","title":{"rendered":"\u201dMODELUL PMP DE LA PONOARELE VA FI MULTIPLICAT \u00ceN TOT JUDE\u021aUL MEHEDIN\u021aI\u201d"},"content":{"rendered":"<p>afirm\u0103 <strong>Ion Cup\u0103, candidatul PMP la\u00a0 func\u021bia de pre\u0219edinte al Consiliului Jude\u021bean Mehedin\u021bi<\/strong><\/p>\n<p>Resursele locale ale Mehedin\u021biului au fost slab valorificate \u00een ace\u0219ti 10 ani de guvernare locala a st\u00e2ngii PSD.<\/p>\n<p>Fie c\u0103 vorbim de resursele solului \u0219i subsolului (lemn, piatr\u0103, fructe de p\u0103dure, aur, argint, cupru, azbest, bentonit\u0103, calcar, ardezia, ape sulfuroase), de\u00a0 mediul natural de excep\u021bie ( Dun\u0103rea, salba de lacuri, zona muntoas\u0103, rezerva\u021biile naturale), de atuurile economice (Hidrocentralele, porturile, \u0219antierele navale) de mo\u0219tenirea cultural\u0103(tradi\u021bii excep\u021bionale,\u00a0 20 de mari personalit\u0103\u021bi n\u0103scute aici de la\u00a0 filosoful na\u021bionalismului luminat rom\u00e2nesc Constantin R\u0103dulescu Motru la\u00a0 Gheorghe \u021aiteica, matematicianul de renume mondial) \u0219i, nu \u00een ultimul r\u00e2nd, de h\u0103rnicia oamenilor,<\/p>\n<p><strong>Toate aceste avantaje competitive pot crea oportunit\u0103\u021bi extraordinare pentru locuitorii jude\u021bului dac\u0103 exist\u0103 o viziune de dezvoltare \u0219i o voin\u021b\u0103 politic\u0103 determinat\u0103 s\u0103 o pun\u0103 \u00een oper\u0103.Iar eu, \u00eempreun\u0103 cu echipa PMP avem \u0219i viziune \u0219i voin\u021b\u0103 de a pune \u00een valoare toate resursele locale.<\/strong><\/p>\n<p><strong> <a href=\"https:\/\/www.cronicadeseverin.ro\/?attachment_id=6080\" rel=\"attachment wp-att-6080\"><img loading=\"lazy\" decoding=\"async\" class=\"aligncenter size-medium wp-image-6080\" src=\"https:\/\/www.cronicadeseverin.ro\/wp-content\/uploads\/2020\/09\/2-ic-portret-1-1-211x300.jpg\" alt=\"\" width=\"211\" height=\"300\" srcset=\"https:\/\/www.cronicadeseverin.ro\/wp-content\/uploads\/2020\/09\/2-ic-portret-1-1-211x300.jpg 211w, https:\/\/www.cronicadeseverin.ro\/wp-content\/uploads\/2020\/09\/2-ic-portret-1-1-768x1091.jpg 768w, https:\/\/www.cronicadeseverin.ro\/wp-content\/uploads\/2020\/09\/2-ic-portret-1-1-721x1024.jpg 721w, https:\/\/www.cronicadeseverin.ro\/wp-content\/uploads\/2020\/09\/2-ic-portret-1-1-250x355.jpg 250w, https:\/\/www.cronicadeseverin.ro\/wp-content\/uploads\/2020\/09\/2-ic-portret-1-1.jpg 1009w\" sizes=\"auto, (max-width: 211px) 100vw, 211px\" \/><\/a><\/strong><strong>DESPRE MODELUL PMP DE LA PONOARELE<\/strong><\/p>\n<p><strong>\u00a0<\/strong>La Ponoarele planul PMP de guvernare local\u0103 a \u00eenceput deja s\u0103 fie pus aplicare.Echipa \u00a0PMP <strong>Oana P\u00eervan-<\/strong><strong>Vasile Gheorghescu<\/strong>\u00a0 a demarat programul privind crearea de noi locuri de munc\u0103 \u00een zon\u0103 menit s\u0103 \u021bin\u0103 sau mai degrab\u0103 s\u0103 readuc\u0103 tinerii acas\u0103 oferindu-le o via\u021b\u0103 normal\u0103.<\/p>\n<p>Firma care face prospec\u021biuni \u00een punctul numit Valea Turcului, \u00een vederea exploat\u0103rii minereurilor de aur, argint, cupru \u0219i pirit\u0103 a \u00eenceput activitatea cu foraje la adancimi intre 100 si 200 de metri. \u00a0\u00a0Exploatarea rezervei de minereu din zon\u0103 va crea multe locuri de munc\u0103 bine pl\u0103tite pentru ponoreni deoarece, potrivit speciali\u0219tilor, aici se afl\u0103 z\u0103c\u0103minte importante de aur, argint, cupru \u0219i pirit\u0103.Odat\u0103 exploatate ele vor aduce numeroase beneficii localit\u0103\u021bii.<\/p>\n<p>Ini\u021biativele Oanei P\u00eervan, candidatul PMP la Prim\u0103ria Ponoarele, privind crearea de locuri de munc\u0103 vizeaz\u0103 \u0219i \u00a0\u00eenfiin\u021barea unui atelier de prelucr\u0103ri metalice \u0219i de t\u00e2mpl\u0103rie, dar \u0219i construirea unui depozit frigorific de legume \u0219i fructe cu sprijinul operatorilor economici de profil, motiva\u021bi printr-o serie de facilit\u0103\u021bi s\u0103 investeasc\u0103 \u00een comuna Ponoarele.<\/p>\n<p>Valorificarea resurselor locale la Ponoarele \u00eenseamn\u0103 \u0219i cultivarea tradi\u021biilor locale extrem de bogate. Se \u0219tie deja c\u0103 \u00een fabricu\u021ba de aici se fac unele dintre cele mai frumoase ii din Rom\u00e2nia&#8230;<\/p>\n<p><strong>Ca pre\u0219edinte al Consiliului Jude\u021bean Mehedin\u021bi voi sus\u021bine astfel de politici locale integrate prin care toate resursele locale sunt corect \u0219i riguros identificate iar apoi, \u00een baza unor proiecte de dezvoltare, sunt valorificate la poten\u021bial maxim \u00een beneficiul oamenilor \u0219i al comunit\u0103\u021bii.<\/strong><\/p>\n<p><strong>Ora\u0219 dupa ora\u0219, comun\u0103 dup\u0103 comun\u0103, Mehedin\u021biul va rena\u0219te, odat\u0103 cu m\u00e2ndria locuitorilor s\u0103i c\u0103 tr\u0103iesc multumi\u021bi de via\u021ba lor \u00eentr- o zon\u0103 frumoas\u0103, binecuv\u00e2ntat\u0103 de Dumnezeu.<\/strong><\/p>\n<p><strong>Sunt Ion Cup\u0103#Solu\u021biaTA pentru Mehedin\u021bi<\/strong><\/p>\n","protected":false},"excerpt":{"rendered":"<p>afirm&#259; Ion Cup&#259;, candidatul PMP la&nbsp; func&#539;ia de pre&#537;edinte al Consiliului Jude&#539;ean Mehedin&#539;i Resursele locale ale Mehedin&#539;iului au fost slab valorificate &icirc;n ace&#537;ti 10 ani de guvernare locala a st&acirc;ngii PSD. Fie c&#259; vorbim de resursele solului &#537;i subsolului (lemn, piatr&#259;, fructe de p&#259;dure, aur, argint, cupru, azbest, bentonit&#259;, calcar, ardezia, ape sulfuroase), de&nbsp; mediul [&hellip;]<\/p>\n","protected":false},"author":1,"featured_media":6080,"comment_status":"open","ping_status":"open","sticky":false,"template":"","format":"standard","meta":{"footnotes":""},"categories":[4],"tags":[812,89,1328,2608,1046,118,320],"class_list":["post-6079","post","type-post","status-publish","format-standard","has-post-thumbnail","hentry","category-stiri","tag-candidat","tag-consiliul-judetean-mehedinti","tag-ion-cupa","tag-model","tag-pmp","tag-ponoarele","tag-presedinte"],"_links":{"self":[{"href":"https:\/\/www.cronicadeseverin.ro\/index.php?rest_route=\/wp\/v2\/posts\/6079","targetHints":{"allow":["GET"]}}],"collection":[{"href":"https:\/\/www.cronicadeseverin.ro\/index.php?rest_route=\/wp\/v2\/posts"}],"about":[{"href":"https:\/\/www.cronicadeseverin.ro\/index.php?rest_route=\/wp\/v2\/types\/post"}],"author":[{"embeddable":true,"href":"https:\/\/www.cronicadeseverin.ro\/index.php?rest_route=\/wp\/v2\/users\/1"}],"replies":[{"embeddable":true,"href":"https:\/\/www.cronicadeseverin.ro\/index.php?rest_route=%2Fwp%2Fv2%2Fcomments&post=6079"}],"version-history":[{"count":0,"href":"https:\/\/www.cronicadeseverin.ro\/index.php?rest_route=\/wp\/v2\/posts\/6079\/revisions"}],"wp:featuredmedia":[{"embeddable":true,"href":"https:\/\/www.cronicadeseverin.ro\/index.php?rest_route=\/wp\/v2\/media\/6080"}],"wp:attachment":[{"href":"https:\/\/www.cronicadeseverin.ro\/index.php?rest_route=%2Fwp%2Fv2%2Fmedia&parent=6079"}],"wp:term":[{"taxonomy":"category","embeddable":true,"href":"https:\/\/www.cronicadeseverin.ro\/index.php?rest_route=%2Fwp%2Fv2%2Fcategories&post=6079"},{"taxonomy":"post_tag","embeddable":true,"href":"https:\/\/www.cronicadeseverin.ro\/index.php?rest_route=%2Fwp%2Fv2%2Ftags&post=6079"}],"curies":[{"name":"wp","href":"https:\/\/api.w.org\/{rel}","templated":true}]}}