{"id":6075,"date":"2020-09-24T13:31:50","date_gmt":"2020-09-24T13:31:50","guid":{"rendered":"http:\/\/www.cronicadeseverin.ro\/?p=6075"},"modified":"2020-09-24T13:31:50","modified_gmt":"2020-09-24T13:31:50","slug":"ion-cupa-candidatul-pmp-la-functia-de-presedinte-al-cj-mehedinti-apel-catre-mehedinteni","status":"publish","type":"post","link":"https:\/\/www.cronicadeseverin.ro\/?p=6075","title":{"rendered":"ION CUP\u0102, candidatul PMP la func\u021bia de pre\u0219edinte al CJ Mehedin\u021bi: APEL C\u0102TRE MEHEDIN\u021aENI"},"content":{"rendered":"<p><a href=\"https:\/\/www.cronicadeseverin.ro\/?attachment_id=6077\" rel=\"attachment wp-att-6077\"><img loading=\"lazy\" decoding=\"async\" class=\"aligncenter size-full wp-image-6077\" src=\"https:\/\/www.cronicadeseverin.ro\/wp-content\/uploads\/2020\/09\/cb-ion-cupa-fata.jpg\" alt=\"\" width=\"215\" height=\"300\" \/><\/a><\/p>\n<p><strong><em>Dragi mehedin\u021beni,<\/em><\/strong><\/p>\n<p><strong><em>\u00a0<\/em><\/strong><\/p>\n<p>Votul de duminic\u0103 e decisiv pentru toate comunit\u0103\u021bile locale din jude\u021bul nostru, pentru fiecare dintre voi.<\/p>\n<p>De acest vot depinde dac\u0103 Mehedin\u021biul \u00a0va rena\u0219te sau se va t\u00eer\u00ee \u00een continuare la coada clasamentului na\u021bional al dezvolt\u0103rii.<\/p>\n<p>De acest vot depinde dac\u0103 via\u021ba voastr\u0103 \u0219i a copiilor vo\u0219tri se va schimba radical \u00een bine sau nemul\u021bumirile \u00a0vor cre\u0219te, una dup\u0103 alta.<\/p>\n<p>PSD \u0219i PNL au ar\u0103tat ce pot \u0219i c\u00e2t pot \u00een judet \u00een to\u021bi ace\u0219ti ani.Vorba lui Traian B\u0103sescu:<em> \u201dPSD nu poate mai mult! PNL nu \u0219tie mai mult!\u201d.<\/em><\/p>\n<p>S-au acumulat prea multe rele, prea multe nelegiuiri \u00een ace\u0219ti ani, s-au risipit prea mul\u021bi bani publici \u0219i prea multe \u0219anse pentru ca voi s\u0103 da\u021bi votul vostru, at\u00e2t de important, acelora\u0219i oameni.<\/p>\n<p>\u00cen\u021belegerile ascunse dintre PSD \u0219i PNL, blatul lor sunt cauza r\u0103m\u00e2nerii \u00een urm\u0103 a jude\u021bului nostru.Planul lor e acela\u0219i \u00een continuare: s\u0103 trag\u0103 beneficii pentru ei \u0219i grupurile lor de interese.Planul lor nu v\u0103 include \u0219i pe voi!<\/p>\n<p>Strica\u021bi-le planul! Acum la 30 de ani de la Revolutie ar\u0103ta\u021bi c\u0103 \u0219ti\u021bi ce ave\u021bi de f\u0103cut cu votul vostru.Folosi\u021bi-l cu dreapt\u0103 judecat\u0103 pentru a face Revolu\u021bia Schimb\u0103rii \u00een Mehedin\u021bi.<\/p>\n<p>Mehedin\u021biul are nevoie acum la conducerea sa, peste tot, de oameni care \u0219tiu \u0219i pot s\u0103 aduc\u0103 schimb\u0103rile necesare mai repede. Oameni noi, cu o g\u00e2ndire nou\u0103, cu performan\u021be \u00een domeniile lor de activitate, cu o integritate irepro\u0219abil\u0103.<\/p>\n<p>PMP v\u0103 propune astfel de oameni pentru a fi ale\u0219i \u00een toate localit\u0103\u021bile jude\u021bului.Da\u021bi-le o \u0219ans\u0103! Vota\u021bi-i cu \u00eencredere! Ei sunt #Solu\u021biaTA pentru o via\u021b\u0103 mai bun\u0103!<\/p>\n<p>P\u0103\u0219i\u021bi cu dreptul pe drumul drept c\u0103tre Mehedin\u021biul din visele voastre!<\/p>\n<p>&nbsp;<\/p>\n<p>Al dumneavoastr\u0103,<\/p>\n<p><strong>Ion Cup\u0103<\/strong><\/p>\n<p>Candidatul PMP la func\u021bia de Pre\u0219edinte al Consiliului Jude\u021bean Mehedin\u021bi<\/p>\n","protected":false},"excerpt":{"rendered":"<p>Dragi mehedin&#539;eni, &nbsp; Votul de duminic&#259; e decisiv pentru toate comunit&#259;&#539;ile locale din jude&#539;ul nostru, pentru fiecare dintre voi. De acest vot depinde dac&#259; Mehedin&#539;iul &nbsp;va rena&#537;te sau se va t&icirc;r&icirc; &icirc;n continuare la coada clasamentului na&#539;ional al dezvolt&#259;rii. De acest vot depinde dac&#259; via&#539;a voastr&#259; &#537;i a copiilor vo&#537;tri se va schimba radical &icirc;n [&hellip;]<\/p>\n","protected":false},"author":1,"featured_media":6077,"comment_status":"open","ping_status":"open","sticky":false,"template":"","format":"standard","meta":{"footnotes":""},"categories":[4],"tags":[2607,812,89,1328,384,320],"class_list":["post-6075","post","type-post","status-publish","format-standard","has-post-thumbnail","hentry","category-stiri","tag-apel","tag-candidat","tag-consiliul-judetean-mehedinti","tag-ion-cupa","tag-mehedinteni","tag-presedinte"],"_links":{"self":[{"href":"https:\/\/www.cronicadeseverin.ro\/index.php?rest_route=\/wp\/v2\/posts\/6075","targetHints":{"allow":["GET"]}}],"collection":[{"href":"https:\/\/www.cronicadeseverin.ro\/index.php?rest_route=\/wp\/v2\/posts"}],"about":[{"href":"https:\/\/www.cronicadeseverin.ro\/index.php?rest_route=\/wp\/v2\/types\/post"}],"author":[{"embeddable":true,"href":"https:\/\/www.cronicadeseverin.ro\/index.php?rest_route=\/wp\/v2\/users\/1"}],"replies":[{"embeddable":true,"href":"https:\/\/www.cronicadeseverin.ro\/index.php?rest_route=%2Fwp%2Fv2%2Fcomments&post=6075"}],"version-history":[{"count":0,"href":"https:\/\/www.cronicadeseverin.ro\/index.php?rest_route=\/wp\/v2\/posts\/6075\/revisions"}],"wp:featuredmedia":[{"embeddable":true,"href":"https:\/\/www.cronicadeseverin.ro\/index.php?rest_route=\/wp\/v2\/media\/6077"}],"wp:attachment":[{"href":"https:\/\/www.cronicadeseverin.ro\/index.php?rest_route=%2Fwp%2Fv2%2Fmedia&parent=6075"}],"wp:term":[{"taxonomy":"category","embeddable":true,"href":"https:\/\/www.cronicadeseverin.ro\/index.php?rest_route=%2Fwp%2Fv2%2Fcategories&post=6075"},{"taxonomy":"post_tag","embeddable":true,"href":"https:\/\/www.cronicadeseverin.ro\/index.php?rest_route=%2Fwp%2Fv2%2Ftags&post=6075"}],"curies":[{"name":"wp","href":"https:\/\/api.w.org\/{rel}","templated":true}]}}