{"id":5897,"date":"2020-08-27T06:08:26","date_gmt":"2020-08-27T06:08:26","guid":{"rendered":"http:\/\/www.cronicadeseverin.ro\/?p=5897"},"modified":"2020-09-01T07:11:11","modified_gmt":"2020-09-01T07:11:11","slug":"omagiu-jurnalistului-pamfil-seicaru","status":"publish","type":"post","link":"https:\/\/www.cronicadeseverin.ro\/?p=5897","title":{"rendered":"Omagiu jurnalistului Pamfil \u0218eicaru"},"content":{"rendered":"<p><a href=\"https:\/\/www.cronicadeseverin.ro\/?attachment_id=5899\" rel=\"attachment wp-att-5899\"><img loading=\"lazy\" decoding=\"async\" class=\"size-medium wp-image-5899 alignright\" src=\"https:\/\/www.cronicadeseverin.ro\/wp-content\/uploads\/2020\/08\/118214757_1045040379266964_4924374935145655099_n-300x225.jpg\" alt=\"\" width=\"300\" height=\"225\" srcset=\"https:\/\/www.cronicadeseverin.ro\/wp-content\/uploads\/2020\/08\/118214757_1045040379266964_4924374935145655099_n-300x225.jpg 300w, https:\/\/www.cronicadeseverin.ro\/wp-content\/uploads\/2020\/08\/118214757_1045040379266964_4924374935145655099_n-250x188.jpg 250w, https:\/\/www.cronicadeseverin.ro\/wp-content\/uploads\/2020\/08\/118214757_1045040379266964_4924374935145655099_n.jpg 373w\" sizes=\"auto, (max-width: 300px) 100vw, 300px\" \/><\/a><\/p>\n<p>Cu binecuv\u00e2ntarea Preasfin\u021bitului P\u0103rinte Nicodim, Episcopul Severinului \u0219i Strehaiei, jurnali\u0219tii membri ai Uniunii Ziari\u0219tilor Profesioni\u0219ti din Rom\u00e2nia, din mai multe localit\u0103\u021bi ale \u021b\u0103rii, s-au adunat joi, 20 august 2020, la M\u00e2n\u0103stirea ,,Sf\u00e2nta Ana\u201d din Or\u0219ova, ctitorit\u0103 de marele jurnalist din perioada interbelic\u0103, Pamfil \u0218eicaru c<\/p>\n<p>&nbsp;<\/p>\n<p>are,\u00een anul 1919, la 11 ianuarie a fost ini\u021biatorul \u0219i fondatorul Uniunii Ziari\u0219tilor Profesioni\u0219ti din Rom\u00e2nia.<\/p>\n<p>A fost un lupt\u0103tor pentru drepturile rom\u00e2nilor, a militat pentru adev\u0103r \u0219i dreptate \u0219i a l\u0103sat \u00een urma lui ideea conform c\u0103reia: ,,Gazetarului nu-i este permis s\u0103 asiste spectator indiferent, la zbuciumul de fiecare zi al vie\u0163ii sociale, s\u0103 \u00eenregistreze pasiv variatele aspecte: el trebuie s\u0103 tr\u0103iasc\u0103 cu intensitate, s\u0103 participe impetuos la toate \u00eent\u00e2mpl\u0103rile din care se \u0163ese p\u00e2nza misterioas\u0103 a istoriei. Unicul lui judec\u0103tor, f\u0103r\u0103 drept de apel, este cititorul.\u201d Renumitul Pamfil \u0218eicaru a r\u0103mas un reper pentru multe genera\u021bii de jurnali\u0219ti, travers\u00e2nd drumuri sinuoase, dureroase, cum numai o via\u021b\u0103 intens\u0103, vibrant\u0103 le aduce. La morm\u00e2ntul s\u0103u, aflat la M\u0103n\u0103stirea ,,Sf\u00e2nta Ana\u201d din Or\u0219ova, membrii UZPR, aduc omagiul \u0219i venera\u021bia lor, \u00een ve\u0219nic\u0103 amintire, an de an. Evenimentul din acest an a fost ini\u021biat de c\u00e2\u021biva membri inimo\u0219i ai Filialei UZPR din Cara\u0219-Severin, av\u00e2nd sus\u021binerea personalului monahal de la l\u0103ca\u0219ul de cult din Or\u0219ova. Manifest\u0103rile dedicate acestui eveniment au debutat cu orele 11:\u2070\u2070, prin slujba Parastasului, s\u0103v\u00e2r\u0219it\u0103 \u00een cinstea ctitorului Sfintei M\u0103n\u0103stiri, iar mai apoi p\u0103rintele Mihai Zoril\u0103, Vicar-Eparhial \u00een cadrul Episcopiei Severinului \u0219i Strehaiei, a transmis mesajul de binecuv\u00e2ntare al Preasfin\u021bitului P\u0103rinte Nicodim, Episcopul Severinului \u0219i Strehaiei.<\/p>\n<p>\u00cen continuare, domnul Doru-Dinu Gl\u0103van, pre\u0219edintele Uniunii Ziari\u0219tilor Profesioni\u0219ti din R<\/p>\n<p><img loading=\"lazy\" decoding=\"async\" class=\"size-medium wp-image-5898 alignleft\" src=\"https:\/\/www.cronicadeseverin.ro\/wp-content\/uploads\/2020\/08\/118067828_629097728014740_5548412357126170998_n-300x225.jpg\" alt=\"\" width=\"300\" height=\"225\" srcset=\"https:\/\/www.cronicadeseverin.ro\/wp-content\/uploads\/2020\/08\/118067828_629097728014740_5548412357126170998_n-300x225.jpg 300w, https:\/\/www.cronicadeseverin.ro\/wp-content\/uploads\/2020\/08\/118067828_629097728014740_5548412357126170998_n-80x60.jpg 80w, https:\/\/www.cronicadeseverin.ro\/wp-content\/uploads\/2020\/08\/118067828_629097728014740_5548412357126170998_n-250x188.jpg 250w, https:\/\/www.cronicadeseverin.ro\/wp-content\/uploads\/2020\/08\/118067828_629097728014740_5548412357126170998_n.jpg 373w\" sizes=\"auto, (max-width: 300px) 100vw, 300px\" \/><\/p>\n<p>om\u00e2nia, a prezentat\u00a0via\u021ba jurnalistului interbelic Pamfil \u0218eicaru \u0219i a adus alese mul\u021bumiri tuturor participan\u021bilor, reprezentan\u021bilor Centrului Eparhial mehedin\u021bean pentru frumoasa colaborare \u0219i maicii stare\u021be a ob\u0219tii monahale de la ,,Sf\u00e2nta Ana\u201d, stavrofora Iustina Popovici pentru g\u0103zduire \u0219i buna organizare.\u00cen cea de-a doua parte a evenimetului, domnul profesor Dan \u0218alapa,membru al Uniunii Ziari\u0219tilor, a prezentat dou\u0103 filme-document, fiind intitulate: ,,Drumul Eroilor\u201d, realizat \u00een anul 2001 \u0219i ,,\u00centoarcerea Ctitorului\u201d, realizat \u00een anul 2007, ambele filme fiind realizate \u00een colaborare cu Societatea Cultural-Artistic\u0103 ,,Dunaris\u201d \u0219i postul de televiziune mehedin\u021bean, Datina TV, dar \u0219i \u00eempreun\u0103 cu al\u021bi colaboratori apropia\u021bi. \u00cen \u00eencheiere, domnul pre\u0219edinte UZP, Doru-Dinu Gl\u0103van a propus o urm\u0103toare \u00eent\u00e2lnire \u00een care s\u0103 fie \u00eemp\u0103rt\u0103\u0219ite experien\u021be petrecute de-a lungul timpului sub aspectul de jertf\u0103, \u00eent\u00e2lnite \u00een via\u021ba fiec\u0103rui ziarist, iar ,,flac\u0103ra ce a fost aprins\u0103 de at\u00e2tea lum\u00e2n\u0103ri \u00een timpul slujbei de pomenire s\u0103 ard\u0103 \u00een continuare precum con\u0219tiin\u021ba jurnali\u0219tilor \u00een aceste momente grele \u00een care se afl\u0103 \u021bara \u0219i noi, jurnali\u0219tii, care trebuie s\u0103 ne aducem os\u00e2rdia noastr\u0103 de \u00een\u021belepciune, dreptate \u0219i profesionalis<\/p>\n<p><img loading=\"lazy\" decoding=\"async\" class=\"aligncenter size-medium wp-image-5900\" src=\"https:\/\/www.cronicadeseverin.ro\/wp-content\/uploads\/2020\/08\/118296605_291894938781159_5891636373583253250_n-300x225.jpg\" alt=\"\" width=\"300\" height=\"225\" srcset=\"https:\/\/www.cronicadeseverin.ro\/wp-content\/uploads\/2020\/08\/118296605_291894938781159_5891636373583253250_n-300x225.jpg 300w, https:\/\/www.cronicadeseverin.ro\/wp-content\/uploads\/2020\/08\/118296605_291894938781159_5891636373583253250_n-80x60.jpg 80w, https:\/\/www.cronicadeseverin.ro\/wp-content\/uploads\/2020\/08\/118296605_291894938781159_5891636373583253250_n-250x188.jpg 250w, https:\/\/www.cronicadeseverin.ro\/wp-content\/uploads\/2020\/08\/118296605_291894938781159_5891636373583253250_n.jpg 373w\" sizes=\"auto, (max-width: 300px) 100vw, 300px\" \/><\/p>\n<p>m, dar mai ales de credin\u021b\u0103 \u0219i de unitate.\u201d<\/p>\n<p>Marian Gherghinescu<\/p>\n","protected":false},"excerpt":{"rendered":"<p>Cu binecuv&acirc;ntarea Preasfin&#539;itului P&#259;rinte Nicodim, Episcopul Severinului &#537;i Strehaiei, jurnali&#537;tii membri ai Uniunii Ziari&#537;tilor Profesioni&#537;ti din Rom&acirc;nia, din mai multe localit&#259;&#539;i ale &#539;&#259;rii, s-au adunat joi, 20 august 2020, la M&acirc;n&#259;stirea ,,Sf&acirc;nta Ana&rdquo; din Or&#537;ova, ctitorit&#259; de marele jurnalist din perioada interbelic&#259;, Pamfil &#536;eicaru c &nbsp; are,&icirc;n anul 1919, la 11 ianuarie a fost ini&#539;iatorul [&hellip;]<\/p>\n","protected":false},"author":1,"featured_media":5899,"comment_status":"open","ping_status":"open","sticky":false,"template":"","format":"standard","meta":{"footnotes":""},"categories":[4],"tags":[2572,2570,2568,2573,2566,61,2567,2571,2569],"class_list":["post-5897","post","type-post","status-publish","format-standard","has-post-thumbnail","hentry","category-stiri","tag-doru-dinu-glavan","tag-jurnalisti","tag-manastirea-sfanta-ana","tag-marian-gherghinescu","tag-omagiu","tag-orsova","tag-pamfil-seicaru","tag-teodor-abagiu","tag-uzpr"],"_links":{"self":[{"href":"https:\/\/www.cronicadeseverin.ro\/index.php?rest_route=\/wp\/v2\/posts\/5897","targetHints":{"allow":["GET"]}}],"collection":[{"href":"https:\/\/www.cronicadeseverin.ro\/index.php?rest_route=\/wp\/v2\/posts"}],"about":[{"href":"https:\/\/www.cronicadeseverin.ro\/index.php?rest_route=\/wp\/v2\/types\/post"}],"author":[{"embeddable":true,"href":"https:\/\/www.cronicadeseverin.ro\/index.php?rest_route=\/wp\/v2\/users\/1"}],"replies":[{"embeddable":true,"href":"https:\/\/www.cronicadeseverin.ro\/index.php?rest_route=%2Fwp%2Fv2%2Fcomments&post=5897"}],"version-history":[{"count":0,"href":"https:\/\/www.cronicadeseverin.ro\/index.php?rest_route=\/wp\/v2\/posts\/5897\/revisions"}],"wp:featuredmedia":[{"embeddable":true,"href":"https:\/\/www.cronicadeseverin.ro\/index.php?rest_route=\/wp\/v2\/media\/5899"}],"wp:attachment":[{"href":"https:\/\/www.cronicadeseverin.ro\/index.php?rest_route=%2Fwp%2Fv2%2Fmedia&parent=5897"}],"wp:term":[{"taxonomy":"category","embeddable":true,"href":"https:\/\/www.cronicadeseverin.ro\/index.php?rest_route=%2Fwp%2Fv2%2Fcategories&post=5897"},{"taxonomy":"post_tag","embeddable":true,"href":"https:\/\/www.cronicadeseverin.ro\/index.php?rest_route=%2Fwp%2Fv2%2Ftags&post=5897"}],"curies":[{"name":"wp","href":"https:\/\/api.w.org\/{rel}","templated":true}]}}