{"id":5535,"date":"2020-05-04T10:05:46","date_gmt":"2020-05-04T10:05:46","guid":{"rendered":"http:\/\/www.cronicadeseverin.ro\/?p=5535"},"modified":"2020-05-04T10:05:46","modified_gmt":"2020-05-04T10:05:46","slug":"comunicat-analiza-apei-orsova","status":"publish","type":"post","link":"https:\/\/www.cronicadeseverin.ro\/?p=5535","title":{"rendered":"Comunicat analiza apei OR\u0218OVA"},"content":{"rendered":"<p><a href=\"https:\/\/www.cronicadeseverin.ro\/?attachment_id=5536\" rel=\"attachment wp-att-5536\"><img loading=\"lazy\" decoding=\"async\" class=\"alignleft size-medium wp-image-5536\" src=\"https:\/\/www.cronicadeseverin.ro\/wp-content\/uploads\/2020\/05\/beb17360-882e-4d84-90ed-8e475adaaf41-300x200.jpg\" alt=\"\" width=\"300\" height=\"200\" srcset=\"https:\/\/www.cronicadeseverin.ro\/wp-content\/uploads\/2020\/05\/beb17360-882e-4d84-90ed-8e475adaaf41-300x200.jpg 300w, https:\/\/www.cronicadeseverin.ro\/wp-content\/uploads\/2020\/05\/beb17360-882e-4d84-90ed-8e475adaaf41-768x512.jpg 768w, https:\/\/www.cronicadeseverin.ro\/wp-content\/uploads\/2020\/05\/beb17360-882e-4d84-90ed-8e475adaaf41-1536x1023.jpg 1536w, https:\/\/www.cronicadeseverin.ro\/wp-content\/uploads\/2020\/05\/beb17360-882e-4d84-90ed-8e475adaaf41-1024x682.jpg 1024w, https:\/\/www.cronicadeseverin.ro\/wp-content\/uploads\/2020\/05\/beb17360-882e-4d84-90ed-8e475adaaf41-250x167.jpg 250w, https:\/\/www.cronicadeseverin.ro\/wp-content\/uploads\/2020\/05\/beb17360-882e-4d84-90ed-8e475adaaf41.jpg 1600w\" sizes=\"auto, (max-width: 300px) 100vw, 300px\" \/><\/a>Av\u00e2nd \u00een vedere faptul c\u0103 rezultatele analizelor fizico-chimice a probelor de ap\u0103 prelevate de la sta\u021bia de captare din Tople\u021b se \u00eencadreaz\u0103 \u00een parametrii normali, s-a dispus luni, 4 mai a.c., refurnizarea apei \u00een sistemul de distribu\u021bie al municipiului Or\u0219ova.<br \/>\nTotu\u0219i, pentru dezinfec\u021bia apei, Direc\u021bia de S\u0103n\u0103tate Public\u0103 Mehedin\u021bi a recomandat operatorului de ap\u0103 s\u0103 efectueze procedura de hiperclorinare, ceea ce \u00eenseamn\u0103 c\u0103 \u00eentr-un interval de maxim 10 ore apa nu este potabil\u0103, put\u00e2nd fi folosit\u0103 doar \u00een scop menajer.<\/p>\n","protected":false},"excerpt":{"rendered":"<p>Av&acirc;nd &icirc;n vedere faptul c&#259; rezultatele analizelor fizico-chimice a probelor de ap&#259; prelevate de la sta&#539;ia de captare din Tople&#539; se &icirc;ncadreaz&#259; &icirc;n parametrii normali, s-a dispus luni, 4 mai a.c., refurnizarea apei &icirc;n sistemul de distribu&#539;ie al municipiului Or&#537;ova. Totu&#537;i, pentru dezinfec&#539;ia apei, Direc&#539;ia de S&#259;n&#259;tate Public&#259; Mehedin&#539;i a recomandat operatorului de ap&#259; s&#259; [&hellip;]<\/p>\n","protected":false},"author":1,"featured_media":5536,"comment_status":"open","ping_status":"open","sticky":false,"template":"","format":"standard","meta":{"footnotes":""},"categories":[4],"tags":[2368,268,2290,9,61],"class_list":["post-5535","post","type-post","status-publish","format-standard","has-post-thumbnail","hentry","category-stiri","tag-apa","tag-comunicat","tag-dsp","tag-mehedinti","tag-orsova"],"_links":{"self":[{"href":"https:\/\/www.cronicadeseverin.ro\/index.php?rest_route=\/wp\/v2\/posts\/5535","targetHints":{"allow":["GET"]}}],"collection":[{"href":"https:\/\/www.cronicadeseverin.ro\/index.php?rest_route=\/wp\/v2\/posts"}],"about":[{"href":"https:\/\/www.cronicadeseverin.ro\/index.php?rest_route=\/wp\/v2\/types\/post"}],"author":[{"embeddable":true,"href":"https:\/\/www.cronicadeseverin.ro\/index.php?rest_route=\/wp\/v2\/users\/1"}],"replies":[{"embeddable":true,"href":"https:\/\/www.cronicadeseverin.ro\/index.php?rest_route=%2Fwp%2Fv2%2Fcomments&post=5535"}],"version-history":[{"count":0,"href":"https:\/\/www.cronicadeseverin.ro\/index.php?rest_route=\/wp\/v2\/posts\/5535\/revisions"}],"wp:featuredmedia":[{"embeddable":true,"href":"https:\/\/www.cronicadeseverin.ro\/index.php?rest_route=\/wp\/v2\/media\/5536"}],"wp:attachment":[{"href":"https:\/\/www.cronicadeseverin.ro\/index.php?rest_route=%2Fwp%2Fv2%2Fmedia&parent=5535"}],"wp:term":[{"taxonomy":"category","embeddable":true,"href":"https:\/\/www.cronicadeseverin.ro\/index.php?rest_route=%2Fwp%2Fv2%2Fcategories&post=5535"},{"taxonomy":"post_tag","embeddable":true,"href":"https:\/\/www.cronicadeseverin.ro\/index.php?rest_route=%2Fwp%2Fv2%2Ftags&post=5535"}],"curies":[{"name":"wp","href":"https:\/\/api.w.org\/{rel}","templated":true}]}}