{"id":5478,"date":"2020-04-17T17:04:23","date_gmt":"2020-04-17T17:04:23","guid":{"rendered":"http:\/\/www.cronicadeseverin.ro\/?p=5478"},"modified":"2020-04-17T17:04:23","modified_gmt":"2020-04-17T17:04:23","slug":"fotografia-zilei","status":"publish","type":"post","link":"https:\/\/www.cronicadeseverin.ro\/?p=5478","title":{"rendered":"FOTOGRAFIA ZILEI"},"content":{"rendered":"<p><a href=\"https:\/\/www.cronicadeseverin.ro\/?attachment_id=5479\" rel=\"attachment wp-att-5479\"><img loading=\"lazy\" decoding=\"async\" class=\"aligncenter size-medium wp-image-5479\" src=\"https:\/\/www.cronicadeseverin.ro\/wp-content\/uploads\/2020\/04\/DSC3326-Medie-300x200.jpeg\" alt=\"\" width=\"300\" height=\"200\" srcset=\"https:\/\/www.cronicadeseverin.ro\/wp-content\/uploads\/2020\/04\/DSC3326-Medie-300x200.jpeg 300w, https:\/\/www.cronicadeseverin.ro\/wp-content\/uploads\/2020\/04\/DSC3326-Medie-768x512.jpeg 768w, https:\/\/www.cronicadeseverin.ro\/wp-content\/uploads\/2020\/04\/DSC3326-Medie-1024x683.jpeg 1024w, https:\/\/www.cronicadeseverin.ro\/wp-content\/uploads\/2020\/04\/DSC3326-Medie-250x167.jpeg 250w, https:\/\/www.cronicadeseverin.ro\/wp-content\/uploads\/2020\/04\/DSC3326-Medie.jpeg 1152w\" sizes=\"auto, (max-width: 300px) 100vw, 300px\" \/><\/a> <a href=\"https:\/\/www.cronicadeseverin.ro\/?attachment_id=5480\" rel=\"attachment wp-att-5480\"><img loading=\"lazy\" decoding=\"async\" class=\"aligncenter size-medium wp-image-5480\" src=\"https:\/\/www.cronicadeseverin.ro\/wp-content\/uploads\/2020\/04\/DSC3328-Medie-300x200.jpeg\" alt=\"\" width=\"300\" height=\"200\" srcset=\"https:\/\/www.cronicadeseverin.ro\/wp-content\/uploads\/2020\/04\/DSC3328-Medie-300x200.jpeg 300w, https:\/\/www.cronicadeseverin.ro\/wp-content\/uploads\/2020\/04\/DSC3328-Medie-768x512.jpeg 768w, https:\/\/www.cronicadeseverin.ro\/wp-content\/uploads\/2020\/04\/DSC3328-Medie-1024x683.jpeg 1024w, https:\/\/www.cronicadeseverin.ro\/wp-content\/uploads\/2020\/04\/DSC3328-Medie-250x167.jpeg 250w, https:\/\/www.cronicadeseverin.ro\/wp-content\/uploads\/2020\/04\/DSC3328-Medie.jpeg 1152w\" sizes=\"auto, (max-width: 300px) 100vw, 300px\" \/><\/a><\/p>\n<p>La intrare \u00een Drobeta Turnu Severin, dinspre \u0218imian, dar \u0219i la ie\u0219ire, st\u0103 coco\u021bat un citat din BIBLIE pe un ditamai panou publicitar care are \u00een v\u00e2rf un cuib de barz\u0103. S\u0103 sper\u0103m c\u0103 Isus n-are nici o leg\u0103tur\u0103 cu \u00eenaripatele&#8230; Mare-i gr\u0103dina ta publicitar\u0103, Doamne!<\/p>\n","protected":false},"excerpt":{"rendered":"<p>La intrare &icirc;n Drobeta Turnu Severin, dinspre &#536;imian, dar &#537;i la ie&#537;ire, st&#259; coco&#539;at un citat din BIBLIE pe un ditamai panou publicitar care are &icirc;n v&acirc;rf un cuib de barz&#259;. S&#259; sper&#259;m c&#259; Isus n-are nici o leg&#259;tur&#259; cu &icirc;naripatele&hellip; Mare-i gr&#259;dina ta publicitar&#259;, Doamne!<\/p>\n","protected":false},"author":1,"featured_media":5479,"comment_status":"open","ping_status":"open","sticky":false,"template":"","format":"standard","meta":{"footnotes":""},"categories":[838],"tags":[77,2345,2344,2346,123],"class_list":["post-5478","post","type-post","status-publish","format-standard","has-post-thumbnail","hentry","category-inedit-2","tag-drobeta-turnu-severin","tag-isus","tag-panou","tag-reclama","tag-simian"],"_links":{"self":[{"href":"https:\/\/www.cronicadeseverin.ro\/index.php?rest_route=\/wp\/v2\/posts\/5478","targetHints":{"allow":["GET"]}}],"collection":[{"href":"https:\/\/www.cronicadeseverin.ro\/index.php?rest_route=\/wp\/v2\/posts"}],"about":[{"href":"https:\/\/www.cronicadeseverin.ro\/index.php?rest_route=\/wp\/v2\/types\/post"}],"author":[{"embeddable":true,"href":"https:\/\/www.cronicadeseverin.ro\/index.php?rest_route=\/wp\/v2\/users\/1"}],"replies":[{"embeddable":true,"href":"https:\/\/www.cronicadeseverin.ro\/index.php?rest_route=%2Fwp%2Fv2%2Fcomments&post=5478"}],"version-history":[{"count":0,"href":"https:\/\/www.cronicadeseverin.ro\/index.php?rest_route=\/wp\/v2\/posts\/5478\/revisions"}],"wp:featuredmedia":[{"embeddable":true,"href":"https:\/\/www.cronicadeseverin.ro\/index.php?rest_route=\/wp\/v2\/media\/5479"}],"wp:attachment":[{"href":"https:\/\/www.cronicadeseverin.ro\/index.php?rest_route=%2Fwp%2Fv2%2Fmedia&parent=5478"}],"wp:term":[{"taxonomy":"category","embeddable":true,"href":"https:\/\/www.cronicadeseverin.ro\/index.php?rest_route=%2Fwp%2Fv2%2Fcategories&post=5478"},{"taxonomy":"post_tag","embeddable":true,"href":"https:\/\/www.cronicadeseverin.ro\/index.php?rest_route=%2Fwp%2Fv2%2Ftags&post=5478"}],"curies":[{"name":"wp","href":"https:\/\/api.w.org\/{rel}","templated":true}]}}