{"id":5220,"date":"2020-03-03T15:06:44","date_gmt":"2020-03-03T15:06:44","guid":{"rendered":"http:\/\/www.cronicadeseverin.ro\/?p=5220"},"modified":"2020-03-09T16:44:00","modified_gmt":"2020-03-09T16:44:00","slug":"aparitie-editoriala-notabila-la-ceas-aniversar","status":"publish","type":"post","link":"https:\/\/www.cronicadeseverin.ro\/?p=5220","title":{"rendered":"APARI\u021aIE EDITORIAL\u0102 NOTABIL\u0102, LA CEAS ANIVERSAR"},"content":{"rendered":"<p><a href=\"https:\/\/www.cronicadeseverin.ro\/?attachment_id=5221\" rel=\"attachment wp-att-5221\"><img loading=\"lazy\" decoding=\"async\" class=\"alignright size-medium wp-image-5221\" src=\"https:\/\/www.cronicadeseverin.ro\/wp-content\/uploads\/2020\/03\/Mihai-Buracu-_1-236x300.jpg\" alt=\"\" width=\"236\" height=\"300\" srcset=\"https:\/\/www.cronicadeseverin.ro\/wp-content\/uploads\/2020\/03\/Mihai-Buracu-_1-236x300.jpg 236w, https:\/\/www.cronicadeseverin.ro\/wp-content\/uploads\/2020\/03\/Mihai-Buracu-_1-768x975.jpg 768w, https:\/\/www.cronicadeseverin.ro\/wp-content\/uploads\/2020\/03\/Mihai-Buracu-_1-807x1024.jpg 807w, https:\/\/www.cronicadeseverin.ro\/wp-content\/uploads\/2020\/03\/Mihai-Buracu-_1-250x317.jpg 250w, https:\/\/www.cronicadeseverin.ro\/wp-content\/uploads\/2020\/03\/Mihai-Buracu-_1.jpg 1182w\" sizes=\"auto, (max-width: 236px) 100vw, 236px\" \/><\/a>Anul acesta, pe 24 ianuarie, s-au \u00eemplinit 90 de ani de la na\u0219terea lui Mihai Buracu, un mare rom\u00e2n care a r\u0103mas vertical p\u00e2n\u0103 la sf\u00e2r\u0219itul vie\u021bii, cu toate necazurile \u0219i priva\u021biunile pe care le-a avut de \u00eent\u00e2mpinat. Profesor emerit de limba rom\u00e2n\u0103, scriitor, senator de Mehedin\u021bi, a fost arestat chiar aproape de majorat, pe c\u00e2nd era elev \u00een ultimul an la Liceul \u201eTraian Doda\u201d din Caransebe\u0219.<\/p>\n<p>\u201eVina\u201d sa era aceea c\u0103 \u00eempreun\u0103 cu al\u021bi c\u00e2\u021biva colegi de liceu str\u00e2nseser\u0103 alimente pentru familia profesorului lor de geografie, ridicat de Siguran\u021b\u0103 f\u0103r\u0103 nici-o explica\u021bie, pentru c\u0103 avea o atitudine anticomunist\u0103. So\u021bia acestuia \u00eempreun\u0103 cu cele dou\u0103 fete fuseser\u0103 scoase afar\u0103 din cas\u0103 \u0219i din serviciu \u0219i erau muritoare de foame. Elevii, care cuno\u0219teau prea bine situa\u021bia familiei profesorului, au \u00eencercat s\u0103 ajute, f\u0103r\u0103 s\u0103 fac\u0103 v\u00e2lv\u0103, dintr-o omeneasc\u0103 dorin\u021b\u0103 de bine.<\/p>\n<p>Gestul lor, absolut cre\u0219tinesc, a c\u0103p\u0103tat \u00een ochii comuni\u0219tilor dimensiuni apocaliptice.<br \/>\nMihai Buracu a fost judecat \u00eempreun\u0103 cu \u201elotul de bandi\u021bi\u201d pentru aceast\u0103 \u201ecrim\u0103\u201d \u0219i a fost condamnat la doi ani \u00eenchisoare. A executat cinci, tot f\u0103r\u0103 nici-o explica\u021bie. Dar nu orice \u00eenchisoare! A fost supus celebrului fenomen al \u201ereeduc\u0103rii prin tortur\u0103\u201d care s-a practicat la \u00eenchisoarea Pite\u0219ti . Acest cumplit mod de deten\u021bie a debutat la temni\u021ba din cartierul pite\u0219tean Trivale (atunci \u00een c\u00e2mpul de la periferia ora\u0219ului ) \u00een 6 decembrie 1949, \u00eentr-o zi sf\u00e2nt\u0103, de Mo\u0219 Nicolae, ca o batjocur\u0103 la adresa divinit\u0103\u021bii. Modelul reeduc\u0103rii prin tortur\u0103 continu\u0103 asupra de\u021binu\u021bilor a fost sovietic, dar nici acolo el n-a atins cote at\u00e2t de \u00eenfrico\u0219\u0103toare ca la Pite\u0219ti. Ceea ce este mai de condamnat, este faptul c\u0103 de\u021binu\u021bii de la Pite\u0219ti, asupra c\u0103rora s-a exercitat experimentul, erau studen\u021bi \u0219i liceeni superdota\u021bi din punct de vedere intelectual, tot ce avea Rom\u00e2nia mai de pre\u021b la acel moment. Decim\u00e2nd tineretul studios, \u00eentreaga via\u021b\u0103 economic\u0103, social\u0103, politic\u0103 \u0219i cultural\u0103 a \u021b\u0103rii a fost dat\u0103 \u00eenapoi cu decenii. Fostul de\u021binut politic sovietic Al. Soljeni\u021b\u00e2n, cunoscut pe toat\u0103 planeta pentru m\u0103rturiile sale despre deten\u021bia stalinist\u0103, calific\u0103 ,,Fenomenul Pite\u0219ti,, ca fiind ,,Cea mai teribil\u0103 barbarie a lumii contemporane,,.<br \/>\nEste o minune c\u0103 t\u00e2n\u0103rul Buracu, devenit major \u00een \u00eenchisoare, a ie\u0219it cu mintea \u00eentreag\u0103 din infernul de la Pite\u0219ti, care a secerat ori mutilat pe via\u021b\u0103 sute de tineri nevinova\u021bi. Ajunsese la o greutate de 40 de kilograme, la o \u00een\u0103l\u021bime de 1,70 m \u00een momentul eliber\u0103rii din \u00eenchisoare. Era, practic, un schelet ambulant\u2026<br \/>\nPentru a-\u0219i putea continua studiile \u0219i a sc\u0103pa de persecu\u021biile securit\u0103\u021bii, vreme de aproape un deceniu a stat fugar prin Moldova. A revenit al\u0103turi de familie c\u00e2nd avea diploma de profesor \u00een buzunar \u0219i se ref\u0103cuse din punct de vedere fizic. Imaginea Pite\u0219tiului \u0219i amintirile de co\u0219mar tr\u0103ite \u00eentre zidurile acelei \u00eenchisori \u0219i ale lag\u0103relor de munc\u0103 for\u021bat\u0103 prin care a trecut ulterior nu l-au p\u0103r\u0103sit \u00eens\u0103 niciodat\u0103. I-am luat de mai multe ori interviu \u0219i am constatat \u201epe viu\u201d ce efecte distructive , ireversibile au avut asupra sa cumplitele torturi prin care a fost obligat s\u0103 treac\u0103. Dumnezeu i-a dat puterea s\u0103 treac\u0103 mai departe, s\u0103 ierte \u0219i s\u0103 se str\u0103duiasc\u0103 s\u0103 se integreze \u00een societatea complet schimbat\u0103 fa\u021b\u0103 de ceea ce l\u0103sase el la momentul arest\u0103rii.<\/p>\n<p><a href=\"https:\/\/www.cronicadeseverin.ro\/?attachment_id=5222\" rel=\"attachment wp-att-5222\"><img loading=\"lazy\" decoding=\"async\" class=\"alignleft size-medium wp-image-5222\" src=\"https:\/\/www.cronicadeseverin.ro\/wp-content\/uploads\/2020\/03\/Mihai-Buracu-inainte-de-arestare-1949-203x300.jpg\" alt=\"Mihai-Buracu-inainte-de-arestare-1949\" width=\"203\" height=\"300\" srcset=\"https:\/\/www.cronicadeseverin.ro\/wp-content\/uploads\/2020\/03\/Mihai-Buracu-inainte-de-arestare-1949-203x300.jpg 203w, https:\/\/www.cronicadeseverin.ro\/wp-content\/uploads\/2020\/03\/Mihai-Buracu-inainte-de-arestare-1949-768x1135.jpg 768w, https:\/\/www.cronicadeseverin.ro\/wp-content\/uploads\/2020\/03\/Mihai-Buracu-inainte-de-arestare-1949-1040x1536.jpg 1040w, https:\/\/www.cronicadeseverin.ro\/wp-content\/uploads\/2020\/03\/Mihai-Buracu-inainte-de-arestare-1949-1386x2048.jpg 1386w, https:\/\/www.cronicadeseverin.ro\/wp-content\/uploads\/2020\/03\/Mihai-Buracu-inainte-de-arestare-1949-693x1024.jpg 693w, https:\/\/www.cronicadeseverin.ro\/wp-content\/uploads\/2020\/03\/Mihai-Buracu-inainte-de-arestare-1949-250x369.jpg 250w, https:\/\/www.cronicadeseverin.ro\/wp-content\/uploads\/2020\/03\/Mihai-Buracu-inainte-de-arestare-1949.jpg 1441w\" sizes=\"auto, (max-width: 203px) 100vw, 203px\" \/><\/a><br \/>\nComunismul \u00ee\u0219i pusese amprenta asupra \u00eentregii societ\u0103\u021bi rom\u00e2ne\u0219ti din marea \u00eenchisoare care devenise Rom\u00e2nia. Frica, foamea, lipsurile de tot felul \u00eei abrutizase pe bie\u021bii rom\u00e2ni. Disp\u0103ruse \u00eencrederea, omenia, dragostea \u0219i mila de aproapele, disponibilitatea de a s\u0103ri \u00een ajutorul celui aflat \u00een suferin\u021b\u0103 \u0219i multe alte virtu\u021bi pentru care semenii no\u0219tri erau faimo\u0219i \u00een Europa interbelic\u0103.<br \/>\nAnul acesta, pe 30 ianuarie, s-au \u00eemplinit 90 de ani de la na\u0219terea acestui mare rom\u00e2n care a r\u0103mas vertical p\u00e2n\u0103 la sf\u00e2r\u0219itul vie\u021bii, cu toate necazurile \u0219i priva\u021biunile pe care le-a avut de \u00eent\u00e2mpinat. Mihai Buracu, dup\u0103 ie\u0219irea din \u00eenchisoare, s-a c\u0103s\u0103torit cu fata care-i fusese prieten\u0103 \u00eenainte de deten\u021bie \u0219i care l-a a\u0219teptat credincioas\u0103 \u00een tot acest timp. \u00cempreun\u0103 au avut o singur\u0103 fat\u0103, Mihaela. Aceasta este demn\u0103 continuatoare a tradi\u021biilor familiei Buracu, renumit\u0103 pentru patriotism, ata\u0219ament fa\u021b\u0103 de \u021bar\u0103 \u0219i neam, pentru sacrificiile f\u0103cute \u00een folosul semenilor. Pe bun\u0103 dreptate a fost catalogat\u0103 de locuitorii \u021a\u0103rii Alm\u0103julului ( locul de ba\u0219tin\u0103 al familiei) drept ne<\/p>\n<p>muritoare.<br \/>\nEa, Mihaela, adevere\u0219te \u00eentocmai p\u0103rerea marelui Alecsandri care spunea \u201ec\u0103 din vultur vultur na\u015fte, din stejar stejar r\u0103sare!\u201d Prin ac\u021biunile \u00eentreprinse se str\u0103duie\u0219te s\u0103 calce pe urmele p\u0103rin\u021bilor, dar \u0219i ale bunicilor a c\u0103ror faim\u0103 a dep\u0103\u0219it barierele Banatului natal, al Olteniei \u00een care \u0219i-au petrecut o mare parte din via\u021b\u0103, al zonei F\u0103g\u0103ra\u0219ului unde figura preotului Iosif Corilan Buracu a intrat \u00een legend\u0103. Faptele preotului militar , combatant \u00een ambele r\u0103zboaie mondiale, au st\u00e2rnit admira\u021bia , respectul \u0219i recuno\u0219tin\u021ba unor comandan\u021bi de mari unit\u0103\u021bi militare str\u0103ine care l-au r\u0103spl\u0103tit pentru devotamentul s\u0103u cu decora\u021bii \u0219i cit\u0103ri pe Ordine de zi ale armatei. Ziarele vremii au elogiat modul \u00een care un preot str\u0103in se \u00eengrije\u0219te de r\u0103nile trupe\u0219ti \u0219i suflete\u0219ti ale osta\u0219ilor f\u0103r\u0103 deosebire de etnie sau tab\u0103ra militar\u0103 \u00een care au luptat, cu un devotament \u0219i curaj ie\u0219ite cu mult din comun.<br \/>\nPentru str\u0103lucitele virtu\u021bi ost\u0103\u0219e\u0219ti \u0219i duhovnice\u0219ti, dup\u0103 \u00eencheierea r\u0103zboiului, p\u0103rintele Buracu a intrat \u00een vizorul Securit\u0103\u021bii ca o persoan\u0103 cu prea mare trecere la oamenii de r\u00e2nd, cu prea mult\u0103 influen\u021b\u0103 \u00een r\u00e2ndul maselor \u0219i a fost catalogat f\u0103r\u0103 nici-o jen\u0103 sau remu\u0219care \u201edu\u0219man al poporului\u201d, un \u201ebandit\u201d care trebuie urgent izolat. A\u0219a se face c\u0103 p\u0103rintele s-a v\u0103zut \u00een situa\u021bia ingrat\u0103 de a deveni fugar ca s\u0103 nu-\u0219i piard\u0103 libertatea.<br \/>\nTat\u0103 a 11 copii, unul mai valoros dec\u00e2t altul, exemple de moralitate \u0219i verticalitate, p\u0103rintele nu a \u00eencercat \u00een nici-un fel s\u0103-\u0219i promoveze propriii copii de\u0219i i-ar fi fost extrem de u\u0219or s-o fac\u0103 av\u00e2nd \u00een vedere notorietatea sa. Dimpotriv\u0103.<br \/>\nMajoritatea copiilor fiind b\u0103ie\u021bi, \u0219i-au f\u0103cut datoria de osta\u0219i pe c\u00e2mpurile de lupt\u0103. Nu s-a pus problema s\u0103 fie vreunul cocolo\u0219it \u00een fustele mamei sau \u00een spatele frontului. Cei mai mari au \u00eembr\u0103cat uniforma militar\u0103 imediat ce armata a fost mobilizat\u0103, au luptat acolo unde unit\u0103\u021bile lor au fost repartizate \u0219i s-au eviden\u021biat prin eroism \u0219i disciplin\u0103. Unul a murit eroic pe frontul de est ceea ce nu i-a descurajat pe ceilal\u021bi. Cei mai mici au r\u0103mas \u00een grija mamei care numai ea \u0219tie cum reu\u0219ea s\u0103 men\u021bin\u0103 gospod\u0103ria \u00een lipsa so\u021bului mereu plecat, cum reu\u0219ea s\u0103 procure hrana pentru at\u00e2t de multe guri \u0219i s\u0103 mai fac\u0103 fa\u021b\u0103 \u0219i problemelor comunit\u0103\u021bii care apela la sfatul \u0219i ajutorul s\u0103u ca la un fel de autoritate local\u0103, exemplu \u0219i model pentru celelalte femei cople\u0219ite \u0219i ele de grijile familiei \u0219i ale vremurilor de r\u0103zboi.<br \/>\nDup\u0103 r\u0103zboi \u0219i dup\u0103 schimbarea regimului politic, aceast\u0103 mam\u0103 eroin\u0103 \u0219i so\u021bie model a murit subit, \u00een condi\u021bii niciodat\u0103 elucidate. So\u021bul fugar n-a putut nici m\u0103car s\u0103 participe la \u00eenmorm\u00e2ntarea celei care-i fusese al\u0103turi aproape o jum\u0103tate de veac la bine \u0219i mai ales la greu.<br \/>\nNiciunul dintre copiii p\u0103rintelui Buracu, ajuns la gradul de maior militar \u00eenainte de pensionare, nu a r\u0103mas nepedepsit de regimul comunist, imediat dup\u0103 instalarea sa \u00een martie 1945. P\u0103rintele \u00eensu\u0219i a fost arestat \u00een timpul primului r\u0103zboi mondial de unguri pentru atitudinea sa unionist\u0103 \u0219i participant activ la actul Marii Uniri. Dup\u0103 al doilea r\u0103zboi mondial a fost arestat \u0219i condamnat de dou\u0103 ori de regimul comunist pentru atitudine anticomunist\u0103. Dup\u0103 eliberarea din temni\u021b\u0103 i-a fost anulat\u0103 pensia \u0219i a tr\u0103it p\u00e2n\u0103 la sf\u00e2r\u0219itul vie\u021bii lupt\u00e2ndu-se cu greut\u0103\u021bile. Nu s-a pus problema lipsei mijloacelor de trai, fiindc\u0103 nu ar fi permis copiii s\u0103i acest lucru, dar durerea pentru umilin\u021bele nemeritate pe care comuni\u0219tii i le administrau cu prisosin\u021b\u0103 erau mai mari dec\u00e2t orice greutate material\u0103.<\/p>\n<p><a href=\"https:\/\/www.cronicadeseverin.ro\/?attachment_id=5223\" rel=\"attachment wp-att-5223\"><img loading=\"lazy\" decoding=\"async\" class=\"size-medium wp-image-5223 alignright\" src=\"https:\/\/www.cronicadeseverin.ro\/wp-content\/uploads\/2020\/03\/Familia-Buracu-300x191.jpg\" alt=\"Familia BURACU\" width=\"300\" height=\"191\" srcset=\"https:\/\/www.cronicadeseverin.ro\/wp-content\/uploads\/2020\/03\/Familia-Buracu-300x191.jpg 300w, https:\/\/www.cronicadeseverin.ro\/wp-content\/uploads\/2020\/03\/Familia-Buracu-1536x978.jpg 1536w, https:\/\/www.cronicadeseverin.ro\/wp-content\/uploads\/2020\/03\/Familia-Buracu-768x489.jpg 768w, https:\/\/www.cronicadeseverin.ro\/wp-content\/uploads\/2020\/03\/Familia-Buracu-2048x1303.jpg 2048w, https:\/\/www.cronicadeseverin.ro\/wp-content\/uploads\/2020\/03\/Familia-Buracu-1024x652.jpg 1024w, https:\/\/www.cronicadeseverin.ro\/wp-content\/uploads\/2020\/03\/Familia-Buracu-250x159.jpg 250w\" sizes=\"auto, (max-width: 300px) 100vw, 300px\" \/><\/a><br \/>\nEste \u00eenmorm\u00e2ntat la Prigor, l\u00e2ng\u0103 str\u0103mo\u0219ii \u0219i cea mai mare parte a copiilor s\u0103i. B\u0103n\u0103\u021benii nu l-au uitat \u0219i nu-l vor uita, fiindc\u0103 faptele sale sunt \u00eenc\u0103 vizibile peste tot. Un bust din bronz i-a fost pus \u00een fa\u021ba bisericii din Prigor, o troi\u021b\u0103 \u0219i pl\u0103ci comemorative se afl\u0103 prin diferitele locuri unde pentru o vreme a func\u021bionat p\u0103rintele. Activit\u0103\u021bi comemorative se desf\u0103\u0219oar\u0103 frecvent \u00een amintirea p\u0103rintelui, mai ales \u00een Banat.<br \/>\nChiar \u0219i ora\u0219ul nostru, Drobeta Turnu Severin, \u00eei datoreaz\u0103 p\u0103rintelui foarte mult. Cea mai de seam\u0103 amintire este cl\u0103direa Palatului Culturii, cel mai frumos edificiu la urbei, la construirea c\u0103ruia p\u0103rintele a pus mult\u0103 munc\u0103 \u0219i suflet, acolo a \u0219i locuit cu numeroasa sa familie. Niciunul dintre copiii p\u0103rintelui Buracu nu mai este \u00een via\u021b\u0103. Sunt \u00eens\u0103 destui nepo\u021bi care se \u00eengrijesc de mormintele bunicilor \u0219i p\u0103rin\u021bilor, iar comportamentul lor civic este pe m\u0103sura str\u0103bunilor. \u00cen urm\u0103 cu doi ani, Mihaela CIOBOTEA BURACU, fiica lui Mihai BURACU a donat impresionanta bibliotec\u0103 a tat\u0103lui s\u0103u Bibliotecii \u201eI.G. Bibicescu\u201d din Dr. Tr. Severin. \u201eUn gest nobil, pornit din noble\u021be sufleteasc\u0103,\u201d a\u0219a cum a fost consemnat gestul Mihaelei de c\u0103tre un cotidian severinean!<br \/>\nDumnezeu s\u0103-i aib\u0103 \u00een paza Sa pe to\u021bi urma\u0219ii p\u0103rintelui. S\u0103 fie r\u0103spl\u0103ti\u021bi pe m\u0103sura sacrificiilor f\u0103cute de ei \u0219i de \u00eenainta\u0219ii lor. Mihaela este acum singura descendent\u0103 a acestei ilustre, renumite \u0219i legendar\u0103 familie care mai \u021bine leg\u0103tura cu severinenii. A ales ca acum, la \u00eemplinirea a 90 de ani de la na\u0219terea tat\u0103lui s\u0103u, la 70 de ani de la condamnarea sa \u0219i intrarea \u00een infernul de la Pite\u0219ti, s\u0103 publice a IV-a edi\u021bie a c\u0103r\u021bii \u201dT\u0103bli\u021bele de s\u0103pun de la It\u0219etip\u201e al c\u0103rei autor este Mihai Buracu. Este o carte document care va fi un martor de prim\u0103 m\u00e2n\u0103 la o judecat\u0103 a viitorului, atunci c\u00e2nd cei vinova\u021bi de atrocit\u0103\u021bile f\u0103r\u0103 seam\u0103n s\u0103v\u00e2r\u0219ite \u00een deplin\u0103 cuno\u0219tin\u021b\u0103 de cauz\u0103 vor fi judeca\u021bi. Va fi o judecat\u0103 ipotetic\u0103 fiindc\u0103 acei c\u0103l\u0103i au p\u0103r\u0103sit aceast\u0103 lume f\u0103r\u0103 s\u0103-i fi tras cineva la r\u0103spundere pentru crimele comise. P\u0103rintele Ve\u0219nic i-a ridicat pe studen\u021bii de la Pite\u0219ti (colegii de suferin\u021b\u0103 neferici\u021bi ai lui Mihai) din iadul lumesc, , \u00eent\u0103ri\u021bi \u00een credin\u021b\u0103 \u0219i \u00eenfrumuse\u021ba\u021bi \u00een iubire. C\u0103l\u0103ii \u00een schimb au fost trimi\u0219i \u00een iadul ve\u0219nic pentru torturile aplicate acelor tineri nevinova\u021bi care au suferit pentru neam \u0219i \u021bara lor.<br \/>\nGenera\u021bia 1948 este socotit\u0103 genera\u021bia ne\u00eenvins\u0103, nemuritoare. Ea a purtat cu curaj crucea pe care a fost r\u0103stignit\u0103 pentru a-\u0219i vedea patria \u0219i neamul izb\u0103vit de ciuma ro\u0219ie \u0219i \u00een\u0103l\u021bat iar\u0103\u0219i pe temelia valorilor ancestrale. Faptele relatate de Mihai Buracu sunt cutremur\u0103toare, reale, din fiecare pagin\u0103 a c\u0103r\u021bii adev\u0103rul izbucne\u0219te cu for\u021ba unui vulcan \u00een erup\u021bie. Tocmai de aceea, fiecare edi\u021bie a c\u0103r\u021bii s-a epuizat foarte repede. Publicarea noii edi\u021bii, \u00een ora\u0219ul \u00een care autorul a tr\u0103it cea mai mare parte a vie\u021bii, a fost un moment de bucurie \u0219i mare emo\u021bie pentru gestul frumos pe care Mihaela Buracu Ciobotea \u00eel face pentru memoria p\u0103rin\u021bilor \u0219i \u00eenainta\u0219ilor s\u0103i, apreciat de severineni a\u0219a cum se cuvine. Dumnezeu s\u0103-i dea s\u0103n\u0103tate \u0219i putere s\u0103 ne fie mereu al\u0103turi \u00een ac\u021biunile pe care le vom face \u0219i noi, mehedin\u021benii, \u00een onoarea familiei BURACU.<\/p>\n<p>Ileana MATEESCU<\/p>\n","protected":false},"excerpt":{"rendered":"<p>Anul acesta, pe 24 ianuarie, s-au &icirc;mplinit 90 de ani de la na&#537;terea lui Mihai Buracu, un mare rom&acirc;n care a r&#259;mas vertical p&acirc;n&#259; la sf&acirc;r&#537;itul vie&#539;ii, cu toate necazurile &#537;i priva&#539;iunile pe care le-a avut de &icirc;nt&acirc;mpinat. Profesor emerit de limba rom&acirc;n&#259;, scriitor, senator de Mehedin&#539;i, a fost arestat chiar aproape de majorat, pe [&hellip;]<\/p>\n","protected":false},"author":1,"featured_media":5221,"comment_status":"open","ping_status":"open","sticky":false,"template":"","format":"standard","meta":{"footnotes":""},"categories":[838],"tags":[2271,1669,518,2270,398,2272],"class_list":["post-5220","post","type-post","status-publish","format-standard","has-post-thumbnail","hentry","category-inedit-2","tag-fiica","tag-ileana-mateescu","tag-lansare","tag-mihaela-ciobotea-buracu","tag-mihai-buracu","tag-tablitele-de-sapun-de-la-itsetip"],"_links":{"self":[{"href":"https:\/\/www.cronicadeseverin.ro\/index.php?rest_route=\/wp\/v2\/posts\/5220","targetHints":{"allow":["GET"]}}],"collection":[{"href":"https:\/\/www.cronicadeseverin.ro\/index.php?rest_route=\/wp\/v2\/posts"}],"about":[{"href":"https:\/\/www.cronicadeseverin.ro\/index.php?rest_route=\/wp\/v2\/types\/post"}],"author":[{"embeddable":true,"href":"https:\/\/www.cronicadeseverin.ro\/index.php?rest_route=\/wp\/v2\/users\/1"}],"replies":[{"embeddable":true,"href":"https:\/\/www.cronicadeseverin.ro\/index.php?rest_route=%2Fwp%2Fv2%2Fcomments&post=5220"}],"version-history":[{"count":0,"href":"https:\/\/www.cronicadeseverin.ro\/index.php?rest_route=\/wp\/v2\/posts\/5220\/revisions"}],"wp:featuredmedia":[{"embeddable":true,"href":"https:\/\/www.cronicadeseverin.ro\/index.php?rest_route=\/wp\/v2\/media\/5221"}],"wp:attachment":[{"href":"https:\/\/www.cronicadeseverin.ro\/index.php?rest_route=%2Fwp%2Fv2%2Fmedia&parent=5220"}],"wp:term":[{"taxonomy":"category","embeddable":true,"href":"https:\/\/www.cronicadeseverin.ro\/index.php?rest_route=%2Fwp%2Fv2%2Fcategories&post=5220"},{"taxonomy":"post_tag","embeddable":true,"href":"https:\/\/www.cronicadeseverin.ro\/index.php?rest_route=%2Fwp%2Fv2%2Ftags&post=5220"}],"curies":[{"name":"wp","href":"https:\/\/api.w.org\/{rel}","templated":true}]}}