{"id":5162,"date":"2020-02-18T16:44:43","date_gmt":"2020-02-18T16:44:43","guid":{"rendered":"http:\/\/www.cronicadeseverin.ro\/?p=5162"},"modified":"2020-02-18T16:44:43","modified_gmt":"2020-02-18T16:44:43","slug":"motociclete-prin-rabla-clasic","status":"publish","type":"post","link":"https:\/\/www.cronicadeseverin.ro\/?p=5162","title":{"rendered":"Motociclete prin \u201eRabla Clasic\u201d"},"content":{"rendered":"<p><a href=\"https:\/\/www.cronicadeseverin.ro\/?attachment_id=5163\" rel=\"attachment wp-att-5163\"><img loading=\"lazy\" decoding=\"async\" class=\"alignright size-medium wp-image-5163\" src=\"https:\/\/www.cronicadeseverin.ro\/wp-content\/uploads\/2020\/02\/85255357_2995887753775984_3929662280022622208_o-300x215.jpg\" alt=\"\" width=\"300\" height=\"215\" srcset=\"https:\/\/www.cronicadeseverin.ro\/wp-content\/uploads\/2020\/02\/85255357_2995887753775984_3929662280022622208_o-300x215.jpg 300w, https:\/\/www.cronicadeseverin.ro\/wp-content\/uploads\/2020\/02\/85255357_2995887753775984_3929662280022622208_o-768x551.jpg 768w, https:\/\/www.cronicadeseverin.ro\/wp-content\/uploads\/2020\/02\/85255357_2995887753775984_3929662280022622208_o-1536x1101.jpg 1536w, https:\/\/www.cronicadeseverin.ro\/wp-content\/uploads\/2020\/02\/85255357_2995887753775984_3929662280022622208_o-1024x734.jpg 1024w, https:\/\/www.cronicadeseverin.ro\/wp-content\/uploads\/2020\/02\/85255357_2995887753775984_3929662280022622208_o-250x179.jpg 250w, https:\/\/www.cronicadeseverin.ro\/wp-content\/uploads\/2020\/02\/85255357_2995887753775984_3929662280022622208_o.jpg 2048w\" sizes=\"auto, (max-width: 300px) 100vw, 300px\" \/><\/a>Noutatea programului Rabla Clasic din 2020 este posibilitatea de achizi\u021bionare de motociclete. Prima de casare va fi de 3.500 de lei. Aceast\u0103 sum\u0103 a fost stabilit\u0103 pentru fi creat\u0103 echitate \u00eentre cump\u0103r\u0103torii de ma\u0219ini \u0219i cei de motociclete. Astfel, voucherul va reprezenta 10% din valoarea unui vehicul. Ministrul Mediului a anun\u021bat \u0219i o cre\u0219tere a eco-bonusului pentru ma\u0219inile hibride conven\u021bional, cele care nu se \u00eencarc\u0103 la priz\u0103, de la 1.700 de lei la 2.500 de lei. Conform noilor prevederi din program, suma maxim\u0103 decontat\u0103 prin \u201eRabla Clasic\u201d poate atinge 2.000 de euro \u00een cazul persoanelor care \u00ee\u0219i cump\u0103r\u0103 o ma\u0219in\u0103 nou\u0103 care respect\u0103 dou\u0103 eco-bonusuri. Programul Rabla clasic va fi lansat \u00een luna martie, la Craiova, la Ford.<\/p>\n","protected":false},"excerpt":{"rendered":"<p>Noutatea programului Rabla Clasic din 2020 este posibilitatea de achizi&#539;ionare de motociclete. Prima de casare va fi de 3.500 de lei. Aceast&#259; sum&#259; a fost stabilit&#259; pentru fi creat&#259; echitate &icirc;ntre cump&#259;r&#259;torii de ma&#537;ini &#537;i cei de motociclete. Astfel, voucherul va reprezenta 10% din valoarea unui vehicul. Ministrul Mediului a anun&#539;at &#537;i o cre&#537;tere a [&hellip;]<\/p>\n","protected":false},"author":1,"featured_media":5163,"comment_status":"open","ping_status":"open","sticky":false,"template":"","format":"standard","meta":{"footnotes":""},"categories":[4],"tags":[2237,175,2238],"class_list":["post-5162","post","type-post","status-publish","format-standard","has-post-thumbnail","hentry","category-stiri","tag-motociclete","tag-rabla","tag-voucher"],"_links":{"self":[{"href":"https:\/\/www.cronicadeseverin.ro\/index.php?rest_route=\/wp\/v2\/posts\/5162","targetHints":{"allow":["GET"]}}],"collection":[{"href":"https:\/\/www.cronicadeseverin.ro\/index.php?rest_route=\/wp\/v2\/posts"}],"about":[{"href":"https:\/\/www.cronicadeseverin.ro\/index.php?rest_route=\/wp\/v2\/types\/post"}],"author":[{"embeddable":true,"href":"https:\/\/www.cronicadeseverin.ro\/index.php?rest_route=\/wp\/v2\/users\/1"}],"replies":[{"embeddable":true,"href":"https:\/\/www.cronicadeseverin.ro\/index.php?rest_route=%2Fwp%2Fv2%2Fcomments&post=5162"}],"version-history":[{"count":0,"href":"https:\/\/www.cronicadeseverin.ro\/index.php?rest_route=\/wp\/v2\/posts\/5162\/revisions"}],"wp:featuredmedia":[{"embeddable":true,"href":"https:\/\/www.cronicadeseverin.ro\/index.php?rest_route=\/wp\/v2\/media\/5163"}],"wp:attachment":[{"href":"https:\/\/www.cronicadeseverin.ro\/index.php?rest_route=%2Fwp%2Fv2%2Fmedia&parent=5162"}],"wp:term":[{"taxonomy":"category","embeddable":true,"href":"https:\/\/www.cronicadeseverin.ro\/index.php?rest_route=%2Fwp%2Fv2%2Fcategories&post=5162"},{"taxonomy":"post_tag","embeddable":true,"href":"https:\/\/www.cronicadeseverin.ro\/index.php?rest_route=%2Fwp%2Fv2%2Ftags&post=5162"}],"curies":[{"name":"wp","href":"https:\/\/api.w.org\/{rel}","templated":true}]}}