{"id":495,"date":"2012-03-26T15:17:37","date_gmt":"2012-03-26T15:17:37","guid":{"rendered":"http:\/\/www.cronicadeseverin.ro\/?p=495"},"modified":"2012-03-26T15:17:37","modified_gmt":"2012-03-26T15:17:37","slug":"s-a-suparat-cetateanul-bragaru-de-la-orsova","status":"publish","type":"post","link":"https:\/\/www.cronicadeseverin.ro\/?p=495","title":{"rendered":"S-a sup\u0103rat cet\u0103\u0163eanul Br\u0103garu, de la Or\u015fova"},"content":{"rendered":"<p>Joi, 22 martie a.c., m-a sunat cet\u0103\u0163eanul Br\u0103garu, de la Or\u015fova, de pe num\u0103rul 0724369850, sup\u0103rat nevoie mare, c\u0103 v\u0103zuse \u015fi dumnealui ziarul de mar\u0163i, \u015fi nu-i convenea ce-a citit acolo. Dumnealui a afirmat sus \u015fi tare c\u0103 nu m-a sunat ca s\u0103 m\u0103-njure, de\u015fi printre din\u0163i i se vedea, probabil, asta. Dup\u0103 repro\u015furi de genul \u201eb\u0103, n-ai tu carte c\u00e2te am f\u0103cut eu\u201d \u015fi \u201ede-acum \u00eenainte s\u0103 nu mai aud de tine, b\u0103!\u201d a urmat \u00eenchiderea telefonului din partea dumnealui. P\u0103cat c\u0103 n-am v\u0103zut dac\u0103 era ro\u015fu de ciud\u0103, de spaim\u0103 sau de la partid, la fa\u0163\u0103.<br \/>\nSt. JUST<br \/>\n&#8230;Restul CITI\u0162I \u00ceN ZIAR!<\/p>\n","protected":false},"excerpt":{"rendered":"<p>Joi, 22 martie a.c., m-a sunat cet&#259;&#355;eanul Br&#259;garu, de la Or&#351;ova, de pe num&#259;rul 0724369850, sup&#259;rat nevoie mare, c&#259; v&#259;zuse &#351;i dumnealui ziarul de mar&#355;i, &#351;i nu-i convenea ce-a citit acolo. Dumnealui a afirmat sus &#351;i tare c&#259; nu m-a sunat ca s&#259; m&#259;-njure, de&#351;i printre din&#355;i i se vedea, probabil, asta. Dup&#259; repro&#351;uri de [&hellip;]<\/p>\n","protected":false},"author":1,"featured_media":0,"comment_status":"open","ping_status":"open","sticky":false,"template":"","format":"standard","meta":{"footnotes":""},"categories":[4],"tags":[23,228,227],"class_list":["post-495","post","type-post","status-publish","format-standard","hentry","category-stiri","tag-bragaru","tag-psd-orsova","tag-suparat"],"_links":{"self":[{"href":"https:\/\/www.cronicadeseverin.ro\/index.php?rest_route=\/wp\/v2\/posts\/495","targetHints":{"allow":["GET"]}}],"collection":[{"href":"https:\/\/www.cronicadeseverin.ro\/index.php?rest_route=\/wp\/v2\/posts"}],"about":[{"href":"https:\/\/www.cronicadeseverin.ro\/index.php?rest_route=\/wp\/v2\/types\/post"}],"author":[{"embeddable":true,"href":"https:\/\/www.cronicadeseverin.ro\/index.php?rest_route=\/wp\/v2\/users\/1"}],"replies":[{"embeddable":true,"href":"https:\/\/www.cronicadeseverin.ro\/index.php?rest_route=%2Fwp%2Fv2%2Fcomments&post=495"}],"version-history":[{"count":0,"href":"https:\/\/www.cronicadeseverin.ro\/index.php?rest_route=\/wp\/v2\/posts\/495\/revisions"}],"wp:attachment":[{"href":"https:\/\/www.cronicadeseverin.ro\/index.php?rest_route=%2Fwp%2Fv2%2Fmedia&parent=495"}],"wp:term":[{"taxonomy":"category","embeddable":true,"href":"https:\/\/www.cronicadeseverin.ro\/index.php?rest_route=%2Fwp%2Fv2%2Fcategories&post=495"},{"taxonomy":"post_tag","embeddable":true,"href":"https:\/\/www.cronicadeseverin.ro\/index.php?rest_route=%2Fwp%2Fv2%2Ftags&post=495"}],"curies":[{"name":"wp","href":"https:\/\/api.w.org\/{rel}","templated":true}]}}