{"id":4898,"date":"2019-10-18T21:38:56","date_gmt":"2019-10-18T21:38:56","guid":{"rendered":"http:\/\/www.cronicadeseverin.ro\/?p=4898"},"modified":"2019-11-18T21:48:57","modified_gmt":"2019-11-18T21:48:57","slug":"in-numele-tatalui-al-fiului-si-al-sfantului-duh-gigel-daniel-si-costel","status":"publish","type":"post","link":"https:\/\/www.cronicadeseverin.ro\/?p=4898","title":{"rendered":"\u00cen numele Tat\u0103lui, al Fiului \u0219i al Sf\u00e2ntului Duh: GIGEL, DANIEL \u0219i COSTEL !"},"content":{"rendered":"<p><a href=\"https:\/\/www.cronicadeseverin.ro\/?attachment_id=4899\" rel=\"attachment wp-att-4899\"><img loading=\"lazy\" decoding=\"async\" class=\"size-medium wp-image-4899 alignright\" src=\"https:\/\/www.cronicadeseverin.ro\/wp-content\/uploads\/2019\/11\/popescu-269x300.jpg\" alt=\"\" width=\"269\" height=\"300\" srcset=\"https:\/\/www.cronicadeseverin.ro\/wp-content\/uploads\/2019\/11\/popescu-269x300.jpg 269w, https:\/\/www.cronicadeseverin.ro\/wp-content\/uploads\/2019\/11\/popescu-768x855.jpg 768w, https:\/\/www.cronicadeseverin.ro\/wp-content\/uploads\/2019\/11\/popescu-250x278.jpg 250w, https:\/\/www.cronicadeseverin.ro\/wp-content\/uploads\/2019\/11\/popescu.jpg 818w\" sizes=\"auto, (max-width: 269px) 100vw, 269px\" \/><\/a>Dup\u0103 ce a paralizat un jude\u021b \u00eentreg ar\u0103t\u00e2nd \u00eenghesuit la mijlocul biroului de partid, pe MOTANUL COSTEL \u00eenregimentat a n\u0219pea oar\u0103 politic, deputatul Virgil Popescu nu se potole\u0219te \u0219i-l aduce<br \/>\nla Severin, la sediul partidului, \u00eentr-o zi de duminic\u0103, pe nimeni altul dec\u00e2t GIGEL \u0218TIRBU, viitor, sau poate c\u0103 nu, ministru.<\/p>\n<p>Deci, totu\u0219i, de ce-a venit GIGEL? Ca s\u0103-l prea\u00eenal\u021be pe DANIEL \u0219i s\u0103 se fac\u0103, la propriu, c\u0103 nu-l cunoa\u0219te pe COSTEL.<br \/>\nO triad\u0103 nemaipomenit\u0103, care-a dat fiori reci pe spinarea PSD-ului \u0219i i-a f\u0103cut pe USR-i\u0219ti s\u0103 li se scoale p\u0103rul de pe m\u00e2ini ca pielea de g\u0103in\u0103.<\/p>\n<p>Tr\u0103im vremuri \u00een care politica local\u0103, at\u00e2t c\u00e2t a mai r\u0103mas, a-nceput s\u0103 miroase-a tescovin\u0103 \u0219i s\u0103 scoat\u0103 p\u00e2r\u021buri. Controlate sau nu. De la peluza a II-a, pesedi\u0219tii r\u00e2d \u00een vuvuzele de speciali\u0219tii liberali locali care-or da iama-n posturi mai cu seam\u0103 c\u0103 dintre ei s-a f\u0103cut remarcat\u0103 o doamn\u0103 folclogurist\u0103, \u201ec\u0103lare\u201d pe tradi\u021bii \u0219i poporul s\u00e2rb.<br \/>\nNu \u0219tiu de ce am sentimentul c\u0103 cine-i face statuie lui COSTEL, cu toate cele m\u0103rite la vedere,<br \/>\nadic\u0103 complet dezbr\u0103cat pe interior, c\u0103 pe exterior nu-i voie, o s\u0103 c\u00e2\u0219tige alegerile locale.<br \/>\nSt. JUST<\/p>\n","protected":false},"excerpt":{"rendered":"<p>Dup&#259; ce a paralizat un jude&#539; &icirc;ntreg ar&#259;t&acirc;nd &icirc;nghesuit la mijlocul biroului de partid, pe MOTANUL COSTEL &icirc;nregimentat a n&#537;pea oar&#259; politic, deputatul Virgil Popescu nu se potole&#537;te &#537;i-l aduce la Severin, la sediul partidului, &icirc;ntr-o zi de duminic&#259;, pe nimeni altul dec&acirc;t GIGEL &#536;TIRBU, viitor, sau poate c&#259; nu, ministru. Deci, totu&#537;i, de ce-a [&hellip;]<\/p>\n","protected":false},"author":1,"featured_media":4899,"comment_status":"open","ping_status":"open","sticky":false,"template":"","format":"standard","meta":{"footnotes":""},"categories":[292],"tags":[],"class_list":["post-4898","post","type-post","status-publish","format-standard","has-post-thumbnail","hentry","category-editorial"],"_links":{"self":[{"href":"https:\/\/www.cronicadeseverin.ro\/index.php?rest_route=\/wp\/v2\/posts\/4898","targetHints":{"allow":["GET"]}}],"collection":[{"href":"https:\/\/www.cronicadeseverin.ro\/index.php?rest_route=\/wp\/v2\/posts"}],"about":[{"href":"https:\/\/www.cronicadeseverin.ro\/index.php?rest_route=\/wp\/v2\/types\/post"}],"author":[{"embeddable":true,"href":"https:\/\/www.cronicadeseverin.ro\/index.php?rest_route=\/wp\/v2\/users\/1"}],"replies":[{"embeddable":true,"href":"https:\/\/www.cronicadeseverin.ro\/index.php?rest_route=%2Fwp%2Fv2%2Fcomments&post=4898"}],"version-history":[{"count":0,"href":"https:\/\/www.cronicadeseverin.ro\/index.php?rest_route=\/wp\/v2\/posts\/4898\/revisions"}],"wp:featuredmedia":[{"embeddable":true,"href":"https:\/\/www.cronicadeseverin.ro\/index.php?rest_route=\/wp\/v2\/media\/4899"}],"wp:attachment":[{"href":"https:\/\/www.cronicadeseverin.ro\/index.php?rest_route=%2Fwp%2Fv2%2Fmedia&parent=4898"}],"wp:term":[{"taxonomy":"category","embeddable":true,"href":"https:\/\/www.cronicadeseverin.ro\/index.php?rest_route=%2Fwp%2Fv2%2Fcategories&post=4898"},{"taxonomy":"post_tag","embeddable":true,"href":"https:\/\/www.cronicadeseverin.ro\/index.php?rest_route=%2Fwp%2Fv2%2Ftags&post=4898"}],"curies":[{"name":"wp","href":"https:\/\/api.w.org\/{rel}","templated":true}]}}