{"id":4893,"date":"2019-09-30T21:30:11","date_gmt":"2019-09-30T21:30:11","guid":{"rendered":"http:\/\/www.cronicadeseverin.ro\/?p=4893"},"modified":"2019-11-18T21:46:57","modified_gmt":"2019-11-18T21:46:57","slug":"671-rata-somajului-inregistrat-in-evidentele-ajofm-mehedinti-la-sfarsitul-lunii-septembrie-2019","status":"publish","type":"post","link":"https:\/\/www.cronicadeseverin.ro\/?p=4893","title":{"rendered":"6,71% &#8211; rata \u015fomajului \u00eenregistrat \u00een eviden\u0163ele AJOFM Mehedin\u021bi la sf\u00e2r\u0219itul lunii septembrie 2019"},"content":{"rendered":"<p>La sf\u00e2r\u0219itul lunii septembrie 2019, \u00een eviden\u021bele Agen\u021biei Jude\u021bene pentru Ocuparea For\u021bei de Munc\u0103 Mehedin\u021bi erau \u00eenregistra\u021bi 6.961 \u0219omeri (din care 2.969 femei), rata \u0219omajului fiind de 6,71%.<br \/>\nComparativ cu luna precedent\u0103, c\u00e2nd rata \u0219omajului a fost de 6,74%, \u00een aceast\u0103 lun\u0103 acest indicator a \u00eenregistrat o scadere cu 0,03 pp.<br \/>\nDin totalul de persoane \u00eenregistrate \u00een eviden\u021bele AJOFM Mehedin\u021bi, 990 erau beneficiari de indemniza\u0163ie de \u015fomaj, iar 5.971 erau \u0219omeri neindemniza\u021bi. \u00cen ceea ce prive\u0219te mediul de reziden\u021b\u0103, 5.473 \u0219omeri provin din mediul rural \u0219i 1.488 din mediul urban.<br \/>\nStructura \u0219omajului pe grupe de v\u00e2rste se prezint\u0103 astfel:<br \/>\n&lt; 25 ani 549<br \/>\n\u00eentre 25-29 205<br \/>\n\u00eentre 30-39 1.587<br \/>\n\u00eentre 40-49 2.423<br \/>\n\u00eentre 50-55 1.005<br \/>\npeste 55 ani 1.192<br \/>\n\u0218omerii cu studii gimnaziale (3.353) au ponderea cea mai mare \u00een totalul \u015fomerilor \u00eenregistra\u0163i \u00een eviden\u0163ele AJOFM Mehedin\u021bi (48,17%), urmati de cei cu studii primare (1.516, 21,78%), studii liceale (1.098, 15,77%), studii profesionale (828, 11,89%), studii superioare (109, 1,57%) si studii postliceale (57, 0,82%).<br \/>\nStructura \u0219omerilor inregistrati pe nivel de ocupabilitate, stabilit prin profilare, functie de v\u00e2rsta acestora, se prezint\u0103 astfel: 3.821 persoane foarte greu ocupabile, 2.136 greu ocupabile, 259 mediu ocupabile, iar 745 sunt persoane u\u0219or ocupabile. \u00cencadrarea \u00eentr-o categorie de ocupabilitate se realizeaz\u0103 ca urmare a activit\u0103\u0163ii de profilare a persoanelor \u00eenregistrate \u00een eviden\u0163ele AJOFM.<\/p>\n","protected":false},"excerpt":{"rendered":"<p>La sf&acirc;r&#537;itul lunii septembrie 2019, &icirc;n eviden&#539;ele Agen&#539;iei Jude&#539;ene pentru Ocuparea For&#539;ei de Munc&#259; Mehedin&#539;i erau &icirc;nregistra&#539;i 6.961 &#537;omeri (din care 2.969 femei), rata &#537;omajului fiind de 6,71%. Comparativ cu luna precedent&#259;, c&acirc;nd rata &#537;omajului a fost de 6,74%, &icirc;n aceast&#259; lun&#259; acest indicator a &icirc;nregistrat o scadere cu 0,03 pp. Din totalul de persoane [&hellip;]<\/p>\n","protected":false},"author":1,"featured_media":0,"comment_status":"open","ping_status":"open","sticky":false,"template":"","format":"standard","meta":{"footnotes":""},"categories":[4],"tags":[],"class_list":["post-4893","post","type-post","status-publish","format-standard","hentry","category-stiri"],"_links":{"self":[{"href":"https:\/\/www.cronicadeseverin.ro\/index.php?rest_route=\/wp\/v2\/posts\/4893","targetHints":{"allow":["GET"]}}],"collection":[{"href":"https:\/\/www.cronicadeseverin.ro\/index.php?rest_route=\/wp\/v2\/posts"}],"about":[{"href":"https:\/\/www.cronicadeseverin.ro\/index.php?rest_route=\/wp\/v2\/types\/post"}],"author":[{"embeddable":true,"href":"https:\/\/www.cronicadeseverin.ro\/index.php?rest_route=\/wp\/v2\/users\/1"}],"replies":[{"embeddable":true,"href":"https:\/\/www.cronicadeseverin.ro\/index.php?rest_route=%2Fwp%2Fv2%2Fcomments&post=4893"}],"version-history":[{"count":0,"href":"https:\/\/www.cronicadeseverin.ro\/index.php?rest_route=\/wp\/v2\/posts\/4893\/revisions"}],"wp:attachment":[{"href":"https:\/\/www.cronicadeseverin.ro\/index.php?rest_route=%2Fwp%2Fv2%2Fmedia&parent=4893"}],"wp:term":[{"taxonomy":"category","embeddable":true,"href":"https:\/\/www.cronicadeseverin.ro\/index.php?rest_route=%2Fwp%2Fv2%2Fcategories&post=4893"},{"taxonomy":"post_tag","embeddable":true,"href":"https:\/\/www.cronicadeseverin.ro\/index.php?rest_route=%2Fwp%2Fv2%2Ftags&post=4893"}],"curies":[{"name":"wp","href":"https:\/\/api.w.org\/{rel}","templated":true}]}}