{"id":4875,"date":"2019-11-17T16:39:52","date_gmt":"2019-11-17T16:39:52","guid":{"rendered":"http:\/\/www.cronicadeseverin.ro\/?p=4875"},"modified":"2019-11-17T16:39:52","modified_gmt":"2019-11-17T16:39:52","slug":"oameni-ai-judetului-singuri","status":"publish","type":"post","link":"https:\/\/www.cronicadeseverin.ro\/?p=4875","title":{"rendered":"Oameni ai jude\u021bului, singuri&#8230;"},"content":{"rendered":"<p><a href=\"https:\/\/www.cronicadeseverin.ro\/?attachment_id=4876\" rel=\"attachment wp-att-4876\"><img loading=\"lazy\" decoding=\"async\" class=\"size-medium wp-image-4876 alignright\" src=\"https:\/\/www.cronicadeseverin.ro\/wp-content\/uploads\/2019\/11\/draghia-300x202.jpg\" alt=\"\" width=\"300\" height=\"202\" srcset=\"https:\/\/www.cronicadeseverin.ro\/wp-content\/uploads\/2019\/11\/draghia-300x202.jpg 300w, https:\/\/www.cronicadeseverin.ro\/wp-content\/uploads\/2019\/11\/draghia-250x168.jpg 250w, https:\/\/www.cronicadeseverin.ro\/wp-content\/uploads\/2019\/11\/draghia.jpg 633w\" sizes=\"auto, (max-width: 300px) 100vw, 300px\" \/><\/a>Ziua de luni ne-a adus \u00een prim plan dou\u0103 declara\u021bii extrem de interesante ale timpului actual. Prima a fost f\u0103cut\u0103 \u00eentr-o conferin\u021b\u0103 de pres\u0103 despre porci, gripa porcin\u0103 \u0219i alte belele care s-au ab\u0103tut asupra jude\u021bului, conferin\u021b\u0103 organziat\u0103 de prefectul NICOLAE DR\u0102GHIEA, care a mai suspinat \u0219i ni\u0219te declara\u021bii sentimentale, f\u0103r\u0103 iz politic referitor la\u00a0 demitere, schimbare ori alte \u201epedepse\u201d venite din partea celor care-s la Putere acum.<br \/>\n\u201eAm un singur defect, care l-am t\u00e2r\u00e2t dup\u0103 mine toat\u0103 via\u021ba, am iubit foarte mult Mehedin\u021biul \u0219i-l iubesc \u00een continuare, deci, cu vrerea sau f\u0103r\u0103 vrerea cuiva, tot aici sunt&#8230;\u201d<br \/>\nA doua declara\u021bie a fost postat\u0103 pe facebook \u0219i nu face altceva dec\u00e2t s\u0103 ne arate un adev\u0103r, \u0219i anume c\u0103 un partid politic poate \u201edistruge\u201d un ziarist, oric\u00e2t de membru de partid ar fi el, \u201ecu sau f\u0103r\u0103 vrerea cuiva\u201d, ca s\u0103-l parafraz\u0103m pe domn prefect, \u0219i apar\u021bine sup\u0103r\u0103ciosului v\u0103car de la Hinova, nimeni altul dec\u00e2t consilierul local al PNL HINOVA, Alin Ghiciulescu:<br \/>\nCred c\u0103 a sosit timpul \u0219i este datoria noastr\u0103 s\u0103 ne implic\u0103m!<br \/>\n\u201eVoi candida independent, eu apar\u0163in jude\u021bului Mehedin\u0163i. Fiindc\u0103 \u00eentotdeuna am luptat pentru oameni,<br \/>\nvoi r\u0103spunde cu DA oamenilor care au spus c\u0103 m\u0103 sprijin\u0103 independent ori \u00eentrun parteneriat s\u0103n\u0103tos pentru societatea noastr\u0103. Parteneriatul stabile\u015fte condi\u0163ii egale tuturor mehedin\u021benilor<br \/>\nindiferent de pozi\u021bie social\u0103, func\u021bie, culoare politic\u0103!,,<br \/>\nAlin Ghiciulescu<\/p>\n<p>\u00cen 1989 rom\u00e2nii au murit pentru libertate \u0219i democra\u021bie, iar ast\u0103zi&#8230;<br \/>\nCalitatea democra\u021biei \u00een Romania a sc\u0103zut \u00een 2019 \u0219i a ajuns la 6,38, comparativ cu situa\u021bia din 2018, cand scorul \u021b\u0103rii noastre a fost 6,44.<br \/>\nPunctajul 6,38 \u00eencadreaz\u0103 Rom\u00e2nia la categoria \u201cdemocra\u021bie deficient\u0103\u201d, \u021bara noastr\u0103 reu\u0219ind s\u0103 ocupe locul 12 din 28, \u00een ce prive\u0219te calitatea democra\u021biei \u00een \u021b\u0103rile din Europa de Est. La nivel<br \/>\nglobal, ocup\u0103m locul 66 din 167.<br \/>\nAstfel, suntem mai aproape de grupul regimurilor hibride dec\u00e2t de cel al democra\u021biilor consolidate.<br \/>\nDin acest motiv dar \u0219i pentru c\u0103 \u00een partidele politice din jude\u021bul Mehedin\u021bi au r\u0103mas foarte multe personaje nocive ce \u00ee\u0219i doresc puterea s\u0103 se ajute pe ei \u0219i grupurile de interese \u0219i nici decum CET\u0102\u021aEANUL&#8230; VOI CANDIDA INDEPENDENT PENTRU O FUNC\u021aIE DE CONSILIER \u00ceN CONSILIUL JUDE\u021aEAN MEHEDIN\u021aI!<br \/>\nDe unul singur nu pot \u0219i nu am nicio \u0219ans\u0103, dar dac\u0103 sunt oameni \u00een Mehedin\u021bi<br \/>\ncare \u00ee\u0219i doresc s\u0103 mai avem o \u0219ans\u0103 s\u0103 sc\u0103p\u0103m de cei ce au distrus jude\u021bul \u00eei a\u0219tept l\u00e2ng\u0103 mine!<br \/>\nDoi oameni care iubesc Mehedin\u021biul, doi oameni singuri, la urma urmelor, cu sau<br \/>\nf\u0103r\u0103 p\u0103cate, dar care sunt deci\u0219i s\u0103 ia via\u021ba de la cap\u0103t pentru a demonstra c\u0103 se poate. C\u0103\u00a0 se mai poate schimba ceva \u00eentr-o societate haotic\u0103. Nu coment\u0103m aici \u201efaptele de arme\u201d ale celor dou\u0103 personaje,<br \/>\nci numai sinceritatea lor debordant\u0103, dezarmant\u0103 chiar.<br \/>\nLiricul declara\u021biilor nu face altceva dec\u00e2t s\u0103 ne abstractiz\u0103m chintesen\u021ba noastr\u0103 interioar\u0103 spre\u00a0 parcurgerea unui extaz feeric cu valen\u021be de dezvoltare ambiental\u0103 a tuturor solu\u021biilor la problemele cu care ne confrunt\u0103m zi de zi.<br \/>\nSt. JUST<\/p>\n","protected":false},"excerpt":{"rendered":"<p>Ziua de luni ne-a adus &icirc;n prim plan dou&#259; declara&#539;ii extrem de interesante ale timpului actual. Prima a fost f&#259;cut&#259; &icirc;ntr-o conferin&#539;&#259; de pres&#259; despre porci, gripa porcin&#259; &#537;i alte belele care s-au ab&#259;tut asupra jude&#539;ului, conferin&#539;&#259; organziat&#259; de prefectul NICOLAE DR&#258;GHIEA, care a mai suspinat &#537;i ni&#537;te declara&#539;ii sentimentale, f&#259;r&#259; iz politic referitor la&nbsp; [&hellip;]<\/p>\n","protected":false},"author":1,"featured_media":4876,"comment_status":"open","ping_status":"open","sticky":false,"template":"","format":"standard","meta":{"footnotes":""},"categories":[4],"tags":[1850,1601],"class_list":["post-4875","post","type-post","status-publish","format-standard","has-post-thumbnail","hentry","category-stiri","tag-alin-ghiciulescu","tag-draghiea"],"_links":{"self":[{"href":"https:\/\/www.cronicadeseverin.ro\/index.php?rest_route=\/wp\/v2\/posts\/4875","targetHints":{"allow":["GET"]}}],"collection":[{"href":"https:\/\/www.cronicadeseverin.ro\/index.php?rest_route=\/wp\/v2\/posts"}],"about":[{"href":"https:\/\/www.cronicadeseverin.ro\/index.php?rest_route=\/wp\/v2\/types\/post"}],"author":[{"embeddable":true,"href":"https:\/\/www.cronicadeseverin.ro\/index.php?rest_route=\/wp\/v2\/users\/1"}],"replies":[{"embeddable":true,"href":"https:\/\/www.cronicadeseverin.ro\/index.php?rest_route=%2Fwp%2Fv2%2Fcomments&post=4875"}],"version-history":[{"count":0,"href":"https:\/\/www.cronicadeseverin.ro\/index.php?rest_route=\/wp\/v2\/posts\/4875\/revisions"}],"wp:featuredmedia":[{"embeddable":true,"href":"https:\/\/www.cronicadeseverin.ro\/index.php?rest_route=\/wp\/v2\/media\/4876"}],"wp:attachment":[{"href":"https:\/\/www.cronicadeseverin.ro\/index.php?rest_route=%2Fwp%2Fv2%2Fmedia&parent=4875"}],"wp:term":[{"taxonomy":"category","embeddable":true,"href":"https:\/\/www.cronicadeseverin.ro\/index.php?rest_route=%2Fwp%2Fv2%2Fcategories&post=4875"},{"taxonomy":"post_tag","embeddable":true,"href":"https:\/\/www.cronicadeseverin.ro\/index.php?rest_route=%2Fwp%2Fv2%2Ftags&post=4875"}],"curies":[{"name":"wp","href":"https:\/\/api.w.org\/{rel}","templated":true}]}}