{"id":4817,"date":"2019-10-05T07:29:31","date_gmt":"2019-10-05T07:29:31","guid":{"rendered":"http:\/\/www.cronicadeseverin.ro\/?p=4817"},"modified":"2019-10-05T07:29:31","modified_gmt":"2019-10-05T07:29:31","slug":"calendarul-alegerilor-prezidentiale","status":"publish","type":"post","link":"https:\/\/www.cronicadeseverin.ro\/?p=4817","title":{"rendered":"Calendarul ALEGERILOR PREZIDEN\u021aIALE"},"content":{"rendered":"<p>Primul tur al alegerilor preziden\u0163iale are loc pe 10 noiembrie, iar al doilea pe 24 noiembrie. De asemenea, cet\u0103\u0163enii rom\u00e2ni din str\u0103in\u0103tate pot vota, \u00een primul tur al preziden\u0163ialelor, \u00een zilele de 8, 9 \u015fi 10 noiembrie, iar \u00een al doilea tur pe 22, 23 \u015fi 24 noiembrie.<br \/>\nCalendarul alegerilor \u015fi datele limit\u0103 sunt urm\u0103toarele:<br \/>\n\u201e2 septembrie 2019: depunea la BEC a protocolului de constituire a unei alian\u0163e electorale<br \/>\n11 septembrie 2019: \u00eenregistrarea \u00een registrul electoral ca aleg\u0103tor \u00een str\u0103in\u0103tate, respectiv ca aleg\u0103tor prin coresponden\u0163\u0103<br \/>\n22 septembrie 2019, ora 24: depunerea candidaturilor \u015fi comunicarea c\u0103tre BEC a semnelor electorale<br \/>\n12 octombrie: \u00eenceperea campaniei electorale.<br \/>\n8 noiembrie, orele 12.00-21.00, prima zi a vot\u0103rii \u00een str\u0103in\u0103tate.<br \/>\n9 noiembrie, ora 07.00, se \u00eencheie campania electoral\u0103 \u00een \u0163ar\u0103.<br \/>\n9 noiembrie, orele 7-21: a doua zi a vot\u0103rii \u00een str\u0103in\u0103tate.<br \/>\n10 noiembrie, orele 7-21: a treia zi de votare \u00een str\u0103in\u0103tate \u015fi \u00eenceperea vot\u0103rii \u00een \u0163ar\u0103.<br \/>\n10 noiembrie, ora 21.00 se \u00eencheie alegerile at\u00e2t \u00een \u0163ar\u0103, c\u00e2t \u015fi \u00een str\u0103in\u0103tate, iar aleg\u0103torii care la ora 21.00 se afl\u0103 \u00een sec\u0163iile de votare, precum \u015fi cei care se afl\u0103 la r\u00e2nd \u00een afara sec\u0163iilor de vot, pot s\u0103-\u015fi exercite dreptul de vot p\u00e2n\u0103 la ora 23.59\u201d.<\/p>\n","protected":false},"excerpt":{"rendered":"<p>Primul tur al alegerilor preziden&#355;iale are loc pe 10 noiembrie, iar al doilea pe 24 noiembrie. De asemenea, cet&#259;&#355;enii rom&acirc;ni din str&#259;in&#259;tate pot vota, &icirc;n primul tur al preziden&#355;ialelor, &icirc;n zilele de 8, 9 &#351;i 10 noiembrie, iar &icirc;n al doilea tur pe 22, 23 &#351;i 24 noiembrie. Calendarul alegerilor &#351;i datele limit&#259; sunt urm&#259;toarele: [&hellip;]<\/p>\n","protected":false},"author":1,"featured_media":0,"comment_status":"open","ping_status":"open","sticky":false,"template":"","format":"standard","meta":{"footnotes":""},"categories":[4],"tags":[1860,2156,452],"class_list":["post-4817","post","type-post","status-publish","format-standard","hentry","category-stiri","tag-1860","tag-alegeri-prezidentiale","tag-calendar"],"_links":{"self":[{"href":"https:\/\/www.cronicadeseverin.ro\/index.php?rest_route=\/wp\/v2\/posts\/4817","targetHints":{"allow":["GET"]}}],"collection":[{"href":"https:\/\/www.cronicadeseverin.ro\/index.php?rest_route=\/wp\/v2\/posts"}],"about":[{"href":"https:\/\/www.cronicadeseverin.ro\/index.php?rest_route=\/wp\/v2\/types\/post"}],"author":[{"embeddable":true,"href":"https:\/\/www.cronicadeseverin.ro\/index.php?rest_route=\/wp\/v2\/users\/1"}],"replies":[{"embeddable":true,"href":"https:\/\/www.cronicadeseverin.ro\/index.php?rest_route=%2Fwp%2Fv2%2Fcomments&post=4817"}],"version-history":[{"count":0,"href":"https:\/\/www.cronicadeseverin.ro\/index.php?rest_route=\/wp\/v2\/posts\/4817\/revisions"}],"wp:attachment":[{"href":"https:\/\/www.cronicadeseverin.ro\/index.php?rest_route=%2Fwp%2Fv2%2Fmedia&parent=4817"}],"wp:term":[{"taxonomy":"category","embeddable":true,"href":"https:\/\/www.cronicadeseverin.ro\/index.php?rest_route=%2Fwp%2Fv2%2Fcategories&post=4817"},{"taxonomy":"post_tag","embeddable":true,"href":"https:\/\/www.cronicadeseverin.ro\/index.php?rest_route=%2Fwp%2Fv2%2Ftags&post=4817"}],"curies":[{"name":"wp","href":"https:\/\/api.w.org\/{rel}","templated":true}]}}