{"id":4255,"date":"2019-02-27T07:43:56","date_gmt":"2019-02-27T07:43:56","guid":{"rendered":"http:\/\/www.cronicadeseverin.ro\/?p=4255"},"modified":"2019-04-06T11:56:15","modified_gmt":"2019-04-06T11:56:15","slug":"ionut-sibinescu-alde-a-reprezentat-romania-la-adunarea-parlamentara-a-osce","status":"publish","type":"post","link":"https:\/\/www.cronicadeseverin.ro\/?p=4255","title":{"rendered":"Ionu\u021b Sibinescu (ALDE) a reprezentat Rom\u00e2nia la Adunarea Parlamentar\u0103 a OSCE"},"content":{"rendered":"<p><a href=\"https:\/\/www.cronicadeseverin.ro\/?attachment_id=4308\" rel=\"attachment wp-att-4308\"><img loading=\"lazy\" decoding=\"async\" class=\"size-medium wp-image-4308 alignright\" src=\"https:\/\/www.cronicadeseverin.ro\/wp-content\/uploads\/2019\/02\/sibinescu_viena-300x225.jpg\" alt=\"\" width=\"300\" height=\"225\" srcset=\"https:\/\/www.cronicadeseverin.ro\/wp-content\/uploads\/2019\/02\/sibinescu_viena-300x225.jpg 300w, https:\/\/www.cronicadeseverin.ro\/wp-content\/uploads\/2019\/02\/sibinescu_viena-80x60.jpg 80w, https:\/\/www.cronicadeseverin.ro\/wp-content\/uploads\/2019\/02\/sibinescu_viena-768x575.jpg 768w, https:\/\/www.cronicadeseverin.ro\/wp-content\/uploads\/2019\/02\/sibinescu_viena-250x187.jpg 250w, https:\/\/www.cronicadeseverin.ro\/wp-content\/uploads\/2019\/02\/sibinescu_viena-660x494.jpg 660w, https:\/\/www.cronicadeseverin.ro\/wp-content\/uploads\/2019\/02\/sibinescu_viena.jpg 906w\" sizes=\"auto, (max-width: 300px) 100vw, 300px\" \/><\/a><\/p>\n<p>Senatorul ALDE, Ionu\u021b Sibinescu, s-a aflat \u00een perioada 20-22 februarie la Viena, la cea de-a 18-a \u00eent\u00e2lnire de iarn\u0103 a Adun\u0103rii Parlamentare a OSCE. Senatorul mehedin\u021bean a purtat discu\u021bii cu reprezentan\u021bii celorlalte state pe teme de moment, dar \u0219i cu cei din conducerea OSCE.<br \/>\n\u201eAm avut onoarea de reprezenta \u00een aceste zile Rom\u00e2nia la cea de-a 18-a \u00eent\u00e2lnire de iarn\u0103 a Adun\u0103rii Parlamentare a OSCE, care a avut loc \u00een Viena, \u00een calitate de membru titular al delega\u021biei Parlamentului Rom\u00e2niei. La eveniment au participat peste 300 de parlamentari din statele membre ale OSCE. Reuniunea de iarn\u0103 a fost un bun prilej pentru a purta discu\u021bii cu reprezentan\u021bii celorlalte state pe teme de moment, dar \u0219i cu cei din conducerea OSCE\u201d, a spus liderul ALDE Drobeta.<br \/>\nSenatorul Sibinescu a mai spus c\u0103 reuniunea a prilejuit discu\u021bii despre problemele politice \u0219i de securitate, economie \u0219i mediu, precum \u0219i despre problemele umanitare.<br \/>\n\u201eAm participat \u00een cele dou\u0103 zile ale reuniunii la dezbateri cu privire la ap\u0103rarea drepturilor omului, combaterea corup\u021biei, sp\u0103larea banilor \u0219i finan\u021barea terorismului, dar \u0219i despre cum s\u0103 profit\u0103m cel mai bine de instrumentele \u0219i mecanismele OSCE de a rezolva conflictele prelungite\u201d, a ad\u0103ugat Ionu\u021b Sibinescu.<\/p>\n","protected":false},"excerpt":{"rendered":"<p>Senatorul ALDE, Ionu&#539; Sibinescu, s-a aflat &icirc;n perioada 20-22 februarie la Viena, la cea de-a 18-a &icirc;nt&acirc;lnire de iarn&#259; a Adun&#259;rii Parlamentare a OSCE. Senatorul mehedin&#539;ean a purtat discu&#539;ii cu reprezentan&#539;ii celorlalte state pe teme de moment, dar &#537;i cu cei din conducerea OSCE. &bdquo;Am avut onoarea de reprezenta &icirc;n aceste zile Rom&acirc;nia la cea [&hellip;]<\/p>\n","protected":false},"author":1,"featured_media":4308,"comment_status":"open","ping_status":"open","sticky":false,"template":"","format":"standard","meta":{"footnotes":""},"categories":[4],"tags":[1967,1553,1968,1895,1966],"class_list":["post-4255","post","type-post","status-publish","format-standard","has-post-thumbnail","hentry","category-stiri","tag-adunare-parlamentara","tag-ionut-sibinescu","tag-osce","tag-senator-alde","tag-viena"],"_links":{"self":[{"href":"https:\/\/www.cronicadeseverin.ro\/index.php?rest_route=\/wp\/v2\/posts\/4255","targetHints":{"allow":["GET"]}}],"collection":[{"href":"https:\/\/www.cronicadeseverin.ro\/index.php?rest_route=\/wp\/v2\/posts"}],"about":[{"href":"https:\/\/www.cronicadeseverin.ro\/index.php?rest_route=\/wp\/v2\/types\/post"}],"author":[{"embeddable":true,"href":"https:\/\/www.cronicadeseverin.ro\/index.php?rest_route=\/wp\/v2\/users\/1"}],"replies":[{"embeddable":true,"href":"https:\/\/www.cronicadeseverin.ro\/index.php?rest_route=%2Fwp%2Fv2%2Fcomments&post=4255"}],"version-history":[{"count":0,"href":"https:\/\/www.cronicadeseverin.ro\/index.php?rest_route=\/wp\/v2\/posts\/4255\/revisions"}],"wp:featuredmedia":[{"embeddable":true,"href":"https:\/\/www.cronicadeseverin.ro\/index.php?rest_route=\/wp\/v2\/media\/4308"}],"wp:attachment":[{"href":"https:\/\/www.cronicadeseverin.ro\/index.php?rest_route=%2Fwp%2Fv2%2Fmedia&parent=4255"}],"wp:term":[{"taxonomy":"category","embeddable":true,"href":"https:\/\/www.cronicadeseverin.ro\/index.php?rest_route=%2Fwp%2Fv2%2Fcategories&post=4255"},{"taxonomy":"post_tag","embeddable":true,"href":"https:\/\/www.cronicadeseverin.ro\/index.php?rest_route=%2Fwp%2Fv2%2Ftags&post=4255"}],"curies":[{"name":"wp","href":"https:\/\/api.w.org\/{rel}","templated":true}]}}