{"id":4128,"date":"2018-12-23T18:22:21","date_gmt":"2018-12-23T18:22:21","guid":{"rendered":"http:\/\/www.cronicadeseverin.ro\/?p=4128"},"modified":"2024-05-25T09:27:27","modified_gmt":"2024-05-25T09:27:27","slug":"cati-oameni-cu-drept-de-vot-are-romania","status":"publish","type":"post","link":"https:\/\/www.cronicadeseverin.ro\/?p=4128","title":{"rendered":"C\u00e2\u021bi oameni cu drept de vot are Rom\u00e2nia"},"content":{"rendered":"<p><a href=\"https:\/\/www.cronicadeseverin.ro\/?attachment_id=5669\" rel=\"attachment wp-att-4004\"><img loading=\"lazy\" decoding=\"async\" class=\"alignleft wp-image-5669 \" src=\"https:\/\/www.cronicadeseverin.ro\/wp-content\/uploads\/2020\/06\/vot-1024x811.jpg\" alt=\"\" width=\"318\" height=\"252\" srcset=\"https:\/\/www.cronicadeseverin.ro\/wp-content\/uploads\/2020\/06\/vot-1024x811.jpg 1024w, https:\/\/www.cronicadeseverin.ro\/wp-content\/uploads\/2020\/06\/vot-300x238.jpg 300w, https:\/\/www.cronicadeseverin.ro\/wp-content\/uploads\/2020\/06\/vot-768x608.jpg 768w, https:\/\/www.cronicadeseverin.ro\/wp-content\/uploads\/2020\/06\/vot-1536x1217.jpg 1536w, https:\/\/www.cronicadeseverin.ro\/wp-content\/uploads\/2020\/06\/vot-250x198.jpg 250w, https:\/\/www.cronicadeseverin.ro\/wp-content\/uploads\/2020\/06\/vot.jpg 1660w\" sizes=\"auto, (max-width: 318px) 100vw, 318px\" \/><\/a>\u201dNum\u0103rul total de cet\u0103\u021beni cu drept de vot \u00eenscri\u0219i \u00een Registrul electoral la data de 30 noiembrie 2018 este de 18.942.269, cu 3.603 mai pu\u021bini fa\u021b\u0103 de ultima informare public\u0103 realizat\u0103 de Autoritatea Electoral\u0103 Permanent\u0103 (AEP) pe aceast\u0103 tem\u0103, potrivit c\u0103reia, la data de 31 octombrie 2018 figurau \u00een Registrul electoral 18.945.872 de aleg\u0103tori rom\u00e2ni\u201d transmite AEP. Diferen\u021ba at\u00e2t de mare de la o lun\u0103 la alta apare ca urmare a opera\u021biunilor curente efectuate de primari.<br \/>\n\u00cen perioada 01.11.2018 \u2013 30.11.2018, la nivelul prim\u0103riilor au fost operate \u00een Registrul electoral urm\u0103toarele radieri:<br \/>\n20.957 de persoane au fost radiate ca urmare a decesului, conform prevederilor art. 37 din Legea nr. 208\/2015 privind alegerea Senatului \u015fi a Camerei Deputa\u0163ilor, precum \u015fi pentru organizarea \u015fi func\u0163ionarea Autorit\u0103\u0163ii Electorale Permanente, cu modific\u0103rile \u0219i complet\u0103rile ulterioare;<br \/>\n131 de persoane au fost radiate ca urmare a \u00eencadr\u0103rii \u00een prevederile art. 39 din aceea\u0219i lege, referitor la radierea din Registrul electoral a aleg\u0103torilor c\u0103rora li s-a interzis exercitarea dreptului de a alege sau au fost pu\u0219i sub interdic\u021bie.<br \/>\nUn num\u0103r de 155 de persoane au redob\u00e2ndit drepturile electorale ca urmare a expir\u0103rii perioadei de radiere. Num\u0103rul de aleg\u0103tori care au \u00eemplinit 18 ani \u00een aceea\u0219i perioad\u0103 este de 17.330, ace\u0219tia fiind \u00eenscri\u0219i \u00een Registrul electoral din oficiu, de c\u0103tre Autoritatea Electoral\u0103 Permanent\u0103, pe baza comunic\u0103rii Direc\u0163iei pentru Eviden\u0163a Persoanelor \u015fi Administrarea Bazelor de Date.<br \/>\nDin totalul de aleg\u0103tori rom\u00e2ni care figureaz\u0103 \u00een Registrul electoral, un num\u0103r de 18.271.310 au domiciliul sau re\u0219edin\u021ba \u00een \u021bar\u0103, iar 670.959 au domiciliul \u00een str\u0103in\u0103tate \u0219i sunt posesori de pa\u0219aport CRDS.<\/p>\n","protected":false},"excerpt":{"rendered":"<p>&rdquo;Num&#259;rul total de cet&#259;&#539;eni cu drept de vot &icirc;nscri&#537;i &icirc;n Registrul electoral la data de 30 noiembrie 2018 este de 18.942.269, cu 3.603 mai pu&#539;ini fa&#539;&#259; de ultima informare public&#259; realizat&#259; de Autoritatea Electoral&#259; Permanent&#259; (AEP) pe aceast&#259; tem&#259;, potrivit c&#259;reia, la data de 31 octombrie 2018 figurau &icirc;n Registrul electoral 18.945.872 de aleg&#259;tori rom&acirc;ni&rdquo; [&hellip;]<\/p>\n","protected":false},"author":1,"featured_media":5669,"comment_status":"open","ping_status":"open","sticky":false,"template":"","format":"standard","meta":{"footnotes":""},"categories":[13],"tags":[],"class_list":["post-4128","post","type-post","status-publish","format-standard","has-post-thumbnail","hentry","category-sport"],"_links":{"self":[{"href":"https:\/\/www.cronicadeseverin.ro\/index.php?rest_route=\/wp\/v2\/posts\/4128","targetHints":{"allow":["GET"]}}],"collection":[{"href":"https:\/\/www.cronicadeseverin.ro\/index.php?rest_route=\/wp\/v2\/posts"}],"about":[{"href":"https:\/\/www.cronicadeseverin.ro\/index.php?rest_route=\/wp\/v2\/types\/post"}],"author":[{"embeddable":true,"href":"https:\/\/www.cronicadeseverin.ro\/index.php?rest_route=\/wp\/v2\/users\/1"}],"replies":[{"embeddable":true,"href":"https:\/\/www.cronicadeseverin.ro\/index.php?rest_route=%2Fwp%2Fv2%2Fcomments&post=4128"}],"version-history":[{"count":1,"href":"https:\/\/www.cronicadeseverin.ro\/index.php?rest_route=\/wp\/v2\/posts\/4128\/revisions"}],"predecessor-version":[{"id":9445,"href":"https:\/\/www.cronicadeseverin.ro\/index.php?rest_route=\/wp\/v2\/posts\/4128\/revisions\/9445"}],"wp:featuredmedia":[{"embeddable":true,"href":"https:\/\/www.cronicadeseverin.ro\/index.php?rest_route=\/wp\/v2\/media\/5669"}],"wp:attachment":[{"href":"https:\/\/www.cronicadeseverin.ro\/index.php?rest_route=%2Fwp%2Fv2%2Fmedia&parent=4128"}],"wp:term":[{"taxonomy":"category","embeddable":true,"href":"https:\/\/www.cronicadeseverin.ro\/index.php?rest_route=%2Fwp%2Fv2%2Fcategories&post=4128"},{"taxonomy":"post_tag","embeddable":true,"href":"https:\/\/www.cronicadeseverin.ro\/index.php?rest_route=%2Fwp%2Fv2%2Ftags&post=4128"}],"curies":[{"name":"wp","href":"https:\/\/api.w.org\/{rel}","templated":true}]}}