{"id":4100,"date":"2018-11-26T18:03:36","date_gmt":"2018-11-26T18:03:36","guid":{"rendered":"http:\/\/www.cronicadeseverin.ro\/?p=4100"},"modified":"2018-11-26T18:03:36","modified_gmt":"2018-11-26T18:03:36","slug":"cine-saboteaza-spitalul-din-orsova","status":"publish","type":"post","link":"https:\/\/www.cronicadeseverin.ro\/?p=4100","title":{"rendered":"Cine saboteaz\u0103 spitalul din Or\u0219ova ?"},"content":{"rendered":"<figure id=\"attachment_3692\" aria-describedby=\"caption-attachment-3692\" style=\"width: 149px\" class=\"wp-caption alignright\"><a href=\"https:\/\/www.cronicadeseverin.ro\/?attachment_id=3692\" rel=\"attachment wp-att-3692\"><img loading=\"lazy\" decoding=\"async\" class=\" wp-image-3692\" src=\"https:\/\/www.cronicadeseverin.ro\/wp-content\/uploads\/2018\/07\/DSCN1436.jpg\" alt=\"\" width=\"149\" height=\"184\" srcset=\"https:\/\/www.cronicadeseverin.ro\/wp-content\/uploads\/2018\/07\/DSCN1436.jpg 1246w, https:\/\/www.cronicadeseverin.ro\/wp-content\/uploads\/2018\/07\/DSCN1436-243x300.jpg 243w, https:\/\/www.cronicadeseverin.ro\/wp-content\/uploads\/2018\/07\/DSCN1436-768x947.jpg 768w, https:\/\/www.cronicadeseverin.ro\/wp-content\/uploads\/2018\/07\/DSCN1436-831x1024.jpg 831w, https:\/\/www.cronicadeseverin.ro\/wp-content\/uploads\/2018\/07\/DSCN1436-250x308.jpg 250w, https:\/\/www.cronicadeseverin.ro\/wp-content\/uploads\/2018\/07\/DSCN1436-660x814.jpg 660w\" sizes=\"auto, (max-width: 149px) 100vw, 149px\" \/><\/a><figcaption id=\"caption-attachment-3692\" class=\"wp-caption-text\">cican<\/figcaption><\/figure>\n<p>Demersul managerului Cican privind demararea procedurii de achizi\u021bionare a unei autoutilitare, at\u00e2t de necesar\u0103 pentru spitalul or\u0219ovean, s-a izbit zile \u00een \u0219ir de un zid de sabotori. Sabotori pl\u0103ti\u021bi din bani publici, cu preten\u021bii de consilieri locali doar c\u00e2nd vine vorba de indemniza\u021bia lunar\u0103.<br \/>\nConvoca\u021bi de trei ori s\u0103pt\u0103m\u00e2na trecut\u0103 pentru a-\u0219i da girul \u00een vederea achizi\u021bion\u0103rii \u00een leasing a unui autoturism autoutilitar de 5 locuri destinat transportului pacien\u021bilor pentru consulta\u021bii interdisciplinare \u0219i pentru personalul administrativ \u00een interes de serviciu, ale\u0219ii no\u0219tri au refuzat efectiv, s\u0103 se prezinte. Motivul poate fi doar unul din trei, sau toate trei laolalt\u0103:<br \/>\n1. Fiind \u0219edin\u021b\u0103 nepl\u0103tit\u0103, nu s-au sinchisit, de\u0219i era urgen\u021b\u0103.<br \/>\n2. Rea voin\u021b\u0103 \u0219i atunci ne \u00eentreb\u0103m pe cine naiba mai reprezint\u0103 oamenii \u0103\u0219tia?<br \/>\n3. Ceva tipic politicului rom\u00e2nesc, gen \u201ebe\u021be-n roate\u201d lui Cican, c\u0103 e pre\u0219edinte de partid, aliat cu primarul, \u0219i mai zice \u0219i nasoale de unii, pe facebook<br \/>\nDac\u0103 la prima \u00eentrunire pe aceast\u0103 tem\u0103, cea din 14 noiembrie, unii consilieri au refuzat s\u0103-\u0219i dea acordul invoc\u00e2nd absen\u021ba managerului \u0219i a detaliilor referitoare la proiect, ulterior , la convoc\u0103rile din 15 \u0219i 16 noiembrie, aceia\u0219i consilieri s-au aliat \u0219i nu s-au mai prezentat. Degeaba s-a prezentat conducerea spitalului pentru a oferi toate am\u0103nuntele cerute de cei care s-au declarat din prima \u201econtra\u201d, pentru c\u0103 nu a avut pe cine s\u0103 l\u0103mureasc\u0103. To\u021bi nel\u0103muri\u021bii, respectiv Ianculovici, Oprea, Chircu, Anghel, Bijan, Macovei, P\u0103t\u0103\u0219anu, Pala\u0219c\u0103 au lipsit, ceea ce a dus la \u00eenchiderea \u0219edin\u021bei \u00eenainte de a \u00eencepe, din lips\u0103 de cvorum. \u00cent\u00e2rzierea demar\u0103rii procedurii nu va mai da \u0219ans\u0103 spitalului din Or\u0219ova s\u0103 achizi\u021bioneze autoutilitara, fiindc\u0103 termenul limit\u0103 pentru programul Rabla este 29.11.2018, iar parcursul documentelor este unul birocratico-greoi, pe traseul prim\u0103rie-prefectur\u0103-leasing.<br \/>\nDe fapt, ce cerea Cican \u0219i de ce proiectul s\u0103u nu a fost agreat? Managerul Cican voia doar acordul cas\u0103rii unei rable, veche de c\u00e2nd spitalul, \u0219i achizi\u021bionarea \u00een leasing a unui Docker nou, de 5 locuri. Prin programul Rabla, pe rabla casat\u0103 primea o bonifica\u021bie de 7500 lei, iar achitarea noii ma\u0219ini o f\u0103cea spitalul, \u00een rate lunare, din \u00eencasarea de servicii medicale prestate c\u0103tre popula\u021bie. De ce cerea Cican asta? Doar pentru a oferi pacien\u021bilor o via\u021b\u0103 mai bun\u0103 \u00een ceea ce prive\u0219te actul medical, \u00een condi\u021biile \u00een care patrimoniul parcului auto al spitalului const\u0103 \u00een dou\u0103 ambulan\u021be, \u0219i alea vai mama lor, ajunse la spitalul or\u0219ovean doar din mila str\u0103inilor. De ce totu\u0219i, exist\u0103 consilieri care refuz\u0103 s\u0103-\u0219i dea acceptul pentru ca spitalul s\u0103 aib\u0103, \u00een sf\u00e2r\u0219it, ceva nou \u0219i bun? De ce-l saboteaz\u0103 pe Cican, unii ajung\u00e2nd s\u0103-\u0219i pun\u0103 m\u00e2inile-n cap c\u00e2nd v\u0103d vreun proiect ce vizeaz\u0103 spitalul? Pentru c\u0103&#8230; rom\u00e2nisme. De ce l-ar l\u0103sa s\u0103 fac\u0103, s\u0103 mi\u0219te \u0219i s\u0103 schimbe lucruri dac\u0103 e pre\u0219edintele PND, PND care e reprezentat de 3 consilieri , consilieri care au oarece alian\u021b\u0103 cu primarul? Dac\u0103 \u00een\u021belegem opozi\u021bia c\u0103 se opune, c\u0103 nu vrea, e greu \u00een schimb de \u00een\u021beles de ce consilieri ai PSD, adic\u0103 ai primarului, au \u0219i ei brusc viziuni liberale, adic\u0103 \u00eempotriva intereselor cet\u0103\u021benilor? \u00cen momentul acesta, spitalul din Or\u0219ova este l\u0103sat practic f\u0103r\u0103 sprijin din partea consiliului local, de vreme ce o m\u00e2n\u0103 de oameni nu reu\u0219esc s\u0103 se adune la un loc, s\u0103 asculte m\u0103car ni\u0219te explica\u021bii pe care, culmea, chiar ei le-au solicitat. Ne a\u0219teptam de la ace\u0219ti ale\u0219i s\u0103 sus\u021bin\u0103 spitalul \u0219i pe cei care fac eforturi s\u0103 m\u0103reasc\u0103 echipa de medici, s\u0103 le ofere facilit\u0103\u021bi ca s\u0103 r\u0103m\u00e2n\u0103 \u00een ora\u0219, s\u0103 fac\u0103 investi\u021bii, \u00eentr-un cuv\u00e2nt s\u0103-i lase s\u0103 munceasc\u0103. Dar nu-i a\u0219a, ci dimpotriv\u0103, politicul local este cel care ne bag\u0103 \u00een spital \u0219i ne \u00eemboln\u0103ve\u0219te grav, doar pentru c\u0103 e amator, neprofesionist \u0219i lipsit de umanitate, dac\u0103 tot vorbim despre s\u0103n\u0103tate.<\/p>\n<p style=\"text-align: right;\">PeneLISTA<br \/>\nKONTRA<\/p>\n","protected":false},"excerpt":{"rendered":"<p>Demersul managerului Cican privind demararea procedurii de achizi&#539;ionare a unei autoutilitare, at&acirc;t de necesar&#259; pentru spitalul or&#537;ovean, s-a izbit zile &icirc;n &#537;ir de un zid de sabotori. Sabotori pl&#259;ti&#539;i din bani publici, cu preten&#539;ii de consilieri locali doar c&acirc;nd vine vorba de indemniza&#539;ia lunar&#259;. Convoca&#539;i de trei ori s&#259;pt&#259;m&acirc;na trecut&#259; pentru a-&#537;i da girul &icirc;n [&hellip;]<\/p>\n","protected":false},"author":1,"featured_media":3692,"comment_status":"open","ping_status":"open","sticky":false,"template":"","format":"standard","meta":{"footnotes":""},"categories":[4],"tags":[],"class_list":["post-4100","post","type-post","status-publish","format-standard","has-post-thumbnail","hentry","category-stiri"],"_links":{"self":[{"href":"https:\/\/www.cronicadeseverin.ro\/index.php?rest_route=\/wp\/v2\/posts\/4100","targetHints":{"allow":["GET"]}}],"collection":[{"href":"https:\/\/www.cronicadeseverin.ro\/index.php?rest_route=\/wp\/v2\/posts"}],"about":[{"href":"https:\/\/www.cronicadeseverin.ro\/index.php?rest_route=\/wp\/v2\/types\/post"}],"author":[{"embeddable":true,"href":"https:\/\/www.cronicadeseverin.ro\/index.php?rest_route=\/wp\/v2\/users\/1"}],"replies":[{"embeddable":true,"href":"https:\/\/www.cronicadeseverin.ro\/index.php?rest_route=%2Fwp%2Fv2%2Fcomments&post=4100"}],"version-history":[{"count":0,"href":"https:\/\/www.cronicadeseverin.ro\/index.php?rest_route=\/wp\/v2\/posts\/4100\/revisions"}],"wp:featuredmedia":[{"embeddable":true,"href":"https:\/\/www.cronicadeseverin.ro\/index.php?rest_route=\/wp\/v2\/media\/3692"}],"wp:attachment":[{"href":"https:\/\/www.cronicadeseverin.ro\/index.php?rest_route=%2Fwp%2Fv2%2Fmedia&parent=4100"}],"wp:term":[{"taxonomy":"category","embeddable":true,"href":"https:\/\/www.cronicadeseverin.ro\/index.php?rest_route=%2Fwp%2Fv2%2Fcategories&post=4100"},{"taxonomy":"post_tag","embeddable":true,"href":"https:\/\/www.cronicadeseverin.ro\/index.php?rest_route=%2Fwp%2Fv2%2Ftags&post=4100"}],"curies":[{"name":"wp","href":"https:\/\/api.w.org\/{rel}","templated":true}]}}