{"id":4016,"date":"2018-11-03T09:08:18","date_gmt":"2018-11-03T09:08:18","guid":{"rendered":"http:\/\/www.cronicadeseverin.ro\/?p=4016"},"modified":"2018-11-03T09:08:18","modified_gmt":"2018-11-03T09:08:18","slug":"consiliul-judetean-mehedinti-premiat-la-gala-administratie-ro","status":"publish","type":"post","link":"https:\/\/www.cronicadeseverin.ro\/?p=4016","title":{"rendered":"Consiliul Jude\u021bean MEHEDIN\u021aI, premiat la GALA ADMINISTRA\u021aIE.RO"},"content":{"rendered":"<p><a href=\"https:\/\/www.cronicadeseverin.ro\/?attachment_id=4017\" rel=\"attachment wp-att-4017\"><img loading=\"lazy\" decoding=\"async\" class=\"wp-image-4017 alignright\" src=\"https:\/\/www.cronicadeseverin.ro\/wp-content\/uploads\/2018\/11\/aladin.png\" alt=\"\" width=\"341\" height=\"341\" srcset=\"https:\/\/www.cronicadeseverin.ro\/wp-content\/uploads\/2018\/11\/aladin.png 699w, https:\/\/www.cronicadeseverin.ro\/wp-content\/uploads\/2018\/11\/aladin-150x150.png 150w, https:\/\/www.cronicadeseverin.ro\/wp-content\/uploads\/2018\/11\/aladin-300x300.png 300w, https:\/\/www.cronicadeseverin.ro\/wp-content\/uploads\/2018\/11\/aladin-250x250.png 250w, https:\/\/www.cronicadeseverin.ro\/wp-content\/uploads\/2018\/11\/aladin-660x659.png 660w\" sizes=\"auto, (max-width: 341px) 100vw, 341px\" \/><\/a>Pre\u0219edintele Consiliului Jude\u021bean Mehedin\u021bi, Aladin Georgescu a primit joi, 25 octombrie 2018, premiul la Sec\u021biunea servicii de s\u0103n\u0103tate, \u00een cadrul edi\u021biei a XIV-a a Galei Administra\u0163ie.ro, pentru proiecte derulate de administra\u021biile locale din \u021bar\u0103, desf\u0103\u0219urat\u0103 la Bra\u0219ov.<\/p>\n<p>Proiectul c\u00e2\u0219tig\u0103tor este \u201cReabilitare\/modernizare pentru cre\u0219terea eficien\u021bei energetice la Pavilionul Psihiatrie I \u0219i II\u201d, derulat de Consiliul Jude\u021bean Mehedin\u021bi pe Programul Opera\u021bional Regional 2014 &#8211; 2020.<br \/>\n\u201dA fost o munc\u0103 asidu\u0103 \u00een ultimii doi ani, la Consiliul Jude\u021bean Mehedin\u021bi, \u00een ceea ce prive\u0219te infrastructura de s\u0103n\u0103tate, c\u0103reia i-am acordat o aten\u021bie deosebit\u0103 \u0219i am considerat c\u0103 Programul Opera\u021bional Regional ne ofer\u0103 cele mai bune posibilit\u0103\u021bi pentru a accesa fonduri europene, motiv pentru care am depus mai multe cereri de finan\u021bare, ultima \u0219i poate cea mai important urm\u00e2nd s\u0103 fie depus\u0103 luni. (n.r. 29 octombrie 2018), pentru reabilitarea Spitalului Jude\u021bean din Drobeta Turnu Severin. Alte proiecte pentru infrastructura de s\u0103n\u0103tate se refer\u0103 la reabilitarea Ambulatoriului, a Unit\u0103\u021bii de Primiri Urgen\u021be \u0219i a Sec\u021biei Psihiatrie, Pavilionului I \u0219i II, pentru care am \u0219i semnat contractual de finan\u021bare.<\/p>\n<p>Premiul este unul simbolic, venit la cap\u0103tul muncii sus\u021binute depus\u0103 de \u00eentreaga echip\u0103 din cadrul Consiliului Jude\u021bean Mehedin\u021bi pentru toate proiectele pe care le gestioneaz\u0103 \u00een slujba mehedin\u021benilor\u201d, a declarat pre\u0219edintele Consiliului Jude\u021bean Mehedin\u021bi, Aladin Georgescu.Valoarea proiectelor gestionate de Consiliul Jude\u021bean Mehedin\u021bi, \u00een prezent, este de peste 24 milioane euro.\u00cen cadrul Galei Administra\u021bie.ro de anul acesta au fost premia\u021bi lideri ai institu\u021biilor administra\u021biei publice rom\u00e2ne\u0219ti: pre\u0219edin\u021bi \u0219i vicepre\u0219edin\u021bi de consilii jude\u021bene, primari, viceprimari, prefec\u021bi \u0219i subprefec\u021bi, proiectele fiind analizate de un juriu alc\u0103tuit din personalit\u0103\u021bi reprezentative din cadrul institu\u021biilor administra\u021biei publice, al asocia\u021biilor profesionale din administra\u021bia public\u0103 \u0219i al mediului universitar.<br \/>\nOana Buzatu,<br \/>\nCompartimentul pentru Rela\u021bia cu Mass \u2013 Media<\/p>\n","protected":false},"excerpt":{"rendered":"<p>Pre&#537;edintele Consiliului Jude&#539;ean Mehedin&#539;i, Aladin Georgescu a primit joi, 25 octombrie 2018, premiul la Sec&#539;iunea servicii de s&#259;n&#259;tate, &icirc;n cadrul edi&#539;iei a XIV-a a Galei Administra&#355;ie.ro, pentru proiecte derulate de administra&#539;iile locale din &#539;ar&#259;, desf&#259;&#537;urat&#259; la Bra&#537;ov. Proiectul c&acirc;&#537;tig&#259;tor este &ldquo;Reabilitare\/modernizare pentru cre&#537;terea eficien&#539;ei energetice la Pavilionul Psihiatrie I &#537;i II&rdquo;, derulat de Consiliul Jude&#539;ean [&hellip;]<\/p>\n","protected":false},"author":1,"featured_media":4017,"comment_status":"open","ping_status":"open","sticky":false,"template":"","format":"standard","meta":{"footnotes":""},"categories":[4],"tags":[],"class_list":["post-4016","post","type-post","status-publish","format-standard","has-post-thumbnail","hentry","category-stiri"],"_links":{"self":[{"href":"https:\/\/www.cronicadeseverin.ro\/index.php?rest_route=\/wp\/v2\/posts\/4016","targetHints":{"allow":["GET"]}}],"collection":[{"href":"https:\/\/www.cronicadeseverin.ro\/index.php?rest_route=\/wp\/v2\/posts"}],"about":[{"href":"https:\/\/www.cronicadeseverin.ro\/index.php?rest_route=\/wp\/v2\/types\/post"}],"author":[{"embeddable":true,"href":"https:\/\/www.cronicadeseverin.ro\/index.php?rest_route=\/wp\/v2\/users\/1"}],"replies":[{"embeddable":true,"href":"https:\/\/www.cronicadeseverin.ro\/index.php?rest_route=%2Fwp%2Fv2%2Fcomments&post=4016"}],"version-history":[{"count":0,"href":"https:\/\/www.cronicadeseverin.ro\/index.php?rest_route=\/wp\/v2\/posts\/4016\/revisions"}],"wp:featuredmedia":[{"embeddable":true,"href":"https:\/\/www.cronicadeseverin.ro\/index.php?rest_route=\/wp\/v2\/media\/4017"}],"wp:attachment":[{"href":"https:\/\/www.cronicadeseverin.ro\/index.php?rest_route=%2Fwp%2Fv2%2Fmedia&parent=4016"}],"wp:term":[{"taxonomy":"category","embeddable":true,"href":"https:\/\/www.cronicadeseverin.ro\/index.php?rest_route=%2Fwp%2Fv2%2Fcategories&post=4016"},{"taxonomy":"post_tag","embeddable":true,"href":"https:\/\/www.cronicadeseverin.ro\/index.php?rest_route=%2Fwp%2Fv2%2Ftags&post=4016"}],"curies":[{"name":"wp","href":"https:\/\/api.w.org\/{rel}","templated":true}]}}