{"id":3561,"date":"2018-06-13T13:32:29","date_gmt":"2018-06-13T13:32:29","guid":{"rendered":"http:\/\/www.cronicadeseverin.ro\/?p=3561"},"modified":"2018-06-13T13:32:29","modified_gmt":"2018-06-13T13:32:29","slug":"acordarea-indemnizatiei-de-somaj-absolventilor-diferitelor-institutii-de-invatamant-promotia-2018","status":"publish","type":"post","link":"https:\/\/www.cronicadeseverin.ro\/?p=3561","title":{"rendered":"Acordarea indemniza\u0163iei de  \u015fomaj absolven\u0163ilor diferitelor institu\u0163ii de \u00eenv\u0103\u0163\u0103m\u00e2nt  promo\u0163ia 2018"},"content":{"rendered":"<p>Odat\u0103 cu terminarea anului \u015fcolar 2017-2018, absolven\u0163ii institu\u021biilor de \u00eenv\u0103\u021b\u0103m\u00e2nt sunt a\u015ftepta\u0163i s\u0103 se \u00eenscrie \u00een eviden\u0163ele Agen\u0163iei Judetene pentru Ocuparea For\u0163ei de Munc\u0103 Mehedinti pentru a beneficia de asisten\u0163\u0103 personalizat\u0103 \u00een vederea identific\u0103rii \u015fi ocup\u0103rii unui loc de munc\u0103.\u00a0 Absolven\u021bii diferitelor forme de invatamint \u00eenregistra\u021bi beneficiaz\u0103 de informare \u015fi consiliere profesional\u0103, mediere pentru identificarea unui loc de munc\u0103, precum \u015fi de diverse facilit\u0103\u0163i financiare.<br \/>\nDe asemenea, \u00een scopul asigur\u0103rii mobilit\u0103\u0163ii \u015fi reintegr\u0103rii pe pia\u0163a muncii, absolven\u0163ii pot participa gratuit la programe de formare profesional\u0103. Persoanele care \u00eentr-o perioad\u0103 de 60 de zile calendaristice de la finalizarea studiilor nu s-au \u00eencadrat \u00een munc\u0103 potrivit preg\u0103tirii profesionale \u015fi sunt \u00eenregistra\u021bi in evidentele AJOFM Mehedinti, pot solicita acordarea indemniza\u0163iei de \u015fomaj dac\u0103:<br \/>\n&#8211; nu urmeaz\u0103 o form\u0103 de \u00eenv\u0103\u0163\u0103m\u00e2nt;<br \/>\n&#8211; nu realizeaz\u0103 venituri sau realizeaz\u0103, din activit\u0103\u0163i autorizate potrivit legii, venituri mai mici dec\u00e2t valoarea indicatorului social de referin\u0163\u0103 al asigur\u0103rilor pentru \u015fomaj \u015fi stimul\u0103rii ocup\u0103rii for\u0163ei de munc\u0103, \u00een vigoare (500 lei).<br \/>\nSe consider\u0103 c\u0103 nu au reu\u015fit s\u0103 se \u00eencadreze \u00een munc\u0103 dac\u0103 fac dovada c\u0103, \u00een perioada de 60 de zile calendaristice de la data absolvirii studiilor, s-au \u00eenregistrat la agen\u0163iile pentru ocuparea for\u0163ei de munc\u0103 ori la al\u0163i furnizori de servicii specializate pentru stimularea ocup\u0103rii for\u0163ei de munc\u0103, acredita\u0163i \u00een condi\u0163iile legii, \u00een vederea medierii pentru \u00eencadrare \u00een munc\u0103.\u00a0 Indemniza\u021bia de \u0219omaj se acord\u0103 absolven\u0163ilor, la cerere, pe o perioada de 6 luni, \u015fi const\u0103 \u00eentr-o sum\u0103 fix\u0103, lunar\u0103, neimpozabil\u0103 al c\u0103rei cuantum este de 250 lei. Nu beneficiaz\u0103 de acest drept absolven\u0163ii licen\u0163ia\u0163i ai facult\u0103\u0163ilor de medicin\u0103, medicin\u0103 dentar\u0103 \u015fi farmacie care, la data solicit\u0103rii dreptului, au promovat concursul na\u0163ional de reziden\u0163iat pe locuri sau posturi, \u00een condi\u0163iile legii.<br \/>\nTermenul de 60 de zile calendaristice de la data absolvirii studiilor este termen de dec\u0103dere din drepturi.\u00a0 \u00cen cazul \u00een care absolven\u0163ii diferitelor forme de invatamint nu se prezint\u0103 \u00een intervalul de 60 de zile calendaristice de la terminarea studiilor, au dreptul s\u0103 se \u00eenregistreze ca persoane aflate \u00een c\u0103utarea unui loc de munc\u0103, beneficiaz\u0103 de toate serviciile oferite de agen\u021biile pentru ocuparea for\u021bei de munc\u0103, \u00eens\u0103 pierd dreptul la indemniza\u0163ie de \u015fomaj.<br \/>\nAJOFM Mehedinti aten\u0163ioneaz\u0103 absolven\u0163ii de liceu promo\u0163ia 2018, indiferent dac\u0103 au promovat sau nu examenul de bacalaureat, c\u0103 termenul de 60 de zile calendaristice \u00eencepe cu 26 mai 2018 (conform Ordinului nr 3382 \/ 24.02.2017 al ministrului educa\u021biei na\u021bionale privind structura anului \u015fcolar 2017-2018, pentru clasele terminale din invatamintul liceal anul scolar se incheie in data de 25 mai 2018), ultima zi de inregistrare fiind 24 iulie 2018.\u00a0 Elevii care nu au situa\u021bia \u0219colar\u0103 \u00eencheiat\u0103 la unele discipline, se pot \u00eenregistra \u00een eviden\u021bele ANOFM \u00een termen de 60 de zile calendaristice de la data promov\u0103rii examenelor de corigen\u021b\u0103 (data \u00eenscris\u0103 \u00een adeverin\u021ba eliberat\u0103 de institu\u021bia de \u00eenv\u0103\u021b\u0103m\u00e2nt). Adeverin\u0163a de absolvire a claselor terminale trebuie s\u0103 con\u0163in\u0103 precizarea exact\u0103 a datei absolvirii cursurilor (zi, lun\u0103, an), potrivit ordinului ministrului educa\u0163iei na\u0163ionale.<br \/>\n\u00cenregistrarea absolventilor diferitelor institutii de invatamint \u00een eviden\u021bele AJOFM Mehedinti este o etap\u0103 prealabil\u0103 \u0219i obligatorie \u00een vederea ob\u021binerii facilit\u0103\u0163ilor acordate potrivit Legii nr 76\/2002 privind privind sistemul asigur\u0103rilor pentru \u015fomaj \u015fi stimularea ocup\u0103rii for\u0163ei de munc\u0103, cu modificarile si completarile ulterioare.<br \/>\nInforma\u0163ii suplimentare pot fi obtinute de la sediul AJOFM Mehedinti din Drobeta Turnu Severin, bd Carol I nr 3, telefon 0252\/319029.<\/p>\n","protected":false},"excerpt":{"rendered":"<p>Odat&#259; cu terminarea anului &#351;colar 2017-2018, absolven&#355;ii institu&#539;iilor de &icirc;nv&#259;&#539;&#259;m&acirc;nt sunt a&#351;tepta&#355;i s&#259; se &icirc;nscrie &icirc;n eviden&#355;ele Agen&#355;iei Judetene pentru Ocuparea For&#355;ei de Munc&#259; Mehedinti pentru a beneficia de asisten&#355;&#259; personalizat&#259; &icirc;n vederea identific&#259;rii &#351;i ocup&#259;rii unui loc de munc&#259;.&nbsp; Absolven&#539;ii diferitelor forme de invatamint &icirc;nregistra&#539;i beneficiaz&#259; de informare &#351;i consiliere profesional&#259;, mediere pentru identificarea [&hellip;]<\/p>\n","protected":false},"author":1,"featured_media":0,"comment_status":"open","ping_status":"open","sticky":false,"template":"","format":"standard","meta":{"footnotes":""},"categories":[4],"tags":[1800,1802,1451,1799,1536,720,1801],"class_list":["post-3561","post","type-post","status-publish","format-standard","hentry","category-stiri","tag-absolventi","tag-acte-necesare","tag-ajofm-mehedinti","tag-an-scolar-2017-2018","tag-indemnizatie","tag-somaj","tag-venituri"],"_links":{"self":[{"href":"https:\/\/www.cronicadeseverin.ro\/index.php?rest_route=\/wp\/v2\/posts\/3561","targetHints":{"allow":["GET"]}}],"collection":[{"href":"https:\/\/www.cronicadeseverin.ro\/index.php?rest_route=\/wp\/v2\/posts"}],"about":[{"href":"https:\/\/www.cronicadeseverin.ro\/index.php?rest_route=\/wp\/v2\/types\/post"}],"author":[{"embeddable":true,"href":"https:\/\/www.cronicadeseverin.ro\/index.php?rest_route=\/wp\/v2\/users\/1"}],"replies":[{"embeddable":true,"href":"https:\/\/www.cronicadeseverin.ro\/index.php?rest_route=%2Fwp%2Fv2%2Fcomments&post=3561"}],"version-history":[{"count":0,"href":"https:\/\/www.cronicadeseverin.ro\/index.php?rest_route=\/wp\/v2\/posts\/3561\/revisions"}],"wp:attachment":[{"href":"https:\/\/www.cronicadeseverin.ro\/index.php?rest_route=%2Fwp%2Fv2%2Fmedia&parent=3561"}],"wp:term":[{"taxonomy":"category","embeddable":true,"href":"https:\/\/www.cronicadeseverin.ro\/index.php?rest_route=%2Fwp%2Fv2%2Fcategories&post=3561"},{"taxonomy":"post_tag","embeddable":true,"href":"https:\/\/www.cronicadeseverin.ro\/index.php?rest_route=%2Fwp%2Fv2%2Ftags&post=3561"}],"curies":[{"name":"wp","href":"https:\/\/api.w.org\/{rel}","templated":true}]}}