{"id":3478,"date":"2018-05-27T05:55:44","date_gmt":"2018-05-27T05:55:44","guid":{"rendered":"http:\/\/www.cronicadeseverin.ro\/?p=3478"},"modified":"2018-05-27T05:55:44","modified_gmt":"2018-05-27T05:55:44","slug":"andrei-damian-admis-la-un-program-de-internship-in-i-t-la-ecole-normale-superieure-din-paris","status":"publish","type":"post","link":"https:\/\/www.cronicadeseverin.ro\/?p=3478","title":{"rendered":"Andrei Damian, admis la un program  de internship  \u00een  I.T.  la  Ecole  Normale  Superieure din Paris"},"content":{"rendered":"<p><a href=\"https:\/\/www.cronicadeseverin.ro\/?attachment_id=3479\" rel=\"attachment wp-att-3479\"><img loading=\"lazy\" decoding=\"async\" class=\"aligncenter size-large wp-image-3479\" src=\"https:\/\/www.cronicadeseverin.ro\/wp-content\/uploads\/2018\/05\/Andrei-Damian-1024x540.jpg\" alt=\"\" width=\"665\" height=\"351\" srcset=\"https:\/\/www.cronicadeseverin.ro\/wp-content\/uploads\/2018\/05\/Andrei-Damian-1024x540.jpg 1024w, https:\/\/www.cronicadeseverin.ro\/wp-content\/uploads\/2018\/05\/Andrei-Damian-300x158.jpg 300w, https:\/\/www.cronicadeseverin.ro\/wp-content\/uploads\/2018\/05\/Andrei-Damian-768x405.jpg 768w, https:\/\/www.cronicadeseverin.ro\/wp-content\/uploads\/2018\/05\/Andrei-Damian-250x132.jpg 250w, https:\/\/www.cronicadeseverin.ro\/wp-content\/uploads\/2018\/05\/Andrei-Damian-660x348.jpg 660w, https:\/\/www.cronicadeseverin.ro\/wp-content\/uploads\/2018\/05\/Andrei-Damian.jpg 1220w\" sizes=\"auto, (max-width: 665px) 100vw, 665px\" \/><\/a><\/p>\n<p>\u00cen anul centenarului Marii Unirii descoperamehedinti.ro continu\u0103 s\u0103 v\u0103 prezinte mehedin\u021beni de 10, c\u0103ci, jude\u021bul are oameni remarcabili, care uimesc prin performan\u021bele lor. Este \u0219i cazul lui Andrei Damian, fost absolvent al Colegiului Na\u021bional Traian, admis pentru o burs\u0103 de studiu \u00een domeniul cercet\u0103rii I.T. la una dintre cele mai prestigioase \u0219coli din \u00eentreaga lume: \u201dAm fost acceptat la un Internship \u00een domeniul cercet\u0103rii I.T. \u00een Paris, la \u0218coala Normal\u0103 Superioar\u0103. Din punct de vedere al dezvolt\u0103rii personale pentru mine este un pas \u00eenainte. Voi lucra \u00een domeniul dezvolt\u0103rii algoritmilor distribui\u021bi- mai exact pe partea de verificare. Este un domeniu nou- tocmai de aceea vorbim despre cercetare\u201d a precizat Andrei Damian.<br \/>\nNu \u0219tie deocamdat\u0103 dac\u0103 se va \u00eentoarce \u00een Rom\u00e2nia, c\u0103ci \u021binte\u0219te \u0219i un master, dup\u0103 care va decide dac\u0103 r\u0103m\u00e2ne: \u201d\u00cen compara\u021bie cu alte state pot spune c\u0103 \u00een Rom\u00e2nia, I.T-i\u0219tii sunt mult mai favoriza\u021bi pentru c\u0103 sunt firme mari care prefer\u0103 s\u0103 ofere aici, \u00een \u021bar\u0103, un salariu mai mic comparatriv cu alte state europene, dar \u00een acela\u0219i timp acel salariu mai mic oferit \u00een Rom\u00e2nia de o companie este un salariu extrem de mare pentru Rom\u00e2nia. Probabil voi reveni \u00een \u021bar\u0103 deoarece sunt patriot \u0219i \u00eemi iubesc \u021bara \u0219i a\u0219 vrea s\u0103 ridic\u0103m cu to\u021bii \u021bara. Dac\u0103 nu, probabil voi pleca. Pentru noi este foarte u\u0219or s\u0103 plec\u0103m. I.T.-i\u0219tii care r\u0103m\u00e2n \u00een \u021bar\u0103 r\u0103m\u00e2n pentru c\u0103 este alegerea lor, nu pentru c\u0103 nu \u00ee\u0219i g\u0103sesc de lucru \u00een str\u0103in\u0103tate,\u201d a mai spus Andrei.<br \/>\nAndrei studiaz\u0103 calculatoare \u0219i automatic\u0103 la Universitatea din Bucure\u0219ti. A avut mai multe burse de studiu. Spune c\u0103 i-ar fi fost imposibil s\u0103 fac\u0103 performan\u021b\u0103 dac\u0103 nu ar fi avut mintea deschis\u0103, dac\u0103 ceea ce a \u00eenv\u0103\u021bat acas\u0103, la \u0219colile pe care le-a absolvit aici, la Drobeta Turnu Severin, nu ar fi fost baza solid\u0103 pe care \u0219i-a cl\u0103dit cariera: \u201dEste o cinste pentru noi, o onoare \u0219i un motiv de m\u00e2ndrie s\u0103 vedem c\u0103 un absolvent al \u0219colii noastre format \u00een spiritul inovativ, creator \u0219i absolut liber al Colegiului Na\u021bional Traian a reu\u0219it s\u0103 confirme c\u0103 aici, \u00eentotdeauna \u00eenv\u0103\u021b\u0103m copiii s\u0103 aib\u0103 aripi, s\u0103 mearg\u0103 acolo unde doresc. Nu ne dorim s\u0103 cre\u0103m copii care s\u0103 fie capabili doar s\u0103 r\u0103spund\u0103 unor \u00eentreb\u0103ri ci, \u00eentotdeauna \u00eei \u00eenv\u0103\u021b\u0103m s\u0103 se formeze \u00een spiritul critic, s\u0103 \u00ee\u0219i pun\u0103 \u0219i s\u0103 pun\u0103 \u00eentreb\u0103ri, s\u0103 r\u0103spund\u0103 cerin\u021belor la nivel na\u021bional \u0219i interna\u021bional\u201d, a precizat Valentina Carapencea, fost profesor al lui Andrei Damian \u0219i director adjunct al Colegiului Na\u021bional Traian.<br \/>\nMehedin\u021biul are a\u0219adar o mul\u021bime de tineri remarcabili. Auzim \u00eens\u0103 prea pu\u021bine despre ei, iar pe mul\u021bi nici nu ajungem s\u0103-i cunoa\u0219tem. Ca Andrei, sunt \u0219i al\u021bii, iar acolo unde merg studiaz\u0103 sau \u00ee\u021bi desf\u0103\u0219oar\u0103 activitatea ei duc cu ei o parte din Mehedin\u021bi, o parte din ceea ce au \u00eenv\u0103\u021bat \u00een \u0219colile mehedin\u021bene.<br \/>\nVoica Briceag<\/p>\n","protected":false},"excerpt":{"rendered":"<p>&Icirc;n anul centenarului Marii Unirii descoperamehedinti.ro continu&#259; s&#259; v&#259; prezinte mehedin&#539;eni de 10, c&#259;ci, jude&#539;ul are oameni remarcabili, care uimesc prin performan&#539;ele lor. Este &#537;i cazul lui Andrei Damian, fost absolvent al Colegiului Na&#539;ional Traian, admis pentru o burs&#259; de studiu &icirc;n domeniul cercet&#259;rii I.T. la una dintre cele mai prestigioase &#537;coli din &icirc;ntreaga lume: [&hellip;]<\/p>\n","protected":false},"author":1,"featured_media":3479,"comment_status":"open","ping_status":"open","sticky":false,"template":"","format":"standard","meta":{"footnotes":""},"categories":[4],"tags":[1761,1762,1759,1763,1760,1764],"class_list":["post-3478","post","type-post","status-publish","format-standard","has-post-thumbnail","hentry","category-stiri","tag-absolvent","tag-admis","tag-andrei-damian","tag-bursa-de-studiu","tag-cn-traian","tag-internship"],"_links":{"self":[{"href":"https:\/\/www.cronicadeseverin.ro\/index.php?rest_route=\/wp\/v2\/posts\/3478","targetHints":{"allow":["GET"]}}],"collection":[{"href":"https:\/\/www.cronicadeseverin.ro\/index.php?rest_route=\/wp\/v2\/posts"}],"about":[{"href":"https:\/\/www.cronicadeseverin.ro\/index.php?rest_route=\/wp\/v2\/types\/post"}],"author":[{"embeddable":true,"href":"https:\/\/www.cronicadeseverin.ro\/index.php?rest_route=\/wp\/v2\/users\/1"}],"replies":[{"embeddable":true,"href":"https:\/\/www.cronicadeseverin.ro\/index.php?rest_route=%2Fwp%2Fv2%2Fcomments&post=3478"}],"version-history":[{"count":0,"href":"https:\/\/www.cronicadeseverin.ro\/index.php?rest_route=\/wp\/v2\/posts\/3478\/revisions"}],"wp:featuredmedia":[{"embeddable":true,"href":"https:\/\/www.cronicadeseverin.ro\/index.php?rest_route=\/wp\/v2\/media\/3479"}],"wp:attachment":[{"href":"https:\/\/www.cronicadeseverin.ro\/index.php?rest_route=%2Fwp%2Fv2%2Fmedia&parent=3478"}],"wp:term":[{"taxonomy":"category","embeddable":true,"href":"https:\/\/www.cronicadeseverin.ro\/index.php?rest_route=%2Fwp%2Fv2%2Fcategories&post=3478"},{"taxonomy":"post_tag","embeddable":true,"href":"https:\/\/www.cronicadeseverin.ro\/index.php?rest_route=%2Fwp%2Fv2%2Ftags&post=3478"}],"curies":[{"name":"wp","href":"https:\/\/api.w.org\/{rel}","templated":true}]}}