{"id":3417,"date":"2018-05-15T15:54:45","date_gmt":"2018-05-15T15:54:45","guid":{"rendered":"http:\/\/www.cronicadeseverin.ro\/?p=3417"},"modified":"2018-05-15T15:56:40","modified_gmt":"2018-05-15T15:56:40","slug":"exclusi-din-partid-trei-consilieri-locali-din-orsova-vor-ramane-fara-mandate","status":"publish","type":"post","link":"https:\/\/www.cronicadeseverin.ro\/?p=3417","title":{"rendered":"Exclu\u0219i din partid, trei consilieri locali din Or\u0219ova vor r\u0103m\u00e2ne f\u0103r\u0103 mandate"},"content":{"rendered":"<p>Este vorba despre consilierii PND, care vor r\u0103m\u00e2ne f\u0103r\u0103 mandate dup\u0103 ce partidul din care f\u0103ceau parte s-a dezis de ei. Biroul Permanent Jude\u021bean a decis excluderea celor trei din partid pentru c\u0103 nu au respectat viziunea PND referitoare la \u00een\u021belegerea cu PSD, partid cu care pre\u0219edintele organiza\u021biei locale semnase o alian\u021b\u0103 d<a href=\"https:\/\/www.cronicadeseverin.ro\/?attachment_id=3420\" rel=\"attachment wp-att-3420\"><img loading=\"lazy\" decoding=\"async\" class=\"size-medium wp-image-3420 alignleft\" src=\"https:\/\/www.cronicadeseverin.ro\/wp-content\/uploads\/2018\/05\/cons1-300x184.png\" alt=\"\" width=\"300\" height=\"184\" srcset=\"https:\/\/www.cronicadeseverin.ro\/wp-content\/uploads\/2018\/05\/cons1-300x184.png 300w, https:\/\/www.cronicadeseverin.ro\/wp-content\/uploads\/2018\/05\/cons1-768x472.png 768w, https:\/\/www.cronicadeseverin.ro\/wp-content\/uploads\/2018\/05\/cons1-1024x630.png 1024w, https:\/\/www.cronicadeseverin.ro\/wp-content\/uploads\/2018\/05\/cons1-250x154.png 250w, https:\/\/www.cronicadeseverin.ro\/wp-content\/uploads\/2018\/05\/cons1-660x406.png 660w, https:\/\/www.cronicadeseverin.ro\/wp-content\/uploads\/2018\/05\/cons1.png 1831w\" sizes=\"auto, (max-width: 300px) 100vw, 300px\" \/><\/a>e sus\u021binere \u00een consiliul local.<br \/>\n\u00cen cel mai scurt timp, prefectul va fi obligat s\u0103 emit\u0103 ordinul de \u00eencetare a mandatelor de consilieri \u00eenainte de termen pe numele celor trei, respectiv Lauren\u021biu Dr\u0103ghicescu, Felix Baratky \u0219i Viorica S\u0103n\u0103tescu. Ace\u0219tia au atacat hot\u0103r\u00e2rile de excludere din partid \u00een instan\u021b\u0103, \u00eens\u0103 conform legii, prefectul poate emite mandatele de \u00eencetare chiar \u0219i \u00een aceast\u0103 situa\u021bie.<br \/>\n\u00centrebat cum de s-a ajuns aici, liderul PND Or\u0219ova, Adrian Cican, a declarat c\u0103 cei trei consilieri f\u0103ceau o politic\u0103 diferit\u0103 de a sa, \u00een cadrul consiliului local.<br \/>\n\u201dEu fac aceea\u0219i politic\u0103 de partid, doar consilierii \u0219i-au schimbat optica. Ei nu mai sunt membrii PND \u0219i nici consilieri ai PND. Mai dureaz\u0103 doar c\u00e2teva zile p\u00e2n\u0103 c\u00e2nd prefectul le va emite ordinele de \u00eencetare a mandatelor\u201d, a declarat Cican.<a href=\"https:\/\/www.cronicadeseverin.ro\/?attachment_id=3419\" rel=\"attachment wp-att-3419\"><img loading=\"lazy\" decoding=\"async\" class=\"size-medium wp-image-3419 alignright\" src=\"https:\/\/www.cronicadeseverin.ro\/wp-content\/uploads\/2018\/05\/cons2-197x300.jpg\" alt=\"\" width=\"197\" height=\"300\" srcset=\"https:\/\/www.cronicadeseverin.ro\/wp-content\/uploads\/2018\/05\/cons2-197x300.jpg 197w, https:\/\/www.cronicadeseverin.ro\/wp-content\/uploads\/2018\/05\/cons2-250x380.jpg 250w, https:\/\/www.cronicadeseverin.ro\/wp-content\/uploads\/2018\/05\/cons2.jpg 599w\" sizes=\"auto, (max-width: 197px) 100vw, 197px\" \/><\/a><br \/>\nAcesta recunoa\u0219te c\u0103 \u00eentre el \u0219i consilierii PND nu mai exista nici un fel de colaborare din momentul \u00een care a p\u0103r\u0103sit consiliul local.<br \/>\n\u201eRuptura dintre mine \u0219i consilieri s-a produs c\u00e2nd am fost numit manager la spital. P\u00e2n\u0103 \u00een acel moment orice decizie o luam \u00eempreun\u0103, dup\u0103 ce discutam \u00een B.P. toate proiectele ce urmau a fi votate \u00een \u0219edin\u021bele de consiliu local.<br \/>\nAm f\u0103cut o echip\u0103 foarte bun\u0103 cu ei, au fost extraordinari, cu ei am b\u0103tut ALDE, PD, PN\u021aCD la nivel local \u00een campanie \u0219i m\u0103 doare c\u0103 s-a ajuns \u00een aceast\u0103 situa\u021bie. Mi-au repro\u0219at c\u0103 am acceptat func\u021bia de manager, iar din acel moment nu am mai fost unul de-al lor.<br \/>\nNu \u00een\u021beleg de ce \u0219i-au schimbat optica, pentru c\u0103 alian\u021ba cu PSD \u0219i primarul a fost o decizie luat\u0103 \u00eempreun\u0103, iar Baratky a ajuns consilier pe locul meu, av\u00e2nd validarea consilierilor PSD\u201d, a clarificat Cican.<br \/>\nDe men\u021bionat, ar mai fi faptul c\u0103 la ultima \u0219edint\u0103 a Consiliului local, desf\u0103\u0219urat\u0103 \u00een data de 17 mai, nu a participat nici un consilier PND.<br \/>\nA.M.<\/p>\n","protected":false},"excerpt":{"rendered":"<p>Este vorba despre consilierii PND, care vor r&#259;m&acirc;ne f&#259;r&#259; mandate dup&#259; ce partidul din care f&#259;ceau parte s-a dezis de ei. Biroul Permanent Jude&#539;ean a decis excluderea celor trei din partid pentru c&#259; nu au respectat viziunea PND referitoare la &icirc;n&#539;elegerea cu PSD, partid cu care pre&#537;edintele organiza&#539;iei locale semnase o alian&#539;&#259; de sus&#539;inere &icirc;n [&hellip;]<\/p>\n","protected":false},"author":1,"featured_media":3420,"comment_status":"open","ping_status":"open","sticky":false,"template":"","format":"standard","meta":{"footnotes":""},"categories":[4],"tags":[],"class_list":["post-3417","post","type-post","status-publish","format-standard","has-post-thumbnail","hentry","category-stiri"],"_links":{"self":[{"href":"https:\/\/www.cronicadeseverin.ro\/index.php?rest_route=\/wp\/v2\/posts\/3417","targetHints":{"allow":["GET"]}}],"collection":[{"href":"https:\/\/www.cronicadeseverin.ro\/index.php?rest_route=\/wp\/v2\/posts"}],"about":[{"href":"https:\/\/www.cronicadeseverin.ro\/index.php?rest_route=\/wp\/v2\/types\/post"}],"author":[{"embeddable":true,"href":"https:\/\/www.cronicadeseverin.ro\/index.php?rest_route=\/wp\/v2\/users\/1"}],"replies":[{"embeddable":true,"href":"https:\/\/www.cronicadeseverin.ro\/index.php?rest_route=%2Fwp%2Fv2%2Fcomments&post=3417"}],"version-history":[{"count":0,"href":"https:\/\/www.cronicadeseverin.ro\/index.php?rest_route=\/wp\/v2\/posts\/3417\/revisions"}],"wp:featuredmedia":[{"embeddable":true,"href":"https:\/\/www.cronicadeseverin.ro\/index.php?rest_route=\/wp\/v2\/media\/3420"}],"wp:attachment":[{"href":"https:\/\/www.cronicadeseverin.ro\/index.php?rest_route=%2Fwp%2Fv2%2Fmedia&parent=3417"}],"wp:term":[{"taxonomy":"category","embeddable":true,"href":"https:\/\/www.cronicadeseverin.ro\/index.php?rest_route=%2Fwp%2Fv2%2Fcategories&post=3417"},{"taxonomy":"post_tag","embeddable":true,"href":"https:\/\/www.cronicadeseverin.ro\/index.php?rest_route=%2Fwp%2Fv2%2Ftags&post=3417"}],"curies":[{"name":"wp","href":"https:\/\/api.w.org\/{rel}","templated":true}]}}