{"id":3163,"date":"2018-01-22T07:31:58","date_gmt":"2018-01-22T07:31:58","guid":{"rendered":"http:\/\/www.cronicadeseverin.ro\/?p=3163"},"modified":"2018-01-24T14:49:38","modified_gmt":"2018-01-24T14:49:38","slug":"este-momentul-acela-din-an-cand-poti-sa-i-multumesti-unui-asistent-social","status":"publish","type":"post","link":"https:\/\/www.cronicadeseverin.ro\/?p=3163","title":{"rendered":"Este  momentul  acela din an c\u00e2nd po\u021bi  s\u0103-i mul\u021bume\u0219ti unui asistent social!"},"content":{"rendered":"<p><a href=\"https:\/\/www.cronicadeseverin.ro\/?attachment_id=3164\" rel=\"attachment wp-att-3164\"><img loading=\"lazy\" decoding=\"async\" class=\"size-medium wp-image-3164 alignright\" src=\"https:\/\/www.cronicadeseverin.ro\/wp-content\/uploads\/2018\/01\/Afis-GNEAS-2018_gold-2-213x300.jpg\" alt=\"\" width=\"213\" height=\"300\" srcset=\"https:\/\/www.cronicadeseverin.ro\/wp-content\/uploads\/2018\/01\/Afis-GNEAS-2018_gold-2-213x300.jpg 213w, https:\/\/www.cronicadeseverin.ro\/wp-content\/uploads\/2018\/01\/Afis-GNEAS-2018_gold-2-568x800.jpg 568w, https:\/\/www.cronicadeseverin.ro\/wp-content\/uploads\/2018\/01\/Afis-GNEAS-2018_gold-2-1090x1536.jpg 1090w, https:\/\/www.cronicadeseverin.ro\/wp-content\/uploads\/2018\/01\/Afis-GNEAS-2018_gold-2-768x1082.jpg 768w, https:\/\/www.cronicadeseverin.ro\/wp-content\/uploads\/2018\/01\/Afis-GNEAS-2018_gold-2-727x1024.jpg 727w, https:\/\/www.cronicadeseverin.ro\/wp-content\/uploads\/2018\/01\/Afis-GNEAS-2018_gold-2-250x352.jpg 250w, https:\/\/www.cronicadeseverin.ro\/wp-content\/uploads\/2018\/01\/Afis-GNEAS-2018_gold-2-660x930.jpg 660w, https:\/\/www.cronicadeseverin.ro\/wp-content\/uploads\/2018\/01\/Afis-GNEAS-2018_gold-2.jpg 1207w\" sizes=\"auto, (max-width: 213px) 100vw, 213px\" \/><\/a>Bucure\u0219ti, 15 ianuarie 2018 \u2013 Colegiul Na\u021bional al Asisten\u021bilor Sociali din Rom\u00e2nia (CNASR) d\u0103 startul edi\u021biei cu num\u0103rul cinci a \u201dGalei Na\u021bionale a Excelen\u021bei \u00een Asisten\u021b\u0103 Social\u0103\u201d.<br \/>\nEste deja al cincilea an \u00een care Colegiul Na\u021bional al Asisten\u021bilor Sociali organizeaz\u0103 Gala Na\u021bional\u0103 a Excelen\u021bei \u00een Asisten\u021b\u0103 Social\u0103. Pe 20 martie 2018, la Ateneul Rom\u00e2n, vom celebra \u00eempreun\u0103, de Ziua Mondial\u0103 a Asisten\u021bei Sociale, pe cei mai merituo\u0219i asisten\u021bi sociali din \u021bar\u0103, dar \u0219i personalit\u0103\u021bile care s-au remarcat \u00een sus\u021binerea profesiei de asistent social. Recunoa\u0219terea public\u0103, rezultatele profesionale deosebite, constituirea de modele de urmat \u0219i contribu\u021bia la promovarea imaginii profesiei, vor stabili \u0219i anul acesta c\u00e2\u0219tig\u0103torii!<br \/>\nGazd\u0103 a evenimentului va fi cea care a sprijinit gala \u00eenc\u0103 de la prima edi\u021bie, Andreea Marin &#8211; Ambasadorul Excelen\u021bei \u00een Asisten\u021b\u0103 Social\u0103.La edi\u021bia din acest an vom avea parte de muzic\u0103 pentru suflet \u0219i din suflet a Alexandrei U\u0219urelu \u0219i Muse Orchestra iar captivantele acorduri ale violonistei Rusanda Panfili al\u0103turi de cei 4 muzicieni interna\u021bionali ce formeaz\u0103 Panfili &amp; Friends ne vor fascina \u0219i ne vor duce \u00eentr-o lume de poveste despre frumosul \u0219i generozitatea din om.<br \/>\nSpecificul domeniului \u00een care asisten\u021bii sociali \u00ee\u0219i desf\u0103\u0219oar\u0103 activitatea zi de zi face ca ace\u0219tia s\u0103 se confrunte cu probleme complexe, dificile, de cele mai multe ori situa\u021bii limit\u0103. Totu\u0219i, ei nu renun\u021b\u0103 la lupt\u0103 \u0219i \u00eencearc\u0103 s\u0103 g\u0103seasc\u0103 solu\u021bii reale la problemele sociale identificate. Gala este despre \u0219i pentru asisten\u021bii sociali, a\u0219a c\u0103 nominaliza\u021bi-i pe cei mai buni! Regulamentul Galei \u0219i formularul de \u00eenregistrare pot fi desc\u0103rcate de pe site-ul gala.cnasr.ro \u00cen perioada 15 ianuarie \u2013 4 februarie 2018 se pot face \u00eenscrieri\/nominaliz\u0103ri.<br \/>\nLista premiilor Galei Na\u0163ionale a Excelen\u0163ei \u00een Asisten\u0163\u0103 Social\u0103, editia a V-a 2018:<br \/>\nPremiul asistentul social al anului;<br \/>\nPremiul pentru asistentul social din domeniul protec\u0163iei copilului;<br \/>\nAsistentul social din domeniul persoanelor cu dizabilit\u0103\u0163i;<br \/>\nAsistentul social din domeniul s\u0103n\u0103tate \/ servicii medicale;<br \/>\nAsistentul social din domeniul reintegr\u0103rii sociale a persoanei private de libertate;<br \/>\nAsistentul social din domeniul incluziunii persoanelor f\u0103r\u0103 ad\u0103post;<br \/>\nAsistentul social din domeniul persoanelor v\u00e2rstnice \u015fi \u00eengrijrii la domiciliu;<br \/>\nAsistentul social din domeniul combaterii discrimin\u0103rii\/ minorit\u0103\u0163i;<br \/>\nAsistentul social din domeniul incluziunii sociale \/ economie social\u0103;<br \/>\nAsistentul social din domeniul asisten\u0163ei sociale comunitare;<br \/>\nAsistentul social din domeniul prevenirii \/ reducerii riscurilor asociate infec\u0163iei cu HIV, consumului de droguri \u015fi exploat\u0103rii sexuale;<br \/>\nPremiul pentru jurnalism;<br \/>\nPremiul politicianul anului;<br \/>\nPremiul institu\u0163ia anului;<br \/>\nPremiul personalitatea anului \u00een promovarea educa\u0163iei \u015fi form\u0103rii \u00een asisten\u0163a social\u0103;<br \/>\nPremiul de excelen\u0163\u0103 pentru promovarea profesiei liberale de asistent social;<br \/>\nPremiul pentru \u00eentreaga carier\u0103 \u00een promovarea asisten\u0163ei sociale;<br \/>\nPremiul pentru cea mai activa sucursala a CNASR.<br \/>\nPentru informatii suplimentare, persoana de contact este Aida Boldeanu, cnasr@cnasr.ro<br \/>\nwww.cnasr.ro<br \/>\ngala.cnasr.ro<br \/>\nColegiul Na\u021bional al Asisten\u021bilor Sociali reprezint\u0103 interesele profesiei de asistent social \u0219i ac\u021bioneaz\u0103 prin toate mijloacele conferite de lege pentru dezvoltarea acesteia \u0219i pentru ridicarea prestigiului ei in cadrul vie\u021bii sociale.<\/p>\n","protected":false},"excerpt":{"rendered":"<p>Bucure&#537;ti, 15 ianuarie 2018 &ndash; Colegiul Na&#539;ional al Asisten&#539;ilor Sociali din Rom&acirc;nia (CNASR) d&#259; startul edi&#539;iei cu num&#259;rul cinci a &rdquo;Galei Na&#539;ionale a Excelen&#539;ei &icirc;n Asisten&#539;&#259; Social&#259;&rdquo;. Este deja al cincilea an &icirc;n care Colegiul Na&#539;ional al Asisten&#539;ilor Sociali organizeaz&#259; Gala Na&#539;ional&#259; a Excelen&#539;ei &icirc;n Asisten&#539;&#259; Social&#259;. Pe 20 martie 2018, la Ateneul Rom&acirc;n, vom [&hellip;]<\/p>\n","protected":false},"author":1,"featured_media":3164,"comment_status":"open","ping_status":"open","sticky":false,"template":"","format":"standard","meta":{"footnotes":""},"categories":[4],"tags":[1664,1662,1652,1663],"class_list":["post-3163","post","type-post","status-publish","format-standard","has-post-thumbnail","hentry","category-stiri","tag-andreea-marin","tag-colegiul-national-al-asistentilor-sociali-din-romania","tag-doru-buzducea","tag-gala-nationala-a-excelentei"],"_links":{"self":[{"href":"https:\/\/www.cronicadeseverin.ro\/index.php?rest_route=\/wp\/v2\/posts\/3163","targetHints":{"allow":["GET"]}}],"collection":[{"href":"https:\/\/www.cronicadeseverin.ro\/index.php?rest_route=\/wp\/v2\/posts"}],"about":[{"href":"https:\/\/www.cronicadeseverin.ro\/index.php?rest_route=\/wp\/v2\/types\/post"}],"author":[{"embeddable":true,"href":"https:\/\/www.cronicadeseverin.ro\/index.php?rest_route=\/wp\/v2\/users\/1"}],"replies":[{"embeddable":true,"href":"https:\/\/www.cronicadeseverin.ro\/index.php?rest_route=%2Fwp%2Fv2%2Fcomments&post=3163"}],"version-history":[{"count":0,"href":"https:\/\/www.cronicadeseverin.ro\/index.php?rest_route=\/wp\/v2\/posts\/3163\/revisions"}],"wp:featuredmedia":[{"embeddable":true,"href":"https:\/\/www.cronicadeseverin.ro\/index.php?rest_route=\/wp\/v2\/media\/3164"}],"wp:attachment":[{"href":"https:\/\/www.cronicadeseverin.ro\/index.php?rest_route=%2Fwp%2Fv2%2Fmedia&parent=3163"}],"wp:term":[{"taxonomy":"category","embeddable":true,"href":"https:\/\/www.cronicadeseverin.ro\/index.php?rest_route=%2Fwp%2Fv2%2Fcategories&post=3163"},{"taxonomy":"post_tag","embeddable":true,"href":"https:\/\/www.cronicadeseverin.ro\/index.php?rest_route=%2Fwp%2Fv2%2Ftags&post=3163"}],"curies":[{"name":"wp","href":"https:\/\/api.w.org\/{rel}","templated":true}]}}