{"id":3044,"date":"2017-11-04T06:17:02","date_gmt":"2017-11-04T06:17:02","guid":{"rendered":"http:\/\/www.cronicadeseverin.ro\/?p=3044"},"modified":"2017-11-04T06:17:02","modified_gmt":"2017-11-04T06:17:02","slug":"n-avem-moaste","status":"publish","type":"post","link":"https:\/\/www.cronicadeseverin.ro\/?p=3044","title":{"rendered":"N-AVEM MOA\u0218TE&#8230;"},"content":{"rendered":"<p>&#8230; dar, \u0219i dac\u0103 aveam, probabil c\u0103 pelerinajele la Arsenie Boca erau minciuni pe l\u00e2ng\u0103 ce era pe-aici, prin p\u0103r\u021bile noastre. Dac\u0103 \u021binem seama, \u00een primul r\u00e2nd, de pup\u0103torii de ocazie, prin fa\u021b\u0103, prin spate \u0219i pe la alte col\u021buri, pup\u0103toarele simandicoase alergice la mirosul de t\u0103m\u00e2ie de import, f\u0103r\u0103 s\u0103 mai punem la socoteal\u0103 pe ai de joac\u0103 la loto, pariuri \u0219i pe la unele prim\u0103rii din jude\u021b, unde acela\u0219i Arsenie Boca st\u0103 pe primar pe birou sau la cap, pe perete, doar-doar l-o p\u0103zi de pelerinajele dubelor albastre cu girofar.<br \/>\nA\u0219a dup\u0103 cum probabil a\u021bi aflat, se sparge Palatul Culturii. Se sparge la figurat, de\u0219i la propriu a<br \/>\nmai c\u0103zut c\u00e2te ceva, pe ici, pe colo. Acuma se sparge organizatoric.<br \/>\nAdic\u0103 se \u00eenfiin\u021beaz\u0103 o Direc\u021bie de patrimoniu istoric \u0219i turism cultural. O s\u0103 analiz\u0103m, \u00een numele<br \/>\nviitoare, cam ce \u00eenseamn\u0103 asta.<br \/>\nP\u00e2n\u0103 atunci, s\u0103 d\u0103m cuv\u00e2ntul unui om de cultur\u0103 care-a luat cuv\u00e2ntul, de fapt, mar\u021bi seara, la o lansare de carte pe la Cetatea Severinului: Ieri, 30 octombrie 2017 este o dat\u0103 istoric\u0103 pentru Cetate este ziua \u00een care Cetatea Medieval\u0103 a Severinului, primul spa\u021biu \u00een lumea rom\u00e2neasc\u0103, prima cetate din lumea rom\u00e2neasc\u0103, din spa\u021biul rom\u00e2nesc \u0219i-a<br \/>\ncucerit independen\u021ba. Ieri, 30 octombrie se poate socoti ziua de independen\u021b\u0103 a Cet\u0103\u021bii Medievale a Severinului \u00een sensul c\u0103 primarul ora\u0219ului a citit ieri aceast\u0103 declara\u021bie de independen\u021ba sub forma unui proiect de hot\u0103r\u00e2re. (&#8230;) Severinul are cea mai mare logistic\u0103 din \u021bar\u0103, e o form\u0103 f\u0103r\u0103 fond, s\u0103 sper\u0103m c\u0103 va fi \u0219i umplut\u0103 de oameni. Castelul Artelor va deveni un muzeu metropolitan al ora\u0219ului (&#8230;) Parcul Crihala va deveni un <a href=\"https:\/\/www.cronicadeseverin.ro\/?attachment_id=3045\" rel=\"attachment wp-att-3045\"><img loading=\"lazy\" decoding=\"async\" class=\" wp-image-3045 alignright\" src=\"https:\/\/www.cronicadeseverin.ro\/wp-content\/uploads\/2017\/11\/tun.jpg\" alt=\"\" width=\"387\" height=\"268\" srcset=\"https:\/\/www.cronicadeseverin.ro\/wp-content\/uploads\/2017\/11\/tun.jpg 584w, https:\/\/www.cronicadeseverin.ro\/wp-content\/uploads\/2017\/11\/tun-300x208.jpg 300w, https:\/\/www.cronicadeseverin.ro\/wp-content\/uploads\/2017\/11\/tun-250x173.jpg 250w, https:\/\/www.cronicadeseverin.ro\/wp-content\/uploads\/2017\/11\/tun-200x140.jpg 200w\" sizes=\"auto, (max-width: 387px) 100vw, 387px\" \/><\/a>muzeu etnografic al satului mehedin\u021bean. (&#8230;) Ast\u0103zi, deci a doua zi, sau prima zi dup\u0103 independen\u021b\u0103, vreau s\u0103 v\u0103 spun c\u0103 anual pe 30 octombrie dup\u0103 ora 14 \u00een aceast\u0103 cetate se vor trage 24 de salve de tun. Personal m\u0103 voi \u00eengriji s\u0103 fac rost de tunuri p\u00e2n\u0103 la anul, dac\u0103 mai sunt aici sau nu mai sunt aici.<br \/>\nNu v\u0103 vom dest\u0103inui identitatea personajului,<br \/>\nca s\u0103 nu interpreteze c\u0103 am avea ceva cu persoana dumnealui. Subsemnatul salut\u0103 ini\u021biativa asta salvotunereasc\u0103 \u0219i sper\u0103m ca severinenii s\u0103 nu confunde declara\u021bia de independen\u021b\u0103 cu alarmele de la I.S.U., s\u0103 se sparie \u0219i s\u0103 dea fuga la Arsenie Boca, s\u0103-l pupe \u00eentru iertare!<br \/>\nSt. JUST<\/p>\n","protected":false},"excerpt":{"rendered":"<p>&hellip; dar, &#537;i dac&#259; aveam, probabil c&#259; pelerinajele la Arsenie Boca erau minciuni pe l&acirc;ng&#259; ce era pe-aici, prin p&#259;r&#539;ile noastre. Dac&#259; &#539;inem seama, &icirc;n primul r&acirc;nd, de pup&#259;torii de ocazie, prin fa&#539;&#259;, prin spate &#537;i pe la alte col&#539;uri, pup&#259;toarele simandicoase alergice la mirosul de t&#259;m&acirc;ie de import, f&#259;r&#259; s&#259; mai punem la socoteal&#259; [&hellip;]<\/p>\n","protected":false},"author":1,"featured_media":3045,"comment_status":"open","ping_status":"open","sticky":false,"template":"","format":"standard","meta":{"footnotes":""},"categories":[838],"tags":[],"class_list":["post-3044","post","type-post","status-publish","format-standard","has-post-thumbnail","hentry","category-inedit-2"],"_links":{"self":[{"href":"https:\/\/www.cronicadeseverin.ro\/index.php?rest_route=\/wp\/v2\/posts\/3044","targetHints":{"allow":["GET"]}}],"collection":[{"href":"https:\/\/www.cronicadeseverin.ro\/index.php?rest_route=\/wp\/v2\/posts"}],"about":[{"href":"https:\/\/www.cronicadeseverin.ro\/index.php?rest_route=\/wp\/v2\/types\/post"}],"author":[{"embeddable":true,"href":"https:\/\/www.cronicadeseverin.ro\/index.php?rest_route=\/wp\/v2\/users\/1"}],"replies":[{"embeddable":true,"href":"https:\/\/www.cronicadeseverin.ro\/index.php?rest_route=%2Fwp%2Fv2%2Fcomments&post=3044"}],"version-history":[{"count":0,"href":"https:\/\/www.cronicadeseverin.ro\/index.php?rest_route=\/wp\/v2\/posts\/3044\/revisions"}],"wp:featuredmedia":[{"embeddable":true,"href":"https:\/\/www.cronicadeseverin.ro\/index.php?rest_route=\/wp\/v2\/media\/3045"}],"wp:attachment":[{"href":"https:\/\/www.cronicadeseverin.ro\/index.php?rest_route=%2Fwp%2Fv2%2Fmedia&parent=3044"}],"wp:term":[{"taxonomy":"category","embeddable":true,"href":"https:\/\/www.cronicadeseverin.ro\/index.php?rest_route=%2Fwp%2Fv2%2Fcategories&post=3044"},{"taxonomy":"post_tag","embeddable":true,"href":"https:\/\/www.cronicadeseverin.ro\/index.php?rest_route=%2Fwp%2Fv2%2Ftags&post=3044"}],"curies":[{"name":"wp","href":"https:\/\/api.w.org\/{rel}","templated":true}]}}