{"id":2297,"date":"2015-12-31T22:41:48","date_gmt":"2015-12-31T22:41:48","guid":{"rendered":"http:\/\/www.cronicadeseverin.ro\/?p=2297"},"modified":"2015-12-31T23:50:10","modified_gmt":"2015-12-31T23:50:10","slug":"scoala-mamei-samas-2","status":"publish","type":"post","link":"https:\/\/www.cronicadeseverin.ro\/?p=2297","title":{"rendered":"\u015eCOALA MAMEI SAMAS"},"content":{"rendered":"<p><a href=\"https:\/\/www.cronicadeseverin.ro\/wp-content\/uploads\/2015\/12\/12341361_1058606787491962_7761224114828873482_n.jpg\" data-rel=\"lightbox-image-0\" data-imagelightbox=\"0\" data-rl_title=\"12341361_1058606787491962_7761224114828873482_n\" data-rl_caption=\"\" title=\"12341361_1058606787491962_7761224114828873482_n\"><img loading=\"lazy\" decoding=\"async\" class=\"size-medium wp-image-2281 alignleft\" src=\"https:\/\/www.cronicadeseverin.ro\/wp-content\/uploads\/2015\/12\/12341361_1058606787491962_7761224114828873482_n-300x200.jpg\" alt=\"12341361_1058606787491962_7761224114828873482_n\" width=\"300\" height=\"200\" srcset=\"https:\/\/www.cronicadeseverin.ro\/wp-content\/uploads\/2015\/12\/12341361_1058606787491962_7761224114828873482_n-300x200.jpg 300w, https:\/\/www.cronicadeseverin.ro\/wp-content\/uploads\/2015\/12\/12341361_1058606787491962_7761224114828873482_n.jpg 720w\" sizes=\"auto, (max-width: 300px) 100vw, 300px\" \/><\/a>Pentru c\u0103 \u00een spatele oric\u0103rui succes este o poveste \u0219i pentru c\u0103 povestea mea este una frumoas\u0103 ea merit\u0103 s\u0103 fie spus\u0103&#8230;<br \/>\nDe cateva luni lucrez la un proiect de suflet SAMAS, un concept nou \u00een ora\u0219ul nostru, care are ca scop s\u0103 ofere femeilor informa\u021bii corecte \u0219i sprijin, s\u0103 le ajute s\u0103 fie pregatite pentru cea mai frumoas\u0103 perioad\u0103 din via\u021ba lor, perioada \u00een care vor fi MAME! Asocia\u021bia SAMAS, prima re\u021bea na\u021bional\u0103 de educa\u021bie perinatal\u0103 ce acoper\u0103 primele 1000 de zile de la concep\u021bie p\u00e2n\u0103 la v\u00e2rsta de doi ani a bebelu\u0219ului, este ast\u0103zi \u00een maternitatea noastra prin &#8222;\u0218COALA MAMEI SAMAS&#8221; \u0219i prin Proiectul Social SAMAS.<br \/>\n\u00cen urm\u0103 cu o s\u0103pt\u0103m\u00e2n\u0103 am participat la Conferin\u021ba SAMAS unde am avut onoarea s\u0103 prezint invita\u021bilor succesul pe care l-am avut \u00een ora\u0219ul nostru. Am fost m\u00e2ndr\u0103 s\u0103 le spun despre ajutorul \u0219i sus\u021binerea pe care am g\u0103sit-o la oamenii minuna\u021bi c\u0103rora le-am cerut ajutorul \u00een aceste ultime luni. Am fost m\u00e2ndr\u0103 s\u0103 le spun c\u0103 sunt din Turnu Severin \u0219i c\u0103 lucrez \u00een maternitatea jude\u021bean\u0103, care trebuie s\u0103 \u0219ti\u021bi c\u0103 este cunoscut\u0103 \u0219i l\u0103udat\u0103 pentru calitatea serviciilor (suntem pe locul 5 \u00een \u021bar\u0103 ca utilizare a gazului ilariant care reduce durerile contrac\u021biilor \u00een timpul travaliului) \u0219i acest lucru vreau s\u0103 \u00eel afle c\u00e2t mai multe viitoare m\u0103mici. Am fost m\u00e2ndr\u0103 s\u0103 fiu acolo \u0219i s\u0103 povestesc despre voi, oameni minuna\u021bi care a\u021bi f\u0103cut posibil succesul meu cu proiectul SAMAS! Cu ajutorul vostru, \u00een doar opt luni, zeci de gravide \u0219i m\u0103mici au aflat \u0219i au beneficiat de serviciile de educa\u021bie perinatal\u0103 oferite de Asocia\u021bia SAMAS \u00een ora\u0219ul nostru!<br \/>\nGiorgiana Matei este omul minunat pe care l-am \u00eent\u00e2lnit \u0219i care m-a ghidat c\u0103tre SAMAS, S\u00eenziana Ionita Ciurez, Ana Maita, Cristina B\u00eec\u00eeil\u0103, Gabriela Stoica, Codru\u021ba Gabriela Nedelea , dna Marina O\u021belea, f\u0103r\u0103 voi nu a\u0219 fi reu\u0219it s\u0103 aduc niciodat\u0103 SAMAS \u00een Mehedin\u021bi, f\u0103r\u0103 voi, prietene dragi Paola Cioar\u0103, Popescu Gilda, Costea Victoria, Felicia Screciu, Veronica Ghelner, Anica Marina, Lukass Lukass proiectul social SAMAS nu ar fi fost at\u00e2t de \u00eembog\u0103\u021bit, f\u0103r\u0103 tine, Andra B\u0103lan, beneficiarele proiectului nu ar fi primit gratuit produsele dermato-cosmetice &#8222;sebamed&#8221;, Diana Mituc\u0103, ai avut \u0219i tu un rol important, Violanda Cirstea, sponsorul principal al Conferin\u021bei de pres\u0103, f\u0103r\u0103 voi, Monica Adriana Cenu\u015f\u0103, Corina Macavei, Voica Briceag, Mitu Oana, Cilibia Marius, St\u0103varu Justinel, Alin Tiberiu Nicolicea, Andrada Cojocaru Galaxy tv, RTS, Tele 2, mesajul meu despre SAMAS nu ar fi ajuns \u00een pres\u0103 \u0219i la oameni, f\u0103r\u0103 voi, Andrei Claudia, Raluca U\u0219urelu, Lumea Prichindeilor, Dedeman, CORA, CAS, Decebal, afi\u0219ele SAMAS nu \u0219i-ar fi g\u0103sit locul.<br \/>\nUn rol deosebit l-au avut dr. Marinic\u0103 Stoian , dr. Cristian Jianu, dr. Elena Hinoveanu, dr. Oana Banu care au f\u0103cut posibil g\u0103sirea unui spa\u021biu pentru cabinetul SAMAS!<br \/>\nToate g\u00e2ndurile mele bune se \u00eendreapt\u0103 \u0219i spre voi, colegele mele de la SAMAS, mame \u0219i profesioniste des\u0103v\u00e2r\u0219ite al\u0103turi de care am descoperit pl\u0103cerea unei noi prietenii!<br \/>\nPentru to\u021bi pa\u0219ii timizi, dar siguri, pe care i-am f\u0103cut, pentru fiecare lacrim\u0103 de fericire, pentru fiecare z\u00e2mbet pe care \u00eel las\u0103 \u00een urm\u0103 gravida sau mama atunci c\u00e2nd pleac\u0103 de l\u00e2ng\u0103 mine, pentru clipele de bucurie \u0219i \u00eemplinire pe care le-am tr\u0103it al\u0103turi de voi,<br \/>\nV\u0102 MUL\u021aUMESC!<br \/>\nMagda IORGOVAN<\/p>\n","protected":false},"excerpt":{"rendered":"<p>Pentru c&#259; &icirc;n spatele oric&#259;rui succes este o poveste &#537;i pentru c&#259; povestea mea este una frumoas&#259; ea merit&#259; s&#259; fie spus&#259;&hellip; De cateva luni lucrez la un proiect de suflet SAMAS, un concept nou &icirc;n ora&#537;ul nostru, care are ca scop s&#259; ofere femeilor informa&#539;ii corecte &#537;i sprijin, s&#259; le ajute s&#259; fie pregatite [&hellip;]<\/p>\n","protected":false},"author":1,"featured_media":2281,"comment_status":"open","ping_status":"open","sticky":false,"template":"","format":"standard","meta":{"footnotes":""},"categories":[4],"tags":[],"class_list":["post-2297","post","type-post","status-publish","format-standard","has-post-thumbnail","hentry","category-stiri"],"_links":{"self":[{"href":"https:\/\/www.cronicadeseverin.ro\/index.php?rest_route=\/wp\/v2\/posts\/2297","targetHints":{"allow":["GET"]}}],"collection":[{"href":"https:\/\/www.cronicadeseverin.ro\/index.php?rest_route=\/wp\/v2\/posts"}],"about":[{"href":"https:\/\/www.cronicadeseverin.ro\/index.php?rest_route=\/wp\/v2\/types\/post"}],"author":[{"embeddable":true,"href":"https:\/\/www.cronicadeseverin.ro\/index.php?rest_route=\/wp\/v2\/users\/1"}],"replies":[{"embeddable":true,"href":"https:\/\/www.cronicadeseverin.ro\/index.php?rest_route=%2Fwp%2Fv2%2Fcomments&post=2297"}],"version-history":[{"count":0,"href":"https:\/\/www.cronicadeseverin.ro\/index.php?rest_route=\/wp\/v2\/posts\/2297\/revisions"}],"wp:featuredmedia":[{"embeddable":true,"href":"https:\/\/www.cronicadeseverin.ro\/index.php?rest_route=\/wp\/v2\/media\/2281"}],"wp:attachment":[{"href":"https:\/\/www.cronicadeseverin.ro\/index.php?rest_route=%2Fwp%2Fv2%2Fmedia&parent=2297"}],"wp:term":[{"taxonomy":"category","embeddable":true,"href":"https:\/\/www.cronicadeseverin.ro\/index.php?rest_route=%2Fwp%2Fv2%2Fcategories&post=2297"},{"taxonomy":"post_tag","embeddable":true,"href":"https:\/\/www.cronicadeseverin.ro\/index.php?rest_route=%2Fwp%2Fv2%2Ftags&post=2297"}],"curies":[{"name":"wp","href":"https:\/\/api.w.org\/{rel}","templated":true}]}}