{"id":2252,"date":"2015-12-04T12:26:38","date_gmt":"2015-12-04T12:26:38","guid":{"rendered":"http:\/\/www.cronicadeseverin.ro\/?p=2252"},"modified":"2016-01-01T00:33:04","modified_gmt":"2016-01-01T00:33:04","slug":"doinele-cantate-de-mama-domnica-trop-au-harul-de-a-vindeca-sufletul-de-suferinta","status":"publish","type":"post","link":"https:\/\/www.cronicadeseverin.ro\/?p=2252","title":{"rendered":"Doinele c\u00e2ntate de mama Domnica Trop au harul de a vindeca  sufletul de suferin\u0163\u0103&#8230;"},"content":{"rendered":"<p>&nbsp;<\/p>\n<p>C\u00e2nd am pl<a href=\"https:\/\/www.cronicadeseverin.ro\/wp-content\/uploads\/2015\/12\/DSC9765-Custom.jpg\" data-rel=\"lightbox-image-0\" data-imagelightbox=\"0\" data-rl_title=\"_DSC9765 (Custom)\" data-rl_caption=\"\" title=\"_DSC9765 (Custom)\"><img loading=\"lazy\" decoding=\"async\" class=\"size-medium wp-image-2257 alignright\" src=\"https:\/\/www.cronicadeseverin.ro\/wp-content\/uploads\/2015\/12\/DSC9765-Custom-300x199.jpg\" alt=\"_DSC9765 (Custom)\" width=\"300\" height=\"199\" srcset=\"https:\/\/www.cronicadeseverin.ro\/wp-content\/uploads\/2015\/12\/DSC9765-Custom-300x199.jpg 300w, https:\/\/www.cronicadeseverin.ro\/wp-content\/uploads\/2015\/12\/DSC9765-Custom.jpg 640w\" sizes=\"auto, (max-width: 300px) 100vw, 300px\" \/><\/a>ecat diminea\u0163\u0103 pe la 4 jumate din Severin ploua aproape toren\u0163ial. O ploaie care s-a transformat iute \u00een z\u0103pad\u0103 c\u00e2nd am ajuns pe culmile Bobai\u0163ei. Ma\u015fina a derapat de c\u00e2teva ori \u00eendrept\u00e2ndu-se cu ambi\u0163ie parc\u0103 \u00een-spre v\u0103ile \u00eentunecoase \u00eens\u0103 doar manevrele inspirate, cauciucurile groase de iarn\u0103 \u015fi bunul Dumnezeu m-au ferit s\u0103 ajung \u00een cine \u015ftie ce viroag\u0103 cotropit\u0103 de om\u0103t. C\u00e2nd am v\u0103zut c\u0103 gluma se-ngroa\u015f\u0103, am \u00eentors u\u015for Fordul micu\u0163 \u015fi dup\u0103 c\u00e2\u0163iva kilometri de drum-\u00eentors la Severin l-am sunat pe tata Gheorghe s\u0103-i spun c\u0103 nu mai pot s\u0103 ajung la Izverna. Acesta \u00eemi spune c\u0103 acolo, la ei, abia de cad c\u00e2\u0163iva stropi de ploaie \u015fi c\u0103 nu-i nici fulg de z\u0103pad\u0103. \u201eIa ie\u015fi mata afar\u0103 din cas\u0103 \u015fi uit\u0103-te mai bine\u201d, \u00eei spun convins fiind c\u0103 acolo trebuie s\u0103 aib\u0103 z\u0103pada m\u0103car juma de metru. \u201eNici vorb\u0103 domn\u2019Dan, la noi nu nige&#8230; Domnica s-ambrac\u0103-n costum \u015fi v-a\u015fteat\u0103\u201d&#8230; \u201eBine, hai c\u0103 ajung \u015fi eu, c\u0103 o a\u015fteapt\u0103 copiii \u0103ia la Severin\u201d, \u00eei spun, \u00eentorc\u00e2nd ma\u015fina din nou \u00een dreptul unor por\u0163i mai largi&#8230; La casa de pe coast\u0103, mama Domnica era primenit\u0103 \u00een costumul ei popular \u00eens\u0103 ofta \u00eentr-una: \u201eMum\u0103 am ra\u015fit gi la frigu ge-afar\u0103&#8230; Sunt bolnav\u0103, abiea ge m-a poci \u0163\u00e2ne pe pi\u015foare\u201d&#8230; \u201e P\u0103i \u00ee\u0163i adusei o plas\u0103 de medicamente, s\u0103 ai p\u00e2n\u0103 la prim\u0103var\u0103&#8230; \u00cei spusei lu tata Gheorghe cum s\u0103 \u0163i le dea&#8230; S\u0103 le iei f\u0103r\u0103 grij\u0103 c\u0103 nu sunt cu zah\u0103r, nu fac r\u0103u la diabetu mata&#8230; Ai \u015fi de uns<a href=\"https:\/\/www.cronicadeseverin.ro\/wp-content\/uploads\/2015\/12\/DSC9752-Custom.jpg\" data-rel=\"lightbox-image-1\" data-imagelightbox=\"1\" data-rl_title=\"_DSC9752 (Custom)\" data-rl_caption=\"\" title=\"_DSC9752 (Custom)\"><img loading=\"lazy\" decoding=\"async\" class=\"size-medium wp-image-2253 alignleft\" src=\"https:\/\/www.cronicadeseverin.ro\/wp-content\/uploads\/2015\/12\/DSC9752-Custom-300x199.jpg\" alt=\"_DSC9752 (Custom)\" width=\"300\" height=\"199\" srcset=\"https:\/\/www.cronicadeseverin.ro\/wp-content\/uploads\/2015\/12\/DSC9752-Custom-300x199.jpg 300w, https:\/\/www.cronicadeseverin.ro\/wp-content\/uploads\/2015\/12\/DSC9752-Custom.jpg 640w\" sizes=\"auto, (max-width: 300px) 100vw, 300px\" \/><\/a> genunchii \u015fi spinarea\u201d&#8230; \u201eBa c\u0103 pi\u015foarple \u015fi \u015f\u0103lele nu m-a mai dor c\u0103 me-am facut eu unsoare cu care m-am dat \u015fi mi-a tracut\u201d&#8230; \u201eCe fel de unsoare? Cu ce?\u201d o-ntreb curios. \u201eGe galbenele&#8230; Am fiert untur\u0103 ge pe porc \u015f-am dat c-o m\u00e2n\u0103 ge floare-n crati\u0163a aia cu untur\u0103 fiart\u0103 \u015f-am lasat-o s\u0103 s-a-nchje&#8230; Cu aia m-am tras \u015fi nu mai mai dor ge c\u00e2ta vreme ni\u015fi genunchii nici spinarea\u201d. \u201eO fi bun\u0103 \u015fi unsoarea asta a mata\u201d.<br \/>\nC\u00e2nd s\u0103 ie\u015fim pe porti\u0163\u0103, de sus, din aerul \u00eennegurat al zorilor \u00eencep s\u0103 cad\u0103, ca la un semn fulgi mari amesteca\u0163i cu stropi de ploaie. O sun pe Minerva \u015fi \u00eei dau vestea cea mare: \u201evine mama Domnica\u201d la ora ei despre Doin\u0103! Pe drum boala, b\u0103tr\u00e2ne\u0163ea sau faptul c\u0103 nu-i prea \u00eenv\u0103\u0163at\u0103 cu plecatul de-acas\u0103 de la ea, au f\u0103cut-o s\u0103 vomite de mai multe ori oblig\u00e2ndu-m\u0103 fie s\u0103 \u00eencetinesc, fie s\u0103 opresc ca s\u0103-i dau ap\u0103 sau s\u0103-i cur\u0103\u0163 vreo portocal\u0103 acri\u015foar\u0103 \u2013 \u201es\u0103-i treac\u0103 r\u0103u\u201d &#8211; adus\u0103 de prietenul Andrei.<br \/>\nLa \u015fcoala \u201eAlice Voinescu\u201d copii \u00eembr\u0103ca\u0163i to\u0163i \u00een costume populare \u2013 unul mai frumos ca altul \u2013 ne a\u015fteptau ner\u0103bd\u0103tori. Micu\u0163a Andra Nicol Iancu \u2013 feti\u0163a care a uimit o \u0163ar\u0103 \u00eentreag\u0103 cu vocea ei fermecat\u0103 atunci c\u00e2nd a fost la Protv \u2013 frem\u0103ta \u015fi aproape c\u0103 tremura de emo\u0163ie c\u00e2nd mama Domnica a intrat \u00eencetunel-\u00eencetunel \u00een clas\u0103.<\/p>\n<p><a href=\"https:\/\/www.cronicadeseverin.ro\/wp-content\/uploads\/2015\/12\/DSC9767-Custom.jpg\" data-rel=\"lightbox-image-2\" data-imagelightbox=\"2\" data-rl_title=\"_DSC9767 (Custom)\" data-rl_caption=\"\" title=\"_DSC9767 (Custom)\"><img loading=\"lazy\" decoding=\"async\" class=\"size-medium wp-image-2254 alignright\" src=\"https:\/\/www.cronicadeseverin.ro\/wp-content\/uploads\/2015\/12\/DSC9767-Custom-300x199.jpg\" alt=\"_DSC9767 (Custom)\" width=\"300\" height=\"199\" srcset=\"https:\/\/www.cronicadeseverin.ro\/wp-content\/uploads\/2015\/12\/DSC9767-Custom-300x199.jpg 300w, https:\/\/www.cronicadeseverin.ro\/wp-content\/uploads\/2015\/12\/DSC9767-Custom.jpg 640w\" sizes=\"auto, (max-width: 300px) 100vw, 300px\" \/><\/a><br \/>\nLumea \u00eentreag\u0103 a \u00eenceput s\u0103 aplaude \u015fi s-a ridicat \u00een picioare \u00een fa\u0163a Majest\u0103\u0163ii-Sale Domnica Trop \u2013 Doina Vie a Mehedin\u0163ului. Dup\u0103 ce Minerva \u015fi-a prezentat profesorilor invita\u0163i, ora despre doin\u0103 \u015fi \u015fi-a provocat elevii la discu\u0163ii despre subiect, subsemnatul a \u0163inut s\u0103 vorbeasc\u0103 despre sat, ora\u015f, despre Domnica Trop \u015fi doina ca terapie \u015fi despre magia obiectelor aduse din a\u015fa-zisul muzeu personal (cuv\u00e2ntul \u201emuzeu\u201d mi se pare nepotrivit \u00eentruc\u00e2t m\u0103 duce cu g\u00e2ndul la un cimitir). Le-am spus elevilor c\u0103 doinele c\u00e2ntate de mama Domnica Trop au harul de a vindeca sufletul de suferin\u0163\u0103 \u015fi de uitarea de sine, c\u0103 ea a \u00eenceput s\u0103 c\u00e2nte pentru a-\u015fi \u00eenvinge frica de singur\u0103tate \u015fi de lupi. C\u0103 ea este Tezaur Uman Viu \u015fi c\u0103 sunt ni\u015fte noroco\u015fi c\u0103 au apucat s\u0103 fie contemporani cu aceast\u0103 Valoare na\u0163ional\u0103 \u201ecobor\u00e2t\u0103 de pe Ciolumna cu daci de la Roma\u201d. Le-am povestit despre nevoia de a p\u0103stra vii tradi\u0163iile pentru a accede la acel tip de g\u00e2ndire Magic\u0103, mult diferit\u0103 de aceea ra\u0163ional\u0103, \u015ftiin\u0163ific\u0103 sau religioas\u0103 ce au exteriorizat sufletul \u015fi l-au institu\u0163ionalizat. Le-am mai spus copiilor c\u0103 ora\u015ful a \u00eenlocuit Arta popular\u0103 autentic\u0103 cu artizanatul iar cultura satului a fost st\u00e2lcit\u0103 de activi\u015ftii de partid \u00eentr-una comercial\u0103 de tip \u201ed\u00e2rla-d\u00e2rla\u201d ce urm\u0103re\u015fte doar succesul financiar (scopul declarat al majorit\u0103\u0163ii me\u015fterilor sau c\u00e2nt\u0103re\u0163ilor populari). Ceea ce fac ace\u015fti \u201earti\u015fti\u201d \u015fi \u201ep\u0103str\u0103tori de tradi\u0163ii autentice\u201d seam\u0103n\u0103 mult cu opera unui analfabet ce a\u015fterne pe h\u00e2rtie litere frumios caligrafiate f\u0103r\u0103 s\u0103 aib\u0103 \u00eens\u0103 habar despre semnifica\u0163ia lor.<br \/>\nAtunci c\u00e2nd analfabetul mai este \u015fi inventiv e\u015fecul este garantat confuzia \u00eengro\u015f\u00e2nd \u015fi mai mult uitarea definitiv\u0103.<br \/>\n\u00cen democra\u0163ia noastr\u0103 \u201eoriginal\u0103\u201d, or<a href=\"https:\/\/www.cronicadeseverin.ro\/wp-content\/uploads\/2015\/12\/DSC9756-Custom.jpg\" data-rel=\"lightbox-image-3\" data-imagelightbox=\"3\" data-rl_title=\"_DSC9756 (Custom)\" data-rl_caption=\"\" title=\"_DSC9756 (Custom)\"><img loading=\"lazy\" decoding=\"async\" class=\"size-medium wp-image-2255 alignleft\" src=\"https:\/\/www.cronicadeseverin.ro\/wp-content\/uploads\/2015\/12\/DSC9756-Custom-300x199.jpg\" alt=\"_DSC9756 (Custom)\" width=\"300\" height=\"199\" srcset=\"https:\/\/www.cronicadeseverin.ro\/wp-content\/uploads\/2015\/12\/DSC9756-Custom-300x199.jpg 300w, https:\/\/www.cronicadeseverin.ro\/wp-content\/uploads\/2015\/12\/DSC9756-Custom.jpg 640w\" sizes=\"auto, (max-width: 300px) 100vw, 300px\" \/><\/a>icine poate s\u0103 spun\u0103 orice despre orice, p\u0103rerismul fiind singurul curent estetic la care a aderat majoritatea b\u0103g\u0103torilor \u00een seam\u0103. Le-am mai spus copiilor c\u0103, spre deosebire de sat, ora\u015ful \u2013 prizonierul aparen\u0163elor \u015fi al imaginilor contraf\u0103cute, &#8211; a devenit \u201epatria depresiei\u201d. \u00cen sat, oamenii (care nu-\u015fi spuneau \u00eentre ei \u201e\u0163\u0103rani\u201d, cuv\u00e2ntul fiind o inven\u0163ie a or\u0103\u015fenilor) erau centra\u0163i \u00een jurul Vetrei iar ei respectau cu sfin\u0163enie ritualurile \u015fi r\u00e2nduielile poruncite de str\u0103mo\u015fi. \u00cen ornamentele realizate de oamenii pricepu\u0163i ai satului nu exist\u0103 UMBRE, lumina \u00eengem\u0103nat\u0103 \u00een culori naturale, par\u00e2nd c\u0103 n\u0103v\u0103le\u015fte din miezul simbolului \u015fi nu din exterior.<br \/>\nCostumul popular \u00eempodobit cu proiec\u0163iile sufletului curat al femeii ce respect\u0103 toate r\u00e2nduielile primite de la str\u0103-buni, confer\u0103 certitudini \u015fi nu doar jocuri de lumini \u015fi umbre a\u015fa cum se-nt\u00e2mpl\u0103 \u00een arta urban\u0103 modern\u0103 experimental\u0103. Purtarea costumului popular bun\u0103oar\u0103, o face pe mama Domnica \u015fi pe oricare femeie de la sat, s\u0103 fie egala regilor, a \u00eemp\u0103ra\u0163ilor sau a zeilor \u2013 concept pomenit c\u00e2ndva de religia lui Zamolxe. Costumul popular este ancor\u0103, born\u0103 de aducere aminte \u00eempotriva uit\u0103rii definitive. \u00cen lumea satului s-a n\u0103scut morala, \u00een cea a ora\u015fului scientismul \u015fi ma\u015finismul (\u015ftiin\u0163a \u015fi religia \u2013 fiicele orfane ale Magiei). \u00cen lumea satului oamenii se cuno\u015fteau \u00eentre ei \u015fi participau la aproape toate deciziile ce priveau comunitatea, la ora\u015f oamenii sunt doar cet\u0103\u0163eni ce nu se cunosc aproape deloc unii cu al\u0163ii \u015fi care au doar iluzia particip\u0103rii la decizii. Satul este a-temporal, m\u00e2ndria \u0163\u0103ranului de a fi \u00een centrul lumii \u015fi Universului ne-a salvat ca popor \u015fi ca neam. \u00cen prezent, ora\u015ful a transformat \u0163\u0103ranul \u00eentr-o slug\u0103 a societ\u0103\u0163ii urbane unde dreptatea, s\u0103n\u0103tatea sau chiar Dumnezeu au fost e<a href=\"https:\/\/www.cronicadeseverin.ro\/wp-content\/uploads\/2015\/12\/DSC9760-Custom.jpg\" data-rel=\"lightbox-image-4\" data-imagelightbox=\"4\" data-rl_title=\"_DSC9760 (Custom)\" data-rl_caption=\"\" title=\"_DSC9760 (Custom)\"><img loading=\"lazy\" decoding=\"async\" class=\"size-medium wp-image-2256 alignright\" src=\"https:\/\/www.cronicadeseverin.ro\/wp-content\/uploads\/2015\/12\/DSC9760-Custom-300x199.jpg\" alt=\"_DSC9760 (Custom)\" width=\"300\" height=\"199\" srcset=\"https:\/\/www.cronicadeseverin.ro\/wp-content\/uploads\/2015\/12\/DSC9760-Custom-300x199.jpg 300w, https:\/\/www.cronicadeseverin.ro\/wp-content\/uploads\/2015\/12\/DSC9760-Custom.jpg 640w\" sizes=\"auto, (max-width: 300px) 100vw, 300px\" \/><\/a>xteriorizate \u015fi date pe m\u00e2na unor institu\u0163ii impersonale. Am vrut s\u0103 \u00eentreb copiii dac\u0103 este vreunul din ei care \u00ee\u015fi dore\u015fte s\u0103 fie&#8230; \u0163\u0103ran, \u00eens\u0103 m-am r\u0103zg\u00e2ndit fiindu-mi fric\u0103 s\u0103 nu fiu gre\u015fit \u00een\u0163eles. Azi, tinerii de la ora\u015f vor orice dar s\u0103 fie \u0163\u0103ran niciodat\u0103. Azi, ora\u015ful se arat\u0103 preocupat doar de conservarea tradi\u0163iilor \u015fi mai pu\u0163in de P\u0102STRAREA lor, de re-amintirea acelor r\u00e2nduieli, a acelor rituri, ritualuri ce dau Valoare tradi\u0163iilor ne-ucise de g\u00e2ndirea \u015ftientist\u0103, ra\u0163ional\u0103, r\u0103mase \u015fi reamintite \u00een capul \u015fi-n mintea oamenilor de-acum, \u00een condi\u0163iile vie\u0163uirii lor actuale.<br \/>\nOmul de la sat, mama Domnica Trop este o prezen\u0163\u0103 vie \u00eenc\u0103, singular\u0103 din nefericire,inalterabil\u0103.<\/p>\n<p>&nbsp;<\/p>\n<p>L\u00e2ng\u0103 mama Domnica s-a a\u015fezat micu\u0163a Nicol-Andra Iancu \u2013 o feti\u0163\u0103 cu ochi mari \u015fi frumo\u015fi, cobor\u00e2t\u0103 parc\u0103 dintr-un tablou de Nicolae Tonitza \u015fi i-a ar\u0103tat mamei noastre de la Izverna c\u0103 \u015fi ea \u015ftie s\u0103-i c\u00e2nte doinele. Fapt ce a f\u0103cut-o mai mult dec\u00e2t bucuroas\u0103 pe Legenda Vie din Izverna care a str\u00e2ns-o la piept \u015fi a pupat-o cu foc pe fruntea micu\u0163\u0103 \u015fi de\u015fteapt\u0103. Pentru a p\u0103stra \u015fi mai vie atmosfera specific\u0103 satului rom\u00e2nesc, am prezentat un film cu \u015fi despre mama Domnica &#8211; &#8222;Sc\u00e2ntei de ap\u0103 vie&#8221;, am vorbit despre cele c\u00e2teva obiecte aduse din colec\u0163ia personal\u0103 \u015fi le-am citit copiilor \u015fi profesorilor invita\u0163i, c\u00e2teva vorbe primite vara asta, de la o alt\u0103 b\u0103tr\u00e2n\u0103 minunat\u0103 pe care am cunoscut-o \u00eentr-un sat de l\u00e2ng\u0103 Motru \u2013 mama M\u0103rioara: \u201eS\u0103m\u00e2n\u0163a de c\u00e2nep\u0103 nu s-a punea fie\u015ftecum \u00een pam\u00e2nt, \u00eemi spunea mama M\u0103rioara&#8230; Nu era bine s-o pui miercuri sau vineri, \u015fi nici c\u00e2nd era lun\u0103 nou\u0103&#8230; Cel mai bine s-a punea \u00een ziua c\u00e2nd s-a \u0163inea post&#8230; C\u00e2nepa era bine s-o samene un barbat \u00eembracat \u00een cama\u015f\u0103 alb\u0103 \u015fi nou\u0103 ca s\u0103 ias\u0103 firele m\u0103tasoas\u0103. \u015ei nu era bine s\u0103 vorbeasc\u0103 atunci c\u00e2nd o s\u0103m\u0103na ca s\u0103 nu cresc\u0103 prin ea volbura \u015fi buruian\u0103&#8230; La Boboteaz\u0103, popa primea de poman\u0103 un caier de c\u00e2nep\u0103 din care era bine s\u0103 toarc\u0103 o muiere b\u0103tr\u00e2n\u0103 funia cu care s-a tragea clopotu la biseric\u0103&#8230; Pe furc\u0103 era bine s\u0103 s-a mai las\u0103 c\u00e2teva fire din caier pentru ca Diavolul s\u0103-\u015fi fac\u0103 \u015fi el br\u00e2u sau br\u0103cinare din ele&#8230; Dup\u0103 ce era \u0163esut\u0103, p\u00e2nza de c\u00e2nep\u0103 trebuia desc\u00e2ntat\u0103 cu c\u0103rbuni st\u00e2mp\u0103ra\u0163i \u00een ap\u0103 de la bunar, ca s\u0103 nu se deoache omu de-o purta\u201d. \u201eBine&#8230; Spune-mi te rog, ce f\u0103ceai mata cu c\u00e2nepa dup\u0103 ce-o adunai de pe c\u00e2mp?&#8230; Cum \u00eencepea povestea c\u0103m\u0103\u015fii de c\u00e2nep\u0103?\u201d am \u00eentrebat-o. \u201eP\u0103i, cum s-a fie&#8230; Smulgeam firele \u015fi le adunam \u00een manunchiuri&#8230; \u0102\u015ftia le a\u015fezam \u00een capi\u0163e acoperite cu iarb\u0103, adic\u0103 la mucezit&#8230; A\u015fa s-a z\u00e2cea&#8230; Le puneam \u00een balt\u0103, tot l\u00e2ng\u0103 firu apei \u2013 s\u0103 nu le ia viitura \u2013 v\u00e2rf la cotor&#8230; La tupilat&#8230; O lasam a\u015fa vro saptam\u00e2n\u0103-dou\u0103&#8230; Dup\u0103 ce-o scoteam din ap\u0103, o-n\u015firam pe gard, la soare s\u0103 s-a u\u015fte&#8230; Pe urm\u0103 o bateam pe pro\u0163ap cu b\u0103tatoru \u0103la sau meli\u0163a&#8230; O bateam a\u015fa ca s\u0103 d\u0103m laoparte pizd\u0103riile&#8230; Firele ales\u0103 de \u0103lea, le dadeam la darac \u015fi prin pepteni&#8230; Io-te \u0103ia de colo&#8230; Dup\u0103 ce daraceam firele, faceam fuioarele, coadele, funiile, cununile, sau torturile&#8230; Din firele ale mai groas\u0103 f\u0103ceam c\u00e2l\u0163ii sau stup\u0103rea\u0163a din care faceam urzeala pentru p\u00e2nz\u0103le ale mai groas\u0103&#8230; Urzala asta sau druganii nu-i torc<a href=\"https:\/\/www.cronicadeseverin.ro\/wp-content\/uploads\/2015\/12\/DSC9765-Custom.jpg\" data-rel=\"lightbox-image-5\" data-imagelightbox=\"5\" data-rl_title=\"_DSC9765 (Custom)\" data-rl_caption=\"\" title=\"_DSC9765 (Custom)\"><img loading=\"lazy\" decoding=\"async\" class=\"size-medium wp-image-2257 alignleft\" src=\"https:\/\/www.cronicadeseverin.ro\/wp-content\/uploads\/2015\/12\/DSC9765-Custom-300x199.jpg\" alt=\"_DSC9765 (Custom)\" width=\"300\" height=\"199\" srcset=\"https:\/\/www.cronicadeseverin.ro\/wp-content\/uploads\/2015\/12\/DSC9765-Custom-300x199.jpg 300w, https:\/\/www.cronicadeseverin.ro\/wp-content\/uploads\/2015\/12\/DSC9765-Custom.jpg 640w\" sizes=\"auto, (max-width: 300px) 100vw, 300px\" \/><\/a>eam cu fusu&#8230; Aveam o rasucitoare cu roat\u0103 \u015fi dadeam la ea ca s\u0103-i rasucim&#8230; Fuioru \u00eel traceam pe ra\u015fchitor ca s\u0103 putem face jurebii pe care-i bagam \u00een ap\u0103 \u015fi-i bateam cu lopata \u015fi cu cenu\u015f\u0103 de lemn ca s\u0103-i putem duce la p\u00e2rl\u0103u&#8230; Sculurile le depanam pe v\u00e2rtelni\u0163\u0103 apoi pe sucal\u0103, pe \u0163evile din suveici, adic\u0103&#8230; Suveicile le traceam printre i\u0163ele urzelii s\u0103 facem p\u00e2nz\u0103 frumoas\u0103 \u015fi cu modelele \u00eenva\u0163ate de la ai batr\u00e2ni&#8230; P\u00e2nza s-a \u00eenvelea pe sulu r\u0103zboiului de \u0163esut&#8230; Io-te pe \u0103stea&#8230; A\u015fezam br\u00e2glele, i\u0163ele erau legate la iepe jos \u015fi sus la c\u0103lu\u015fei&#8230; Fu\u015fteii \u0163ineau rostu iar spata m-a ajuta \u015fi ea c\u00e2n faceam modelu&#8230; Navadeam trec\u00e2nd firele prin cocle\u0163ii i\u0163elor \u015fi printre din\u0163ii spetelor\u201d.<\/p>\n<p>Spre sear\u0103, dup\u0103 ora despre doin\u0103 am plecat \u00eenapoi la Izverna, merg\u00e2nd pe l\u00e2ng\u0103 oi, vite sau capre ce reveneau de la conace, la casa de pe deal unde plita era \u00eencins\u0103 iar soba troznea \u015fi arunca sc\u00e2ntei vii fericite c\u0103 Muma Domni\u0163a s-a-ntors la vatra ei magic\u0103\u2026<br \/>\nDAN ALEXOAE<\/p>\n","protected":false},"excerpt":{"rendered":"<p>&nbsp; C&acirc;nd am plecat diminea&#355;&#259; pe la 4 jumate din Severin ploua aproape toren&#355;ial. O ploaie care s-a transformat iute &icirc;n z&#259;pad&#259; c&acirc;nd am ajuns pe culmile Bobai&#355;ei. Ma&#351;ina a derapat de c&acirc;teva ori &icirc;ndrept&acirc;ndu-se cu ambi&#355;ie parc&#259; &icirc;n-spre v&#259;ile &icirc;ntunecoase &icirc;ns&#259; doar manevrele inspirate, cauciucurile groase de iarn&#259; &#351;i bunul Dumnezeu m-au ferit s&#259; [&hellip;]<\/p>\n","protected":false},"author":1,"featured_media":2257,"comment_status":"open","ping_status":"open","sticky":false,"template":"","format":"standard","meta":{"footnotes":""},"categories":[838],"tags":[1498,331,1497,1494,330,1496,1495],"class_list":["post-2252","post","type-post","status-publish","format-standard","has-post-thumbnail","hentry","category-inedit-2","tag-cantece-populare","tag-dan-alexoae","tag-doamna-sfrent","tag-doine","tag-domnica-trop","tag-lectie","tag-scoala-alice-voinescu"],"_links":{"self":[{"href":"https:\/\/www.cronicadeseverin.ro\/index.php?rest_route=\/wp\/v2\/posts\/2252","targetHints":{"allow":["GET"]}}],"collection":[{"href":"https:\/\/www.cronicadeseverin.ro\/index.php?rest_route=\/wp\/v2\/posts"}],"about":[{"href":"https:\/\/www.cronicadeseverin.ro\/index.php?rest_route=\/wp\/v2\/types\/post"}],"author":[{"embeddable":true,"href":"https:\/\/www.cronicadeseverin.ro\/index.php?rest_route=\/wp\/v2\/users\/1"}],"replies":[{"embeddable":true,"href":"https:\/\/www.cronicadeseverin.ro\/index.php?rest_route=%2Fwp%2Fv2%2Fcomments&post=2252"}],"version-history":[{"count":0,"href":"https:\/\/www.cronicadeseverin.ro\/index.php?rest_route=\/wp\/v2\/posts\/2252\/revisions"}],"wp:featuredmedia":[{"embeddable":true,"href":"https:\/\/www.cronicadeseverin.ro\/index.php?rest_route=\/wp\/v2\/media\/2257"}],"wp:attachment":[{"href":"https:\/\/www.cronicadeseverin.ro\/index.php?rest_route=%2Fwp%2Fv2%2Fmedia&parent=2252"}],"wp:term":[{"taxonomy":"category","embeddable":true,"href":"https:\/\/www.cronicadeseverin.ro\/index.php?rest_route=%2Fwp%2Fv2%2Fcategories&post=2252"},{"taxonomy":"post_tag","embeddable":true,"href":"https:\/\/www.cronicadeseverin.ro\/index.php?rest_route=%2Fwp%2Fv2%2Ftags&post=2252"}],"curies":[{"name":"wp","href":"https:\/\/api.w.org\/{rel}","templated":true}]}}