{"id":2111,"date":"2015-04-05T08:06:08","date_gmt":"2015-04-05T08:06:08","guid":{"rendered":"http:\/\/www.cronicadeseverin.ro\/?p=2111"},"modified":"2015-04-19T12:25:39","modified_gmt":"2015-04-19T12:25:39","slug":"ziarist-de-provincie","status":"publish","type":"post","link":"https:\/\/www.cronicadeseverin.ro\/?p=2111","title":{"rendered":"Ziarist de provincie"},"content":{"rendered":"<p><img loading=\"lazy\" decoding=\"async\" class=\" alignright\" src=\"http:\/\/www.pushingtime.com\/wp-content\/uploads\/2013\/04\/3-statue1.jpg\" alt=\"\" width=\"334\" height=\"504\" \/><\/p>\n<p>\u201cProstul\u201d, \u201ccurva proast\u0103\u201d, \u201cretardatul\u201d, \u201cpenibilul\u201d \u015fi multe alte epitete frumoase pe care le adresa\u0163i voi, \u00een comentarii, sub fusta anonimatului, la materialele lui. Ale ziaristului de provincie, care scrie despre ce nu v\u0103 convine vou\u0103.<\/p>\n<p>Ziaristul de provincie e prostul \u0103la care scrie cu m\u00e2nie proletar\u0103 despre cum nu v\u0103 sunt vou\u0103 date drepturile salariale, \u00een vreme ce el munce\u015fte f\u0103r\u0103 carte de munc\u0103, pe 600 de lei. E idioata aia care vine la grevele voastre pentru \u201ca relata de la fa\u0163a locului\u201d, c\u00e2nd sunte\u0163i voi nemul\u0163umi\u0163i c\u0103 a\u0163i fost c\u0103lca\u0163i pe cap de patroni, \u00een timp ce ea nu \u015fi-a mai luat salariul de vreo dou\u0103 luni \u015fi tr\u0103ie\u015fte din pensia mamei.<\/p>\n<p>Ziaristul de provincie e fraierul \u0103la care \u00eenc\u0103 \u00ee\u015fi mai iube\u015fte meseria \u015fi, chiar dac\u0103 are \u00een meniu doar covrigi \u015fi iaurt, se umple de ru\u015fine c\u00e2nd colegii lui, la conferin\u0163ele de pres\u0103, \u00ee\u015fi \u00eendeas\u0103 fursecurile \u015fi sticlele cu suc de pe mas\u0103 \u00een geant\u0103. \u015etie c\u0103, oric\u00e2t de bine \u015fi-ar face meseria, mai apoi, voi tot \u00een categoria \u201cfomi\u015ftilor\u201d o s\u0103-l include\u0163i. \u015ei, dac\u0103 dup\u0103 ni\u015fte ani de munc\u0103, n-ai f\u0103cut gastrit\u0103 sau ulcer de la nervi, nu te po\u0163i numi ziarist.<\/p>\n<p>Tot via\u0163\u0103 de ziarist este c\u00e2nd munce\u015fti s\u0103pt\u0103m\u00e2ni \u00een \u015fir la un material, de care e\u015fti m\u00e2ndru \u015fi consta\u0163i c\u0103 n-o s\u0103-\u0163i apar\u0103 niciodat\u0103, fiindc\u0103 \u015fefii \u2013 \u0103ia de se plimb\u0103 \u00een X5 cump\u0103rat din \u015fp\u0103gi \u015fi \u015fantaj \u2013 au g\u0103sit \u00eenc\u0103 o vac\u0103 de muls prin subiectul t\u0103u. Iar tu r\u0103m\u00e2i cu umilin\u0163a, frustrarea \u015fi neputin\u0163a de a fi, \u00eenc\u0103 o dat\u0103, c\u0103lcat \u00een picioare. Un om de\u015ftept a spus, odat\u0103, \u201cc\u0103 cel mai bogat ziarist e cel care nu scrie nimic\u201d. Asta nu \u0163i se aplic\u0103 \u0163ie, pentru c\u0103 tu vrei s\u0103 scrii, \u00eenc\u0103 mai ai drag de meserie \u015fi crezi c\u0103 po\u0163i schimba lumea. Dar lumea nu te las\u0103.<\/p>\n<p>Ziarist\u0103 e \u015fi aia care are ghinionul de a fi frumu\u015fic\u0103 \u015fi e trimis\u0103 de \u015fefi \u201cla interviuri\u201d, trezindu-se mai apoi cu m\u00e2na vreunui ghiolban pe picioarele ei, \u00een timp ce-i spune: \u201cS\u0103r\u0103cio, nu mai f\u0103 pe mironosi\u0163a! Nu toate vre\u0163i bani? Ce dracu? Mori de foame \u015fi faci figuri!\u201d. Tot ziarist\u0103 e \u015fi ailalt\u0103 care \u00eendr\u0103zne\u015fte \u201cs\u0103 se ia \u00een gur\u0103\u201d cu unul pl\u0103tit din banii no\u015ftri care-i spune c\u0103 e \u201cun nimeni\u201d \u015fi, c\u00e2nd vine vorba de ap\u0103rare, \u00ee\u015fi aude \u015feful cum \u00eel sun\u0103 pe \u0103la \u015fi-\u015fi cere scuze: \u201cierta\u0163i-o, domnule, e t\u00e2n\u0103r\u0103 \u015fi mai t\u00e2mpit\u0103 de fel. N-o s\u0103 se mai \u00eent\u00e2mple\u201d.<\/p>\n<p>\u00cenc\u0103 mai am colegi de isprav\u0103 \u00een presa noastr\u0103. Sunt pu\u0163ini, \u00eei numeri pe degete. Muncesc, de diminea\u0163a p\u00e2n\u0103 seara, fiind \u00eenjura\u0163i sau aprecia\u0163i, \u00een func\u0163ie de subiectele voastre de interes. Cei mai mul\u0163i sunt singuri: nimeni nu poate sta l\u00e2ng\u0103 un om care \u015fi-a dedicat \u00eentreaga via\u0163\u0103 unei meserii care te \u00eemboln\u0103ve\u015fte. Iar cei care mai au \u00eenc\u0103 partener de via\u0163\u0103 au parte de certuri interminabile, tot din cauza meseriei. Am avut colegi talenta\u0163i care, dup\u0103 ce \u015fi-au f\u0103cut o familie, \u015fi-au dat seama c\u0103 nu mai pot continua \u00eentr-un astfel de ritm \u015fi au ales s\u0103 plece, r\u0103m\u00e2n\u00e2nd doar cu acea sc\u00e2nteie \u00een priviri c\u00e2nd \u00ee\u015fi dau seama c\u0103 au dat peste un subiect bun. \u00cens\u0103 \u00ee\u015fi v\u0103d mai departe de drum, spre locul lor de munc\u0103 mai bine pl\u0103tit, care aduce lini\u015fte familiei. Pentru c\u0103 pasiunea nu \u0163ine niciodat\u0103 de foame \u015fi nu-\u0163i pl\u0103te\u015fte facturi.<\/p>\n<p>Am avut o prieten\u0103, Mihaela Ghiuca se numea. \u201cFemeia-b\u0103rbat\u201d \u00eei spuneam noi. Mic\u0103, \u00eenfipt\u0103 \u015fi-a dracului. Mureau de fric\u0103 \u0103ia de aveau nenorocirea de a se \u00eencadra \u00een categoria \u201csubiecte\u201d. Ani \u00eentregi, a fost folosit\u0103 de fiecare redac\u0163ie \u00een parte, s\u0103 latre la unul \u015fi la altul, iar c\u00e2nd l\u0103tratul era \u201ccu folos\u201d pentru patronat, era concediat\u0103, fiindc\u0103 ea voia s\u0103 scrie \u00een continuare. Acum nu mai era bun\u0103, deranja interesele \u015fefilor.<\/p>\n<p>A murit \u00een urm\u0103 cu aproape trei ani, dup\u0103 ce un atac cerebral a transformat-o \u00een legum\u0103. Se enervase pe \u00eenc\u0103 unul din corup\u0163ii no\u015ftri. Ea a murit, \u0103la e bine mersi \u00een continuare. La spital, pentru a primi \u00eengrijirea care i se cuvenea, a trebuit s\u0103 apel\u0103m la pile \u015fi rela\u0163ii, c\u0103 nu avea asigurare, iar medicamentele, foarte scumpe, nu existau \u00een farmacia unit\u0103\u0163ii.<\/p>\n<p>A fost \u00eengropat\u0103 de primarul Lupeniului, Cornel Resmeri\u0163\u0103, care era du\u015fmanul ei de moarte. A avut omul cu ce se bate \u00een piept mai apoi, ar\u0103t\u00e2nd c\u00e2t e de cre\u015ftin \u015fi cum \u00eentoarce \u015fi cel\u0103lalt obraz\u2026 A trebuit s\u0103 ne cert\u0103m \u015fi cu popii, c\u0103 unul nu voia s-o \u00eengroape pentru c\u0103 scrisese despre el, iar altul cerea bani \u201cca s\u0103 trag\u0103 cloapetele\u201d.<\/p>\n<p>La \u00eenmorm\u00e2ntare au fost doar \u201cam\u0103r\u00e2\u0163ii, fomi\u015ftii, fraierii\u201d, colegii de suferin\u0163\u0103, \u0103ia care se spetesc pe 600 de lei. \u015eefii mari, care s-au folosit at\u00e2\u0163ia ani la r\u00e2nd de ea, n-au venit. Era sub demnitatea lor s\u0103 vin\u0103 la un om \u00eengropat de prim\u0103rie.<\/p>\n<p>Acela a fost momentul c\u00e2nd am decis c\u0103, oric\u00e2t de drag mi-ar fi jurnalismul, s\u0103 nu m\u0103 las acaparat \u00een totalitate de el. S\u0103 scriu doar de drag. C\u00e2nd, cum \u015fi despre ce vreau. Pentru c\u0103, dincolo de furturi \u015fi corup\u0163ie, exist\u0103 via\u0163\u0103, ce abia a\u015fteapt\u0103 s\u0103 fie tr\u0103it\u0103 \u015fi care trece pe l\u00e2ng\u0103 noi, dac\u0103 nu suntem aten\u0163i.<\/p>\n<p>Anamaria SANDA<br \/>\nhttp:\/\/cioaravopsita.ro\/ziarist-de-provincie\/<\/p>\n","protected":false},"excerpt":{"rendered":"<p>&ldquo;Prostul&rdquo;, &ldquo;curva proast&#259;&rdquo;, &ldquo;retardatul&rdquo;, &ldquo;penibilul&rdquo; &#351;i multe alte epitete frumoase pe care le adresa&#355;i voi, &icirc;n comentarii, sub fusta anonimatului, la materialele lui. Ale ziaristului de provincie, care scrie despre ce nu v&#259; convine vou&#259;. Ziaristul de provincie e prostul &#259;la care scrie cu m&acirc;nie proletar&#259; despre cum nu v&#259; sunt vou&#259; date drepturile salariale, [&hellip;]<\/p>\n","protected":false},"author":1,"featured_media":13090,"comment_status":"open","ping_status":"open","sticky":false,"template":"","format":"standard","meta":{"footnotes":""},"categories":[292],"tags":[],"class_list":["post-2111","post","type-post","status-publish","format-standard","has-post-thumbnail","hentry","category-editorial"],"_links":{"self":[{"href":"https:\/\/www.cronicadeseverin.ro\/index.php?rest_route=\/wp\/v2\/posts\/2111","targetHints":{"allow":["GET"]}}],"collection":[{"href":"https:\/\/www.cronicadeseverin.ro\/index.php?rest_route=\/wp\/v2\/posts"}],"about":[{"href":"https:\/\/www.cronicadeseverin.ro\/index.php?rest_route=\/wp\/v2\/types\/post"}],"author":[{"embeddable":true,"href":"https:\/\/www.cronicadeseverin.ro\/index.php?rest_route=\/wp\/v2\/users\/1"}],"replies":[{"embeddable":true,"href":"https:\/\/www.cronicadeseverin.ro\/index.php?rest_route=%2Fwp%2Fv2%2Fcomments&post=2111"}],"version-history":[{"count":0,"href":"https:\/\/www.cronicadeseverin.ro\/index.php?rest_route=\/wp\/v2\/posts\/2111\/revisions"}],"wp:featuredmedia":[{"embeddable":true,"href":"https:\/\/www.cronicadeseverin.ro\/index.php?rest_route=\/wp\/v2\/media\/13090"}],"wp:attachment":[{"href":"https:\/\/www.cronicadeseverin.ro\/index.php?rest_route=%2Fwp%2Fv2%2Fmedia&parent=2111"}],"wp:term":[{"taxonomy":"category","embeddable":true,"href":"https:\/\/www.cronicadeseverin.ro\/index.php?rest_route=%2Fwp%2Fv2%2Fcategories&post=2111"},{"taxonomy":"post_tag","embeddable":true,"href":"https:\/\/www.cronicadeseverin.ro\/index.php?rest_route=%2Fwp%2Fv2%2Ftags&post=2111"}],"curies":[{"name":"wp","href":"https:\/\/api.w.org\/{rel}","templated":true}]}}