{"id":1900,"date":"2014-09-22T12:40:15","date_gmt":"2014-09-22T12:40:15","guid":{"rendered":"http:\/\/www.cronicadeseverin.ro\/?p=1900"},"modified":"2014-10-13T18:08:07","modified_gmt":"2014-10-13T18:08:07","slug":"cat-ne-costa-un-lider-de-sindicat","status":"publish","type":"post","link":"https:\/\/www.cronicadeseverin.ro\/?p=1900","title":{"rendered":"C\u00e2t \u201ene cost\u0103\u201c un lider de sindicat?"},"content":{"rendered":"<p>\u00cen multe cazuri, sindicatele \u00eencep s\u0103 se formeze atunci cand m\u00e2ncitorii dintr-o \u00eentreprindere se unesc pentru a rezolva o anumit\u0103 problem\u0103. Iar c\u00e2nd problema respectiv\u0103 s-a rezolvat, din sindicat mai r\u0103m\u00e2ne doar un mic grup de activi\u015fti sindicali. Drept rezultat, de fiecare dat\u0103 c\u00e2nd apare o nou\u0103 criz\u0103 trebuie luat totul de la \u00eenceput. Un sindicat democratic este condus de muncitori. Muncitorii sunt cei care \u00ee\u015fi aleg reprezentan\u0163ii \u015fi tot ei sunt cei care \u00eei pot da jos. Muncitorii decid prin vot dac\u0103 aproba sau nu acordul colectiv de munc\u0103. Muncitorii particip\u0103 \u00een toate deciziile care afecteaz\u0103 sindicatul. Un sindicat democratic este unica organiza\u0163ie care reprezint\u0103 exclusiv interesele muncitorilor. El este independent at\u00e2t fa\u0163\u0103 de partidele politice, c\u00e2t \u015fi fa\u0163\u0103 de guvern \u015fi patronat, care-\u015fi ap\u0103r\u0103 propriile interese. (Federa\u0163ia American\u0103 a Muncii)<\/p>\n<p>&nbsp;<\/p>\n<p>Introducerea de mai sus, spicuit\u0103 din manualul CUM FUNC\u0162IONEAZ\u0102 UN SINDICAT DEMOCRATIC?, al Federa\u0163iei Americane a Muncii s-ar putea s\u0103 nu aib\u0103 nici o leg\u0103tur\u0103 cu mi\u015fcarea sindical\u0103, sau, cel mult, cu ce a mai r\u0103mas din ea \u00een unele ramuri economice ale Rom\u00e2niei de azi. Pentru c\u0103, practic, liderul de sindicat nu prea mai este lider, problemele muncitorilor nu prea mai sunt probleme atunci c\u00e2nd liderul st\u0103 mai mult plecat \u00een delega\u0163ii&#8230;<br \/>\nUn exemplu \u00een acest sens este \u015fi cazul domnului CRISTINEL POPESCU, fost membru marcant PDL, despre care se vorbe\u015fte c\u0103 ar fi avut \u015fofer, secretar\u0103, ma\u015fin\u0103, trei birouri \u015fi motorin\u0103 la discre\u0163ie (1 miliard de lei\/an), 2 miliarde de lei cheltuia anual pe delega\u0163ii, diurn\u0103, cursuri sindicale \u00een belgia, SUA, conform unor surse.\u00a0\u00cen privin\u0163a consumului reproducem al\u0103turat dou\u0103 acte din care unul ne prezint\u0103 situa\u0163ia cheltuielilor efectuate \u00een perioada 01.01.2012-31.12.2012, unde cheltuielile cu deplas\u0103rile \u00eensumeaz\u0103 70.682 lei, cele cu transport auto 33.719 lei, totalul ating\u00e2nd suma de 104.401 lei.<\/p>\n<p><a href=\"https:\/\/www.cronicadeseverin.ro\/?attachment_id=1901\" rel=\"attachment wp-att-1901\"><img loading=\"lazy\" decoding=\"async\" class=\"size-medium wp-image-1901 alignleft\" alt=\"site1 (Custom)\" src=\"https:\/\/www.cronicadeseverin.ro\/wp-content\/uploads\/2014\/09\/site1-Custom-300x199.jpg\" width=\"300\" height=\"199\" srcset=\"https:\/\/www.cronicadeseverin.ro\/wp-content\/uploads\/2014\/09\/site1-Custom-300x199.jpg 300w, https:\/\/www.cronicadeseverin.ro\/wp-content\/uploads\/2014\/09\/site1-Custom.jpg 640w\" sizes=\"auto, (max-width: 300px) 100vw, 300px\" \/><\/a><\/p>\n<p><a href=\"https:\/\/www.cronicadeseverin.ro\/?attachment_id=1902\" rel=\"attachment wp-att-1902\"><img loading=\"lazy\" decoding=\"async\" class=\"aligncenter size-medium wp-image-1902\" alt=\"site2 (Custom)\" src=\"https:\/\/www.cronicadeseverin.ro\/wp-content\/uploads\/2014\/09\/site2-Custom-300x227.jpg\" width=\"300\" height=\"227\" srcset=\"https:\/\/www.cronicadeseverin.ro\/wp-content\/uploads\/2014\/09\/site2-Custom-300x227.jpg 300w, https:\/\/www.cronicadeseverin.ro\/wp-content\/uploads\/2014\/09\/site2-Custom-80x60.jpg 80w, https:\/\/www.cronicadeseverin.ro\/wp-content\/uploads\/2014\/09\/site2-Custom.jpg 634w\" sizes=\"auto, (max-width: 300px) 100vw, 300px\" \/><\/a><br \/>\nCam scump, domnule Cristinel Popescu, cam scump, nu \u015ftim dac\u0103 \u201edincolo era mai ieftin\u201c, dar ne spun oamenii c\u0103, de fapt, dvs. nu a\u0163i fi lucrat m\u0103car o zi la Por\u0163ile de Fier ca angajat \u00een produc\u0163ie, specializarea dumneavoastr\u0103 fiind aceea de POMPIER la Hidroelectrica Serv Por\u0163ile de Fier.<\/p>\n<p>(Va urma)<\/p>\n","protected":false},"excerpt":{"rendered":"<p>&Icirc;n multe cazuri, sindicatele &icirc;ncep s&#259; se formeze atunci cand m&acirc;ncitorii dintr-o &icirc;ntreprindere se unesc pentru a rezolva o anumit&#259; problem&#259;. Iar c&acirc;nd problema respectiv&#259; s-a rezolvat, din sindicat mai r&#259;m&acirc;ne doar un mic grup de activi&#351;ti sindicali. Drept rezultat, de fiecare dat&#259; c&acirc;nd apare o nou&#259; criz&#259; trebuie luat totul de la &icirc;nceput. Un [&hellip;]<\/p>\n","protected":false},"author":1,"featured_media":1901,"comment_status":"open","ping_status":"open","sticky":false,"template":"","format":"standard","meta":{"footnotes":""},"categories":[5],"tags":[1364,1366,1367,1106,32,372,1365],"class_list":["post-1900","post","type-post","status-publish","format-standard","has-post-thumbnail","hentry","category-anchete","tag-cristinel-popescu","tag-delegatii","tag-diurna","tag-hidroserv","tag-lider-sindicat","tag-pdl","tag-pompier"],"_links":{"self":[{"href":"https:\/\/www.cronicadeseverin.ro\/index.php?rest_route=\/wp\/v2\/posts\/1900","targetHints":{"allow":["GET"]}}],"collection":[{"href":"https:\/\/www.cronicadeseverin.ro\/index.php?rest_route=\/wp\/v2\/posts"}],"about":[{"href":"https:\/\/www.cronicadeseverin.ro\/index.php?rest_route=\/wp\/v2\/types\/post"}],"author":[{"embeddable":true,"href":"https:\/\/www.cronicadeseverin.ro\/index.php?rest_route=\/wp\/v2\/users\/1"}],"replies":[{"embeddable":true,"href":"https:\/\/www.cronicadeseverin.ro\/index.php?rest_route=%2Fwp%2Fv2%2Fcomments&post=1900"}],"version-history":[{"count":0,"href":"https:\/\/www.cronicadeseverin.ro\/index.php?rest_route=\/wp\/v2\/posts\/1900\/revisions"}],"wp:featuredmedia":[{"embeddable":true,"href":"https:\/\/www.cronicadeseverin.ro\/index.php?rest_route=\/wp\/v2\/media\/1901"}],"wp:attachment":[{"href":"https:\/\/www.cronicadeseverin.ro\/index.php?rest_route=%2Fwp%2Fv2%2Fmedia&parent=1900"}],"wp:term":[{"taxonomy":"category","embeddable":true,"href":"https:\/\/www.cronicadeseverin.ro\/index.php?rest_route=%2Fwp%2Fv2%2Fcategories&post=1900"},{"taxonomy":"post_tag","embeddable":true,"href":"https:\/\/www.cronicadeseverin.ro\/index.php?rest_route=%2Fwp%2Fv2%2Ftags&post=1900"}],"curies":[{"name":"wp","href":"https:\/\/api.w.org\/{rel}","templated":true}]}}