{"id":1787,"date":"2014-06-16T15:06:05","date_gmt":"2014-06-16T15:06:05","guid":{"rendered":"http:\/\/www.cronicadeseverin.ro\/?p=1787"},"modified":"2014-06-29T06:03:07","modified_gmt":"2014-06-29T06:03:07","slug":"s-a-unit-dreapta-la-orsova-cine-i-roaba-cine-i-robul","status":"publish","type":"post","link":"https:\/\/www.cronicadeseverin.ro\/?p=1787","title":{"rendered":"S-a unit dreapta la Or\u015fova. Cine-i roaba ? Cine-i robul ?"},"content":{"rendered":"<p><a href=\"https:\/\/www.cronicadeseverin.ro\/?attachment_id=1788\" rel=\"attachment wp-att-1788\"><img loading=\"lazy\" decoding=\"async\" class=\"size-medium wp-image-1788 alignleft\" alt=\"_DSC5929 (Custom)\" src=\"https:\/\/www.cronicadeseverin.ro\/wp-content\/uploads\/2014\/06\/DSC5929-Custom-300x199.jpg\" width=\"300\" height=\"199\" srcset=\"https:\/\/www.cronicadeseverin.ro\/wp-content\/uploads\/2014\/06\/DSC5929-Custom-300x199.jpg 300w, https:\/\/www.cronicadeseverin.ro\/wp-content\/uploads\/2014\/06\/DSC5929-Custom.jpg 640w\" sizes=\"auto, (max-width: 300px) 100vw, 300px\" \/><\/a><br \/>\nJoi, 5 iunie a.c., la Or\u015fova s-a consfiin\u0163it prima mare fuziune local\u0103 \u00eentre dou\u0103 partide politice p\u00e2n\u0103 mai ieri adversare: PDL \u015fi PNL. A lipsit, \u00eens\u0103, \u201emaestrul de ceremonii\u201c, nelipsitul Negulescu, acest \u201emachiavelic\u201c personaj care nu se las\u0103 p\u00e2n\u0103 nu plimb\u0103 or\u015fovenii-n telegondol\u0103 \u015fi nu le d\u0103 aer condi\u0163ionat de submarin. Din partea PDL a participat Adrian Cican, demisionar din func\u0163iile de\u0163inute \u00eentr-un PDL f\u0103r\u0103 nici o \u201ev\u00e2n\u0103\u201c politic\u0103, \u00een ultima vreme, iar PNL a fost reprezentat de Dan Ovidiu Papav\u0103. Doi reprezentan\u0163i ai unei alte viziuni politice \u00een cadrul forma\u0163iunilor lor politice, doi lideri care sper s\u0103 \u00eendrepte ceva \u00een Or\u015fova \u015fi \u00een Consiliul local. Este de ne\u00een\u0163eles aceast\u0103 uniune, f\u0103r\u0103 lum\u00e2n\u0103ri, na\u015f, mo\u015f, tortul miresei \u015fi alte chestii de-astea simandicoase, la fel cum este de ne\u00een\u0163eles absen\u0163a celui mai mare liberal al Or\u015fovei, nimeni altul dec\u00e2t primarul ION MANEA. De altfel, am \u00eentrebat fuzioni\u015ftii pe unde-i primarul, \u015fi am \u00een\u0163eles c\u0103, la alegerile europarlamentare s-ar fi afi\u015fat prin buricul t\u00e2rgului cu un fular ro\u015fu la g\u00e2t, semn c\u0103-n Or\u015fova politica e un curcubeu de toat\u0103 frumuse\u0163ea. Depinde de cine&#8230; \u201estric\u0103 ploile\u201c! Dan Papav\u0103 \u015fi Adrian Cican \u015fi-au dat, simbolic, m\u00e2na, \u00eentru prop\u0103\u015firea unei drepte care-a \u00eenceput cu st\u00e2ngul. \u015ei c\u00e2nd spunem asta ne referim la urm\u0103toarea declara\u0163ie: \u201eConsiliul Local Or\u015fova se afl\u0103 \u00een acest moment \u00een blocaj total. Consilierii afla\u0163i la putere doresc dizolvarea Consiliului Local, soarta or\u015fovenilor fiind una extrem de fragil\u0103. Trebuie reamintit or\u015fovenilor c\u0103, \u00eenc\u0103 din septembrie 2013,\u00een Consiliul Local Or\u015fova, PNL a \u00eencetat s\u0103 mai existe, at\u00e2t eu c\u00e2t \u015fi Adrian Cican fiind exclu\u015fi din r\u00e2ndul consilierilor cu acordul prefectului. Consilierii PDL \u015fi PNL doresc la unison s\u0103 continue \u00eempreun\u0103 \u00een cadrul CL Or\u015fova \u00een vederea punerii \u00een aplicare a unei strategii de dezvoltare pe termen mediu \u015fi lung a municipiului. Dorim aprobarea PUG \u00een Or\u015fova deoarece nu avem un astfel de plan, rezolvarea par\u0163ial\u0103 a \u00eenc\u0103lzirii locuin\u0163elor prin anvelopare \u0163in\u00e2nd cont de faptul c\u0103 dorim pentru viitor un studiu de fezabilitate a unui program de \u00eenc\u0103lzire prin cogenerare, dar \u015fi realocarea sumelor bugetare pentru Or\u015fova, Consiliul Jude\u0163ean Mehedin\u0163i aloc\u00e2nd acestui ora\u015f doar 200 de milioane de lei vechi\u201d, declara Dan Papav\u0103.<br \/>\n\u00cen doi de mandat al\u0103turi de PSD, domnul Dan Papav\u0103 nu a vorbit niciodat\u0103 at\u00e2t de frumos despre durerea or\u015fovenilor \u015fi nevoile lor, a\u015fa c\u0103-i acord\u0103m \u201ecircumstan\u0163e atenuante\u201c, \u00een perspectiva noilor alegeri preziden\u0163iale care se apropie. C\u00e2t prive\u015fte dizolvarea Consiliului local, o concluzie se impune, totu\u015fi: de ce nu demisioneaz\u0103, la momentul actual, to\u0163i consilierii PDL \u015fi PNL din Consiliul local Or\u015fova, pentru a vedea \u015fi or\u015fovenii cum \u00ee\u015fi fr\u00e2nge g\u00e2tul actuala putere? Ar fi cea mai potrivit\u0103 solu\u0163ie nu numai pentru or\u015foveni \u015fi problemele lor, ci \u015fi pentru clasa politic\u0103 local\u0103 recent fuzionat\u0103 de la Or\u015fova, care se complace \u00eentr-o situa\u0163ie deranjant\u0103 \u015fi penibil\u0103, la urma urmelor. Cu at\u00e2t mai pu\u0163in ne intereseaz\u0103 o eventual\u0103 fuziune anun\u0163at\u0103 de Adrian Cican \u00eentre PDL \u015fi PNL din Svini\u0163a, Dubova, E\u015felni\u0163a, Ilovi\u0163a \u015fi Podeni: \u201eProiectul de unificare a dreptei se afl\u0103 \u00eentr-o faz\u0103 destul de avansat\u0103, \u00eens\u0103 aici, la Or\u015fova, a fost dep\u0103\u015fit acest stadiu. Suntem \u00eenaintea structurilor na\u0163ionale \u015fi jude\u0163ene. Sper\u0103m \u00een primul r\u00e2nd, deblocarea c\u00e2t mai urgent\u0103 a situa\u0163iei din Consiliul Local Or\u015fova, una extrem de grav\u0103. S\u0103 nu uit\u0103m c\u0103 de ast\u0103zi s-a \u00eenceput blocarea conturilor prim\u0103riei, consilierii afla\u0163i ast\u0103zi la putere ne\u00een\u0163eleg\u00e2nd faptul c\u0103 banii ora\u015fului nu sunt ai lor sau a unui partid, ci ai or\u015fovenilor. Prim\u0103ria Or\u015fova pl\u0103te\u015fte acum o amend\u0103 penal\u0103 de 174 de milioane de lei vechi, bani ce trebuiau pl\u0103ti\u0163i de consilierii locali \u015fi nu de popula\u0163ie. Prim\u0103ria mai are de pl\u0103tit o amend\u0103 penal\u0103 de 346 milioane lei vechi. Toate acestea se \u00eent\u00e2mpl\u0103 datorit\u0103 faptului c\u0103 actualii consilieri PSD voteaz\u0103 spre aprobare orice \u015fi oricum. Majoritatea or\u015fovenilor se roag\u0103 tot mai des ca cei de la DNA s\u0103 revin\u0103 \u00een Or\u015fova \u015fi s\u0103 cure\u0163e ora\u015ful de cei ce au aruncat localitatea \u00een caracati\u0163a s\u0103r\u0103ciei \u015fi a mizeriei\u201d.<br \/>\nDac\u0103 un lider al PDL a ajuns s\u0103 cread\u0103 c\u0103 numai DNA-ul poate s\u0103 cure\u0163e un ora\u015f \u00een care, p\u00e2n\u0103 acum ceva vreme, erai consilier local, fuziunea asta \u00een premier\u0103 na\u0163ional\u0103 care s-a \u00eent\u00e2mplat la Or\u015fova nu mai are nici un rost. Dreapta asta, pe l\u00e2ng\u0103 faptul c\u0103 a-nceput cu st\u00e2ngul, a dat \u015fi cu capul \u00een pragul de sus.<br \/>\nSt. JUST<\/p>\n","protected":false},"excerpt":{"rendered":"<p>Joi, 5 iunie a.c., la Or&#351;ova s-a consfiin&#355;it prima mare fuziune local&#259; &icirc;ntre dou&#259; partide politice p&acirc;n&#259; mai ieri adversare: PDL &#351;i PNL. A lipsit, &icirc;ns&#259;, &bdquo;maestrul de ceremonii&ldquo;, nelipsitul Negulescu, acest &bdquo;machiavelic&ldquo; personaj care nu se las&#259; p&acirc;n&#259; nu plimb&#259; or&#351;ovenii-n telegondol&#259; &#351;i nu le d&#259; aer condi&#355;ionat de submarin. Din partea PDL a [&hellip;]<\/p>\n","protected":false},"author":1,"featured_media":1788,"comment_status":"open","ping_status":"open","sticky":false,"template":"","format":"standard","meta":{"footnotes":""},"categories":[4],"tags":[370,1274,1205,61,372,195,1273],"class_list":["post-1787","post","type-post","status-publish","format-standard","has-post-thumbnail","hentry","category-stiri","tag-adrian-cican","tag-dan-papava","tag-dreapta","tag-orsova","tag-pdl","tag-pnl","tag-unire"],"_links":{"self":[{"href":"https:\/\/www.cronicadeseverin.ro\/index.php?rest_route=\/wp\/v2\/posts\/1787","targetHints":{"allow":["GET"]}}],"collection":[{"href":"https:\/\/www.cronicadeseverin.ro\/index.php?rest_route=\/wp\/v2\/posts"}],"about":[{"href":"https:\/\/www.cronicadeseverin.ro\/index.php?rest_route=\/wp\/v2\/types\/post"}],"author":[{"embeddable":true,"href":"https:\/\/www.cronicadeseverin.ro\/index.php?rest_route=\/wp\/v2\/users\/1"}],"replies":[{"embeddable":true,"href":"https:\/\/www.cronicadeseverin.ro\/index.php?rest_route=%2Fwp%2Fv2%2Fcomments&post=1787"}],"version-history":[{"count":0,"href":"https:\/\/www.cronicadeseverin.ro\/index.php?rest_route=\/wp\/v2\/posts\/1787\/revisions"}],"wp:featuredmedia":[{"embeddable":true,"href":"https:\/\/www.cronicadeseverin.ro\/index.php?rest_route=\/wp\/v2\/media\/1788"}],"wp:attachment":[{"href":"https:\/\/www.cronicadeseverin.ro\/index.php?rest_route=%2Fwp%2Fv2%2Fmedia&parent=1787"}],"wp:term":[{"taxonomy":"category","embeddable":true,"href":"https:\/\/www.cronicadeseverin.ro\/index.php?rest_route=%2Fwp%2Fv2%2Fcategories&post=1787"},{"taxonomy":"post_tag","embeddable":true,"href":"https:\/\/www.cronicadeseverin.ro\/index.php?rest_route=%2Fwp%2Fv2%2Ftags&post=1787"}],"curies":[{"name":"wp","href":"https:\/\/api.w.org\/{rel}","templated":true}]}}