{"id":1734,"date":"2014-06-06T16:23:48","date_gmt":"2014-06-06T16:23:48","guid":{"rendered":"http:\/\/www.cronicadeseverin.ro\/?p=1734"},"modified":"2025-07-13T12:48:55","modified_gmt":"2025-07-13T09:48:55","slug":"senzational","status":"publish","type":"post","link":"https:\/\/www.cronicadeseverin.ro\/?p=1734","title":{"rendered":"SENZA\u021aIONAL!"},"content":{"rendered":"<p><a href=\"https:\/\/www.cronicadeseverin.ro\/?attachment_id=1735\" rel=\"attachment wp-att-1735\"><img loading=\"lazy\" decoding=\"async\" class=\"aligncenter size-full wp-image-1735\" src=\"https:\/\/www.cronicadeseverin.ro\/wp-content\/uploads\/2014\/06\/Termocentrala-4-Custom.jpg\" alt=\"Termocentrala (4) (Custom)\" width=\"640\" height=\"428\" srcset=\"https:\/\/www.cronicadeseverin.ro\/wp-content\/uploads\/2014\/06\/Termocentrala-4-Custom.jpg 640w, https:\/\/www.cronicadeseverin.ro\/wp-content\/uploads\/2014\/06\/Termocentrala-4-Custom-300x201.jpg 300w\" sizes=\"auto, (max-width: 640px) 100vw, 640px\" \/><\/a>RAAN opre\u015fte apa cald\u0103 de la 1 iulie, din cauza datoriilor mari \u00eenregistrate de asocia\u0163iile de proprietari. \u00cen semn de protest, proprietarii vor cump\u0103ra toat\u0103 apa grea, pe care o vor \u00eenc\u0103lzi cu promisiunile clasei politice.<\/p>\n","protected":false},"excerpt":{"rendered":"<p>RAAN opre&#351;te apa cald&#259; de la 1 iulie, din cauza datoriilor mari &icirc;nregistrate de asocia&#355;iile de proprietari. &Icirc;n semn de protest, proprietarii vor cump&#259;ra toat&#259; apa grea, pe care o vor &icirc;nc&#259;lzi cu promisiunile clasei politice.<\/p>\n","protected":false},"author":1,"featured_media":1735,"comment_status":"open","ping_status":"open","sticky":false,"template":"","format":"standard","meta":{"footnotes":""},"categories":[4],"tags":[1223,1224,695,1225,386],"class_list":["post-1734","post","type-post","status-publish","format-standard","has-post-thumbnail","hentry","category-stiri","tag-apa-calda","tag-asociatii","tag-datorii","tag-proprietari","tag-raan"],"_links":{"self":[{"href":"https:\/\/www.cronicadeseverin.ro\/index.php?rest_route=\/wp\/v2\/posts\/1734","targetHints":{"allow":["GET"]}}],"collection":[{"href":"https:\/\/www.cronicadeseverin.ro\/index.php?rest_route=\/wp\/v2\/posts"}],"about":[{"href":"https:\/\/www.cronicadeseverin.ro\/index.php?rest_route=\/wp\/v2\/types\/post"}],"author":[{"embeddable":true,"href":"https:\/\/www.cronicadeseverin.ro\/index.php?rest_route=\/wp\/v2\/users\/1"}],"replies":[{"embeddable":true,"href":"https:\/\/www.cronicadeseverin.ro\/index.php?rest_route=%2Fwp%2Fv2%2Fcomments&post=1734"}],"version-history":[{"count":1,"href":"https:\/\/www.cronicadeseverin.ro\/index.php?rest_route=\/wp\/v2\/posts\/1734\/revisions"}],"predecessor-version":[{"id":12811,"href":"https:\/\/www.cronicadeseverin.ro\/index.php?rest_route=\/wp\/v2\/posts\/1734\/revisions\/12811"}],"wp:featuredmedia":[{"embeddable":true,"href":"https:\/\/www.cronicadeseverin.ro\/index.php?rest_route=\/wp\/v2\/media\/1735"}],"wp:attachment":[{"href":"https:\/\/www.cronicadeseverin.ro\/index.php?rest_route=%2Fwp%2Fv2%2Fmedia&parent=1734"}],"wp:term":[{"taxonomy":"category","embeddable":true,"href":"https:\/\/www.cronicadeseverin.ro\/index.php?rest_route=%2Fwp%2Fv2%2Fcategories&post=1734"},{"taxonomy":"post_tag","embeddable":true,"href":"https:\/\/www.cronicadeseverin.ro\/index.php?rest_route=%2Fwp%2Fv2%2Ftags&post=1734"}],"curies":[{"name":"wp","href":"https:\/\/api.w.org\/{rel}","templated":true}]}}