{"id":14165,"date":"2026-04-02T17:03:52","date_gmt":"2026-04-02T14:03:52","guid":{"rendered":"https:\/\/www.cronicadeseverin.ro\/?p=14165"},"modified":"2026-04-02T17:03:52","modified_gmt":"2026-04-02T14:03:52","slug":"alegeri-la-gogosu","status":"publish","type":"post","link":"https:\/\/www.cronicadeseverin.ro\/?p=14165","title":{"rendered":"ALEGERI la GOGO\u0218U"},"content":{"rendered":"<p>INFORMARE privind situa\u0163iile \u00een care sunt \u00eendeplinite condi\u0163iile pentru organizarea alegerilor locale par\u0163iale<br \/>\nGuvernul Rom\u00e2niei ia act de \u00eendeplinirea condi\u021biilor legale pentru organizarea de alegeri locale par\u021biale pentru func\u021bia de primar \u00een 10 unit\u0103\u021bi administrativ-teritoriale, inclusiv \u00een Sectorul 6 al municipiului Bucure\u0219ti.<br \/>\nAlegerile locale par\u021biale urmeaz\u0103 a fi organizate \u00een urm\u0103toarele localit\u0103\u021bi:<br \/>\n\u2022 comuna Chiuza, jude\u021bul Bistri\u021ba-N\u0103s\u0103ud;<br \/>\n\u2022 comuna Augustin, jude\u021bul Bra\u0219ov;<br \/>\n\u2022 ora\u0219ul Lehliu-Gar\u0103, jude\u021bul C\u0103l\u0103ra\u0219i;<br \/>\n\u2022 ora\u0219ul Huedin, jude\u021bul Cluj;<br \/>\n\u2022 ora\u0219ul Cernavod\u0103, jude\u021bul Constan\u021ba;<br \/>\n\u2022 comuna Gogo\u0219u, jude\u021bul Mehedin\u021bi;<br \/>\n\u2022 comuna Nicolae Titulescu, jude\u021bul Olt;<br \/>\n\u2022 comuna Ciorani, jude\u021bul Prahova;<br \/>\n\u2022 comuna Ureche\u0219ti, jude\u021bul Vrancea;<br \/>\n\u2022 Sectorul 6 al municipiului Bucure\u0219ti.<br \/>\nData organiz\u0103rii alegerilor va fi stabilit\u0103 de Guvern, la propunerea autorit\u0103\u021bilor cu atribu\u021bii \u00een organizarea alegerilor, pe baza solicit\u0103rii prefectului.<\/p>\n","protected":false},"excerpt":{"rendered":"<p>INFORMARE privind situa&#355;iile &icirc;n care sunt &icirc;ndeplinite condi&#355;iile pentru organizarea alegerilor locale par&#355;iale Guvernul Rom&acirc;niei ia act de &icirc;ndeplinirea condi&#539;iilor legale pentru organizarea de alegeri locale par&#539;iale pentru func&#539;ia de primar &icirc;n 10 unit&#259;&#539;i administrativ-teritoriale, inclusiv &icirc;n Sectorul 6 al municipiului Bucure&#537;ti. Alegerile locale par&#539;iale urmeaz&#259; a fi organizate &icirc;n urm&#259;toarele localit&#259;&#539;i: &bull; comuna Chiuza, [&hellip;]<\/p>\n","protected":false},"author":1,"featured_media":14166,"comment_status":"open","ping_status":"open","sticky":false,"template":"","format":"standard","meta":{"footnotes":""},"categories":[4],"tags":[243,828,4740,26],"class_list":["post-14165","post","type-post","status-publish","format-standard","has-post-thumbnail","hentry","category-stiri","tag-alegeri","tag-gogosu","tag-partiale","tag-prefect"],"_links":{"self":[{"href":"https:\/\/www.cronicadeseverin.ro\/index.php?rest_route=\/wp\/v2\/posts\/14165","targetHints":{"allow":["GET"]}}],"collection":[{"href":"https:\/\/www.cronicadeseverin.ro\/index.php?rest_route=\/wp\/v2\/posts"}],"about":[{"href":"https:\/\/www.cronicadeseverin.ro\/index.php?rest_route=\/wp\/v2\/types\/post"}],"author":[{"embeddable":true,"href":"https:\/\/www.cronicadeseverin.ro\/index.php?rest_route=\/wp\/v2\/users\/1"}],"replies":[{"embeddable":true,"href":"https:\/\/www.cronicadeseverin.ro\/index.php?rest_route=%2Fwp%2Fv2%2Fcomments&post=14165"}],"version-history":[{"count":1,"href":"https:\/\/www.cronicadeseverin.ro\/index.php?rest_route=\/wp\/v2\/posts\/14165\/revisions"}],"predecessor-version":[{"id":14167,"href":"https:\/\/www.cronicadeseverin.ro\/index.php?rest_route=\/wp\/v2\/posts\/14165\/revisions\/14167"}],"wp:featuredmedia":[{"embeddable":true,"href":"https:\/\/www.cronicadeseverin.ro\/index.php?rest_route=\/wp\/v2\/media\/14166"}],"wp:attachment":[{"href":"https:\/\/www.cronicadeseverin.ro\/index.php?rest_route=%2Fwp%2Fv2%2Fmedia&parent=14165"}],"wp:term":[{"taxonomy":"category","embeddable":true,"href":"https:\/\/www.cronicadeseverin.ro\/index.php?rest_route=%2Fwp%2Fv2%2Fcategories&post=14165"},{"taxonomy":"post_tag","embeddable":true,"href":"https:\/\/www.cronicadeseverin.ro\/index.php?rest_route=%2Fwp%2Fv2%2Ftags&post=14165"}],"curies":[{"name":"wp","href":"https:\/\/api.w.org\/{rel}","templated":true}]}}