{"id":14156,"date":"2026-03-27T19:38:54","date_gmt":"2026-03-27T16:38:54","guid":{"rendered":"https:\/\/www.cronicadeseverin.ro\/?p=14156"},"modified":"2026-03-27T19:38:54","modified_gmt":"2026-03-27T16:38:54","slug":"2-aprilie-ziua-institutiei-prefectului","status":"publish","type":"post","link":"https:\/\/www.cronicadeseverin.ro\/?p=14156","title":{"rendered":"2 Aprilie \u2013 Ziua institu\u021biei Prefectului"},"content":{"rendered":"<p>No\u0163iunea de \u201eprefect\u201d \u00een Rom\u00e2nia a ap\u0103rut oficial \u00een \u201dLegea nr. 396\/1864 pentru \u00eenfiin\u021biarea Consiliuriloru jude\u021biane\u201d \u00een care prefectul prezida Comitetul Permanent al Jude\u021bului.\u00cenainte de Unirea Principatelor din 1859, no\u021biunea era \u00eent\u00e2lnit\u0103 \u00een Muntenia \u015fi \u00een Moldova, dar pe atunci purta denumirea de \u201eispravnic de jude\u0163\u201d sau \u201eispravnic administrator\u201d \u0219i nu de \u201eprefect\u201d.Prefectul cap\u0103t\u0103 un rol important \u00een administrarea jude\u021bului. Prin \u201dst\u0103ruin\u021bia \u0219i \u00eengrijirea sa\u201d prefectul putea intenta ac\u021biuni \u00een justi\u021bie \u00een ap\u0103rarea intereselor jude\u021bului \u201df\u0103r\u0103 a mai a\u0219tepta deliberarea Consiliului jude\u021bianu\u201d.Institu\u021bia prefectului a avut un rol important \u00een dezvoltarea \u021b\u0103rii, prefectul r\u0103m\u00e2n\u00e2nd mereu garantul respect\u0103rii legii \u0219i ordinii \u00een teritoriu.Prin Codul administrativ din 2019, prefectul este demnitar \u0219i reprezentantul Guvernului pe plan local. Ca atribu\u021bii de baz\u0103, prefectul asigur\u0103 verificarea legalit\u0103\u021bii actelor administrative ale autorit\u0103\u021bilor administra\u021biei publice locale, conduce serviciile publice deconcentrate ale ministerelor constituite pe plan local \u0219i asigur\u0103 conducerea comitetului jude\u021bean pentru situa\u021bii de urgen\u021b\u0103.Ziua Institu\u0163iei Prefectului a fost instituit\u0103 prin Legea nr. 348\/2018, care prevede c\u0103 aceasta poate fi marcat\u0103 prin organizarea de programe \u015fi manifest\u0103ri cu caracter cultural-\u015ftiin\u0163ific dedicate recunoa\u015fterii rolului \u015fi meritelor Institu\u0163iei Prefectului la dezvoltarea \u0163\u0103rii din punct de vedere economic, cultural \u015fi social.Prefectul \u0219i personalul institu\u021biei prefectului suntem mereu la datorie \u0219i depunem eforturi pentru \u00eembun\u0103t\u0103\u021birea rela\u021biei cu cet\u0103\u021beanul, \u00een slujba c\u0103ruia ne afl\u0103m. De aceea trebuie s\u0103 fim operativi \u00een asigurarea siguran\u021bei cet\u0103\u021beanului, a facilit\u0103\u021bii accesului c\u0103tre institu\u021biile statului \u0219i a protej\u0103rii sale \u00een fa\u021ba situa\u021biilor de urgen\u021b\u0103.Prin implicarea Institu\u021biei Prefectului \u2013 Jude\u021bul Mehedin\u021bi \u0219i a institu\u021biilor publice coordonate de c\u0103tre prefect, am reu\u0219it s\u0103 asigur\u0103m un climat social f\u0103r\u0103 convulsii, am reu\u0219it s\u0103 prevenim manifestarea unor evenimente negative cu impact deosebit asupra vie\u021bii cet\u0103\u021benilor \u0219i am reu\u0219it s\u0103 implement\u0103m proiecte care \u00eembun\u0103t\u0103\u021besc calitatea vie\u021bii. \u00cempreun\u0103 cu Consiliul Jude\u021bean Mehedin\u021bi am stabilit o rela\u021bie extraordinar\u0103 cu comunit\u0103\u021bile minoritare din jude\u021b \u0219i o leg\u0103tur\u0103 str\u00e2ns\u0103 cu institu\u021biile similare ale \u021b\u0103rilor de provenien\u021b\u0103.\u00cen aceast\u0103 zi festiv\u0103, doresc s\u0103 transmit un mesaj de mul\u021bumire at\u00e2t angaja\u021bilor institu\u021biei prefectului c\u00e2t \u0219i colaboratorilor, s\u0103 le urez succes \u00een activitate \u0219i La mul\u021bi ani!<\/p>\n<p>Constantin-Alin ISUF, prefectul jude\u021bului MEHEDIN\u021aI<\/p>\n<p>&nbsp;<\/p>\n","protected":false},"excerpt":{"rendered":"<p>No&#355;iunea de &bdquo;prefect&rdquo; &icirc;n Rom&acirc;nia a ap&#259;rut oficial &icirc;n &rdquo;Legea nr. 396\/1864 pentru &icirc;nfiin&#539;iarea Consiliuriloru jude&#539;iane&rdquo; &icirc;n care prefectul prezida Comitetul Permanent al Jude&#539;ului.&Icirc;nainte de Unirea Principatelor din 1859, no&#539;iunea era &icirc;nt&acirc;lnit&#259; &icirc;n Muntenia &#351;i &icirc;n Moldova, dar pe atunci purta denumirea de &bdquo;ispravnic de jude&#355;&rdquo; sau &bdquo;ispravnic administrator&rdquo; &#537;i nu de &bdquo;prefect&rdquo;.Prefectul cap&#259;t&#259; un [&hellip;]<\/p>\n","protected":false},"author":1,"featured_media":14157,"comment_status":"open","ping_status":"open","sticky":false,"template":"","format":"standard","meta":{"footnotes":""},"categories":[4],"tags":[4737,4739,9,26,4738],"class_list":["post-14156","post","type-post","status-publish","format-standard","has-post-thumbnail","hentry","category-stiri","tag-2-aprilie","tag-constantin-alin-isuf","tag-mehedinti","tag-prefect","tag-ziua-prefecturii"],"_links":{"self":[{"href":"https:\/\/www.cronicadeseverin.ro\/index.php?rest_route=\/wp\/v2\/posts\/14156","targetHints":{"allow":["GET"]}}],"collection":[{"href":"https:\/\/www.cronicadeseverin.ro\/index.php?rest_route=\/wp\/v2\/posts"}],"about":[{"href":"https:\/\/www.cronicadeseverin.ro\/index.php?rest_route=\/wp\/v2\/types\/post"}],"author":[{"embeddable":true,"href":"https:\/\/www.cronicadeseverin.ro\/index.php?rest_route=\/wp\/v2\/users\/1"}],"replies":[{"embeddable":true,"href":"https:\/\/www.cronicadeseverin.ro\/index.php?rest_route=%2Fwp%2Fv2%2Fcomments&post=14156"}],"version-history":[{"count":1,"href":"https:\/\/www.cronicadeseverin.ro\/index.php?rest_route=\/wp\/v2\/posts\/14156\/revisions"}],"predecessor-version":[{"id":14158,"href":"https:\/\/www.cronicadeseverin.ro\/index.php?rest_route=\/wp\/v2\/posts\/14156\/revisions\/14158"}],"wp:featuredmedia":[{"embeddable":true,"href":"https:\/\/www.cronicadeseverin.ro\/index.php?rest_route=\/wp\/v2\/media\/14157"}],"wp:attachment":[{"href":"https:\/\/www.cronicadeseverin.ro\/index.php?rest_route=%2Fwp%2Fv2%2Fmedia&parent=14156"}],"wp:term":[{"taxonomy":"category","embeddable":true,"href":"https:\/\/www.cronicadeseverin.ro\/index.php?rest_route=%2Fwp%2Fv2%2Fcategories&post=14156"},{"taxonomy":"post_tag","embeddable":true,"href":"https:\/\/www.cronicadeseverin.ro\/index.php?rest_route=%2Fwp%2Fv2%2Ftags&post=14156"}],"curies":[{"name":"wp","href":"https:\/\/api.w.org\/{rel}","templated":true}]}}