{"id":14145,"date":"2026-03-27T19:22:24","date_gmt":"2026-03-27T16:22:24","guid":{"rendered":"https:\/\/www.cronicadeseverin.ro\/?p=14145"},"modified":"2026-03-27T19:22:24","modified_gmt":"2026-03-27T16:22:24","slug":"noi-reguli-privind-plata-amenzilor-contraventionale","status":"publish","type":"post","link":"https:\/\/www.cronicadeseverin.ro\/?p=14145","title":{"rendered":"Noi reguli privind plata amenzilor contraven\u021bionale&#8230;"},"content":{"rendered":"<p>\u00cencep\u00e2nd cu data de 27 martie 2026, intr\u0103 \u00een vigoare noi reguli privind plata amenzilor contraven\u021bionale \u0219i reducerea perioadei de suspendare a permisului de conducere, potrivit prevederilor Ordonan\u021bei de Urgen\u021b\u0103 nr. 7 din 25 februarie 2026.Una dintre cele mai importante modific\u0103ri vizeaz\u0103 modalitatea de plat\u0103 a amenzilor contraven\u021bionale. Astfel, pentru abaterile prev\u0103zute \u00een mai multe acte normative, inclusiv cele legate de ordinea public\u0103, paza bunurilor sau regimul armelor \u0219i al materiilor explozive, contravenien\u021bii pot beneficia de o reducere semnificativ\u0103. Ace\u0219tia au posibilitatea s\u0103 achite doar jum\u0103tate din suma stabilit\u0103 de agentul constatator, dac\u0103 plata este efectuat\u0103 \u00een cel mult 15 zile de la primirea procesului-verbal. Schimb\u0103ri importante apar \u0219i pentru \u0219oferii care vor s\u0103 beneficieze de reducerea perioadei de suspendare a permisului de conducere. Pentru solicit\u0103rile depuse \u00eencep\u00e2nd cu 27 martie 2026, reducerea suspend\u0103rii va fi acordat\u0103 doar dac\u0103 solicitantul demonstreaz\u0103 c\u0103 \u0219i-a achitat toate amenzile contraven\u021bionale restante la bugetul local, inclusiv cele primite anterior acestei date.\u201eReducerea perioadei de suspendare se acord\u0103 doar dac\u0103 solicitantul dovede\u0219te c\u0103 a achitat toate amenzile contraven\u021bionale datorate bugetului local\u201d, prevede actul normativ. Dovada pl\u0103\u021bii poate fi f\u0103cut\u0103 exclusiv printr-un certificat de atestare fiscal\u0103 emis de autoritatea local\u0103 de la domiciliu.\u00a0\u00cen cazul persoanelor care nu au domiciliu \u00een Rom\u00e2nia sau al titularilor de permise de conducere str\u0103ine, condi\u021biile sunt mai simple.Pentru ace\u0219tia, \u00een situa\u021bia \u00een care solicit\u0103 restituirea permisului \u00eenainte de expirarea perioadei de suspendare, este necesar\u0103 doar dovada achit\u0103rii amenzii care a dus la sanc\u021biune.Noile prevederi urm\u0103resc at\u00e2t cre\u0219terea gradului de colectare a amenzilor, c\u00e2t \u0219i responsabilizarea \u0219oferilor \u00een respectarea obliga\u021biilor legale.<\/p>\n<h1 style=\"text-align: center;\">C\u00e2t sunt amenzile rutiere \u00een 2026<\/h1>\n<p>Din momentul s\u0103v\u00e2r\u0219irii unei contraven\u021bii, institu\u021biile competente au la dispozi\u021bie \u0219ase luni pentru a \u00eentocmi procesul-verbal de constatare \u0219i sanc\u021bionare. Dac\u0103 acest termen este dep\u0103\u0219it, amenda nu mai poate fi emis\u0103, iar fapta se prescrie. Legea prevede \u0219i posibilitatea achit\u0103rii a jum\u0103tate din minimul amenzii, dac\u0103 plata este f\u0103cut\u0103 \u00een termen de 15 zile de la primirea procesului-verbal. Dup\u0103 expirarea acestui interval, se datoreaz\u0103 suma integral\u0103.<br \/>\n\u00cen 2026, amenzile rutiere sunt stabilite pe clase, \u00een func\u021bie de num\u0103rul de puncte-amend\u0103:<br \/>\nClasa I (2\u20133 puncte-amend\u0103): 405 \u2013 607,5 lei<br \/>\nClasa a II-a (4\u20135 puncte-amend\u0103): 810 \u2013 1.012,5 lei<br \/>\nClasa a III-a (6\u20138 puncte-amend\u0103): 1.215 \u2013 1.620 lei<br \/>\nClasa a IV-a (9\u201320 puncte-amend\u0103): 1.822,5 \u2013 4.050 lei<br \/>\nClasa a V-a (21\u2013100 puncte-amend\u0103, persoane juridice): 4.252,5 \u2013 20.250 lei<br \/>\nPentru dep\u0103\u0219irea vitezei cu 10\u201320 km\/h se aplic\u0103 2\u20133 puncte-amend\u0103 \u0219i 2 puncte de penalizare.<br \/>\nLa 21\u201330 km\/h peste limit\u0103, sanc\u021biunea este de 4\u20135 puncte-amend\u0103 \u0219i 3 puncte de penalizare.<br \/>\nPentru 31\u201340 km\/h peste limit\u0103, \u0219oferul prime\u0219te 6\u20138 puncte-amend\u0103 \u0219i 4 puncte de penalizare.<br \/>\nDep\u0103\u0219irea cu 41\u201350 km\/h atrage 9\u201320 puncte-amend\u0103 \u0219i 6 puncte de penalizare.<br \/>\nDac\u0103 viteza este mai mare cu peste 50 km\/h fa\u021b\u0103 de limita legal\u0103, permisul este suspendat pentru 90 de zile. \u00cen cazul unei dep\u0103\u0219iri de peste 70 km\/h, suspendarea permisului ajunge la 120 de zile.<\/p>\n<p>&nbsp;<\/p>\n","protected":false},"excerpt":{"rendered":"<p>&Icirc;ncep&acirc;nd cu data de 27 martie 2026, intr&#259; &icirc;n vigoare noi reguli privind plata amenzilor contraven&#539;ionale &#537;i reducerea perioadei de suspendare a permisului de conducere, potrivit prevederilor Ordonan&#539;ei de Urgen&#539;&#259; nr. 7 din 25 februarie 2026.Una dintre cele mai importante modific&#259;ri vizeaz&#259; modalitatea de plat&#259; a amenzilor contraven&#539;ionale. Astfel, pentru abaterile prev&#259;zute &icirc;n mai multe [&hellip;]<\/p>\n","protected":false},"author":1,"featured_media":14146,"comment_status":"open","ping_status":"open","sticky":false,"template":"","format":"standard","meta":{"footnotes":""},"categories":[4],"tags":[3269,4732,2011,1534],"class_list":["post-14145","post","type-post","status-publish","format-standard","has-post-thumbnail","hentry","category-stiri","tag-amenzi-contraventionale","tag-amenzi-rutiere","tag-plata","tag-reguli"],"_links":{"self":[{"href":"https:\/\/www.cronicadeseverin.ro\/index.php?rest_route=\/wp\/v2\/posts\/14145","targetHints":{"allow":["GET"]}}],"collection":[{"href":"https:\/\/www.cronicadeseverin.ro\/index.php?rest_route=\/wp\/v2\/posts"}],"about":[{"href":"https:\/\/www.cronicadeseverin.ro\/index.php?rest_route=\/wp\/v2\/types\/post"}],"author":[{"embeddable":true,"href":"https:\/\/www.cronicadeseverin.ro\/index.php?rest_route=\/wp\/v2\/users\/1"}],"replies":[{"embeddable":true,"href":"https:\/\/www.cronicadeseverin.ro\/index.php?rest_route=%2Fwp%2Fv2%2Fcomments&post=14145"}],"version-history":[{"count":1,"href":"https:\/\/www.cronicadeseverin.ro\/index.php?rest_route=\/wp\/v2\/posts\/14145\/revisions"}],"predecessor-version":[{"id":14147,"href":"https:\/\/www.cronicadeseverin.ro\/index.php?rest_route=\/wp\/v2\/posts\/14145\/revisions\/14147"}],"wp:featuredmedia":[{"embeddable":true,"href":"https:\/\/www.cronicadeseverin.ro\/index.php?rest_route=\/wp\/v2\/media\/14146"}],"wp:attachment":[{"href":"https:\/\/www.cronicadeseverin.ro\/index.php?rest_route=%2Fwp%2Fv2%2Fmedia&parent=14145"}],"wp:term":[{"taxonomy":"category","embeddable":true,"href":"https:\/\/www.cronicadeseverin.ro\/index.php?rest_route=%2Fwp%2Fv2%2Fcategories&post=14145"},{"taxonomy":"post_tag","embeddable":true,"href":"https:\/\/www.cronicadeseverin.ro\/index.php?rest_route=%2Fwp%2Fv2%2Ftags&post=14145"}],"curies":[{"name":"wp","href":"https:\/\/api.w.org\/{rel}","templated":true}]}}