{"id":14139,"date":"2026-03-26T19:10:37","date_gmt":"2026-03-26T16:10:37","guid":{"rendered":"https:\/\/www.cronicadeseverin.ro\/?p=14139"},"modified":"2026-03-27T19:14:55","modified_gmt":"2026-03-27T16:14:55","slug":"investitie-noua-in-infrastructura-de-apa-si-canalizare-pentru-comuna-obarsia-de-camp","status":"publish","type":"post","link":"https:\/\/www.cronicadeseverin.ro\/?p=14139","title":{"rendered":"Investi\u021bie nou\u0103 \u00een infrastructura de ap\u0103 \u0219i canalizare pentru comuna Ob\u00e2r\u0219ia de C\u00e2mp"},"content":{"rendered":"<div class=\"html-div xdj266r x14z9mp xat24cr x1lziwak xexx8yu xyri2b x18d9i69 x1c1uobl\">\n<div class=\"html-div xdj266r x14z9mp xat24cr x1lziwak xexx8yu xyri2b x18d9i69 x1c1uobl\">\n<div class=\"html-div xdj266r x14z9mp xat24cr x1lziwak xexx8yu xyri2b x18d9i69 x1c1uobl\">\n<div class=\"html-div xdj266r x14z9mp xat24cr x1lziwak xexx8yu xyri2b x18d9i69 x1c1uobl\">\n<div class=\"html-div xdj266r x14z9mp xat24cr x1lziwak xexx8yu xyri2b x18d9i69 x1c1uobl\" dir=\"auto\">\n<div class=\"html-div xdj266r x14z9mp xat24cr x1lziwak xexx8yu xyri2b x18d9i69 x1c1uobl\" data-ad-rendering-role=\"story_message\">\n<div class=\"x1l90r2v x1iorvi4 x1g0dm76 xpdmqnj\" data-ad-comet-preview=\"message\" data-ad-preview=\"message\">\n<div class=\"x78zum5 xdt5ytf xz62fqu x16ldp7u\">\n<div class=\"xu06os2 x1ok221b\">\n<div class=\"html-div xdj266r x14z9mp xat24cr x1lziwak xexx8yu xyri2b x18d9i69 x1c1uobl\">\n<div class=\"x14z9mp xat24cr x1lziwak x1vvkbs xtlvy1s x126k92a\">\n<div dir=\"auto\"><a href=\"https:\/\/www.cronicadeseverin.ro\/?attachment_id=14141\" rel=\"attachment wp-att-14141\"><img loading=\"lazy\" decoding=\"async\" class=\"aligncenter size-large wp-image-14141\" src=\"https:\/\/www.cronicadeseverin.ro\/wp-content\/uploads\/2026\/03\/obarsia1-800x623.jpg\" alt=\"\" width=\"640\" height=\"498\" srcset=\"https:\/\/www.cronicadeseverin.ro\/wp-content\/uploads\/2026\/03\/obarsia1-800x623.jpg 800w, https:\/\/www.cronicadeseverin.ro\/wp-content\/uploads\/2026\/03\/obarsia1-300x234.jpg 300w, https:\/\/www.cronicadeseverin.ro\/wp-content\/uploads\/2026\/03\/obarsia1-768x599.jpg 768w, https:\/\/www.cronicadeseverin.ro\/wp-content\/uploads\/2026\/03\/obarsia1-1536x1197.jpg 1536w, https:\/\/www.cronicadeseverin.ro\/wp-content\/uploads\/2026\/03\/obarsia1.jpg 2048w\" sizes=\"auto, (max-width: 640px) 100vw, 640px\" \/><\/a> <a href=\"https:\/\/www.cronicadeseverin.ro\/?attachment_id=14142\" rel=\"attachment wp-att-14142\"><img loading=\"lazy\" decoding=\"async\" class=\"aligncenter size-large wp-image-14142\" src=\"https:\/\/www.cronicadeseverin.ro\/wp-content\/uploads\/2026\/03\/obarsia3-800x769.jpg\" alt=\"\" width=\"640\" height=\"615\" srcset=\"https:\/\/www.cronicadeseverin.ro\/wp-content\/uploads\/2026\/03\/obarsia3-800x769.jpg 800w, https:\/\/www.cronicadeseverin.ro\/wp-content\/uploads\/2026\/03\/obarsia3-300x288.jpg 300w, https:\/\/www.cronicadeseverin.ro\/wp-content\/uploads\/2026\/03\/obarsia3-768x738.jpg 768w, https:\/\/www.cronicadeseverin.ro\/wp-content\/uploads\/2026\/03\/obarsia3-1536x1476.jpg 1536w, https:\/\/www.cronicadeseverin.ro\/wp-content\/uploads\/2026\/03\/obarsia3.jpg 2048w\" sizes=\"auto, (max-width: 640px) 100vw, 640px\" \/><\/a> <a href=\"https:\/\/www.cronicadeseverin.ro\/?attachment_id=14143\" rel=\"attachment wp-att-14143\"><img loading=\"lazy\" decoding=\"async\" class=\"aligncenter size-large wp-image-14143\" src=\"https:\/\/www.cronicadeseverin.ro\/wp-content\/uploads\/2026\/03\/obarsia4-800x632.jpg\" alt=\"\" width=\"640\" height=\"506\" srcset=\"https:\/\/www.cronicadeseverin.ro\/wp-content\/uploads\/2026\/03\/obarsia4-800x632.jpg 800w, https:\/\/www.cronicadeseverin.ro\/wp-content\/uploads\/2026\/03\/obarsia4-300x237.jpg 300w, https:\/\/www.cronicadeseverin.ro\/wp-content\/uploads\/2026\/03\/obarsia4-768x607.jpg 768w, https:\/\/www.cronicadeseverin.ro\/wp-content\/uploads\/2026\/03\/obarsia4-1536x1214.jpg 1536w, https:\/\/www.cronicadeseverin.ro\/wp-content\/uploads\/2026\/03\/obarsia4.jpg 2048w\" sizes=\"auto, (max-width: 640px) 100vw, 640px\" \/><\/a>Primarul comunei Ob\u00e2r\u0219ia de C\u00e2mp, Marinela Dumitrele, a semnat contractul de finan\u021bare pentru obiectivul de investi\u021bii \u201eExtindere re\u021bea de ap\u0103 \u0219i canalizare \u00een comuna Ob\u00e2r\u0219ia de C\u00e2mp, jude\u021bul Mehedin\u021bi\u201d.Valoarea finan\u021b\u0103rii alocate prin Programul Na\u021bional de Investi\u021bii \u201eAnghel Saligny\u201d, derulat de Ministerul Dezvolt\u0103rii, Lucr\u0103rilor Publice \u0219i Administra\u021biei, este de 4.000.000 lei, iar valoarea total\u0103 a investi\u021biei se ridic\u0103 la 4.308.304,50 lei.Proiectul vizeaz\u0103 extinderea re\u021belelor de alimentare cu ap\u0103 \u0219i canalizare, contribuind direct la \u00eembun\u0103t\u0103\u021birea condi\u021biilor de trai \u0219i la dezvoltarea durabil\u0103 a comunit\u0103\u021bii.\u201c\u00cei felicit pe reprezentan\u021bii administra\u021biei locale pentru implicarea \u00een atragerea de fonduri \u0219i \u00een implementarea proiectelor necesare comunit\u0103\u021bii.Investi\u021biile \u00een re\u021belele de ap\u0103 \u0219i canalizare r\u0103m\u00e2n esen\u021biale pentru dezvoltarea comunit\u0103\u021bilor din jude\u021bul Mehedin\u021bi.\u201d, a transmis pre\u0219edintele Consiliului Jude\u021bean Mehedin\u021bi, Aladin Georgescu.<\/div>\n<\/div>\n<\/div>\n<\/div>\n<\/div>\n<\/div>\n<\/div>\n<\/div>\n<div class=\"html-div xdj266r x14z9mp xat24cr x1lziwak xexx8yu xyri2b x18d9i69 x1c1uobl x1n2onr6\">\n<div class=\"html-div xdj266r x14z9mp xat24cr x1lziwak xexx8yu xyri2b x18d9i69 x1c1uobl x1n2onr6\">\n<div class=\"html-div xdj266r x14z9mp xat24cr x1lziwak xexx8yu xyri2b x18d9i69 x1c1uobl\">\n<div class=\"x1n2onr6\">\n<div class=\"x1n2onr6\">\n<div class=\"x6ikm8r x10wlt62 x10l6tqk\"><\/div>\n<div class=\"x6ikm8r x10wlt62 x10l6tqk\"><\/div>\n<div class=\"x6ikm8r x10wlt62 x10l6tqk\"><\/div>\n<div class=\"x6ikm8r x10wlt62 x10l6tqk\"><\/div>\n<\/div>\n<\/div>\n<\/div>\n<\/div>\n<div class=\"html-div xdj266r x14z9mp xat24cr x1lziwak xexx8yu xyri2b x18d9i69 x1c1uobl x6ikm8r x10wlt62\"><\/div>\n<\/div>\n<\/div>\n<div>\n<div class=\"xabvvm4 xeyy32k x1ia1hqs x1a2w583 x6ikm8r x10wlt62\" data-visualcompletion=\"ignore-dynamic\">\n<div>\n<div>\n<div>\n<div class=\"xn3w4p2 x1gslohp\">\n<div class=\"x9f619 x1ja2u2z x78zum5 x2lah0s x1n2onr6 x1qughib x6s0dn4 xozqiw3 x1q0g3np x11lfxj5 x135b78x x18d9i69 xexx8yu x4cne27 xifccgj\">\n<div class=\"x9f619 x1n2onr6 x1ja2u2z x78zum5 xdt5ytf x2lah0s x193iq5w xeuugli x10b6aqq x1yrsyyn\"><\/div>\n<div class=\"x9f619 x1n2onr6 x1ja2u2z x78zum5 xdt5ytf x2lah0s x193iq5w xeuugli x10b6aqq x1yrsyyn\"><\/div>\n<div class=\"x9f619 x1n2onr6 x1ja2u2z x78zum5 xdt5ytf x2lah0s x193iq5w xeuugli x10b6aqq x1yrsyyn\"><\/div>\n<div class=\"x9f619 x1n2onr6 x1ja2u2z xdt5ytf x2lah0s x193iq5w xeuugli x10b6aqq x1yrsyyn x6s0dn4 x78zum5 xn3w4p2 xl56j7k xvc5jky xf159sx xmzvs34\"><\/div>\n<\/div>\n<\/div>\n<\/div>\n<\/div>\n<\/div>\n<\/div>\n<\/div>\n<\/div>\n<\/div>\n<\/div>\n<div class=\"x7600vw x10l6tqk x1dquyif\" aria-hidden=\"true\" data-0=\"0\" data-1=\"1\" data-10=\"10\" data-11=\"11\" data-12=\"12\" data-13=\"13\" data-14=\"14\" data-15=\"15\" data-16=\"16\" data-17=\"17\" data-18=\"18\" data-19=\"19\" data-2=\"2\" data-3=\"3\" data-4=\"4\" data-5=\"5\" data-6=\"6\" data-7=\"7\" data-8=\"8\" data-9=\"9\"><\/div>\n","protected":false},"excerpt":{"rendered":"<p>Primarul comunei Ob&acirc;r&#537;ia de C&acirc;mp, Marinela Dumitrele, a semnat contractul de finan&#539;are pentru obiectivul de investi&#539;ii &bdquo;Extindere re&#539;ea de ap&#259; &#537;i canalizare &icirc;n comuna Ob&acirc;r&#537;ia de C&acirc;mp, jude&#539;ul Mehedin&#539;i&rdquo;.Valoarea finan&#539;&#259;rii alocate prin Programul Na&#539;ional de Investi&#539;ii &bdquo;Anghel Saligny&rdquo;, derulat de Ministerul Dezvolt&#259;rii, Lucr&#259;rilor Publice &#537;i Administra&#539;iei, este de 4.000.000 lei, iar valoarea total&#259; a investi&#539;iei [&hellip;]<\/p>\n","protected":false},"author":1,"featured_media":14140,"comment_status":"open","ping_status":"open","sticky":false,"template":"","format":"standard","meta":{"footnotes":""},"categories":[4],"tags":[2368,2015,2352,4731,4002],"class_list":["post-14139","post","type-post","status-publish","format-standard","has-post-thumbnail","hentry","category-stiri","tag-apa","tag-canalizare","tag-investitie","tag-marinela-dumitrele","tag-obarsia-de-camp"],"_links":{"self":[{"href":"https:\/\/www.cronicadeseverin.ro\/index.php?rest_route=\/wp\/v2\/posts\/14139","targetHints":{"allow":["GET"]}}],"collection":[{"href":"https:\/\/www.cronicadeseverin.ro\/index.php?rest_route=\/wp\/v2\/posts"}],"about":[{"href":"https:\/\/www.cronicadeseverin.ro\/index.php?rest_route=\/wp\/v2\/types\/post"}],"author":[{"embeddable":true,"href":"https:\/\/www.cronicadeseverin.ro\/index.php?rest_route=\/wp\/v2\/users\/1"}],"replies":[{"embeddable":true,"href":"https:\/\/www.cronicadeseverin.ro\/index.php?rest_route=%2Fwp%2Fv2%2Fcomments&post=14139"}],"version-history":[{"count":1,"href":"https:\/\/www.cronicadeseverin.ro\/index.php?rest_route=\/wp\/v2\/posts\/14139\/revisions"}],"predecessor-version":[{"id":14144,"href":"https:\/\/www.cronicadeseverin.ro\/index.php?rest_route=\/wp\/v2\/posts\/14139\/revisions\/14144"}],"wp:featuredmedia":[{"embeddable":true,"href":"https:\/\/www.cronicadeseverin.ro\/index.php?rest_route=\/wp\/v2\/media\/14140"}],"wp:attachment":[{"href":"https:\/\/www.cronicadeseverin.ro\/index.php?rest_route=%2Fwp%2Fv2%2Fmedia&parent=14139"}],"wp:term":[{"taxonomy":"category","embeddable":true,"href":"https:\/\/www.cronicadeseverin.ro\/index.php?rest_route=%2Fwp%2Fv2%2Fcategories&post=14139"},{"taxonomy":"post_tag","embeddable":true,"href":"https:\/\/www.cronicadeseverin.ro\/index.php?rest_route=%2Fwp%2Fv2%2Ftags&post=14139"}],"curies":[{"name":"wp","href":"https:\/\/api.w.org\/{rel}","templated":true}]}}