{"id":14131,"date":"2026-03-25T19:06:32","date_gmt":"2026-03-25T16:06:32","guid":{"rendered":"https:\/\/www.cronicadeseverin.ro\/?p=14131"},"modified":"2026-03-27T19:10:34","modified_gmt":"2026-03-27T16:10:34","slug":"la-multi-ani-politiei-romane","status":"publish","type":"post","link":"https:\/\/www.cronicadeseverin.ro\/?p=14131","title":{"rendered":"La mul\u021bi ani Poli\u021biei Rom\u00e2ne!"},"content":{"rendered":"<div class=\"x14z9mp xat24cr x1lziwak x1vvkbs xtlvy1s x126k92a\">\n<div dir=\"auto\"><a href=\"https:\/\/www.cronicadeseverin.ro\/?attachment_id=14133\" rel=\"attachment wp-att-14133\"><img loading=\"lazy\" decoding=\"async\" class=\"aligncenter size-large wp-image-14133\" src=\"https:\/\/www.cronicadeseverin.ro\/wp-content\/uploads\/2026\/03\/DSC9369-Mica.jpg\" alt=\"\" width=\"640\" height=\"427\" srcset=\"https:\/\/www.cronicadeseverin.ro\/wp-content\/uploads\/2026\/03\/DSC9369-Mica.jpg 720w, https:\/\/www.cronicadeseverin.ro\/wp-content\/uploads\/2026\/03\/DSC9369-Mica-300x200.jpg 300w\" sizes=\"auto, (max-width: 640px) 100vw, 640px\" \/><\/a> <a href=\"https:\/\/www.cronicadeseverin.ro\/?attachment_id=14134\" rel=\"attachment wp-att-14134\"><img loading=\"lazy\" decoding=\"async\" class=\"aligncenter size-large wp-image-14134\" src=\"https:\/\/www.cronicadeseverin.ro\/wp-content\/uploads\/2026\/03\/DSC9378-Mica.jpg\" alt=\"\" width=\"640\" height=\"427\" srcset=\"https:\/\/www.cronicadeseverin.ro\/wp-content\/uploads\/2026\/03\/DSC9378-Mica.jpg 720w, https:\/\/www.cronicadeseverin.ro\/wp-content\/uploads\/2026\/03\/DSC9378-Mica-300x200.jpg 300w\" sizes=\"auto, (max-width: 640px) 100vw, 640px\" \/><\/a> <a href=\"https:\/\/www.cronicadeseverin.ro\/?attachment_id=14135\" rel=\"attachment wp-att-14135\"><img loading=\"lazy\" decoding=\"async\" class=\"aligncenter size-large wp-image-14135\" src=\"https:\/\/www.cronicadeseverin.ro\/wp-content\/uploads\/2026\/03\/DSC9483-Mica.jpg\" alt=\"\" width=\"640\" height=\"427\" srcset=\"https:\/\/www.cronicadeseverin.ro\/wp-content\/uploads\/2026\/03\/DSC9483-Mica.jpg 720w, https:\/\/www.cronicadeseverin.ro\/wp-content\/uploads\/2026\/03\/DSC9483-Mica-300x200.jpg 300w\" sizes=\"auto, (max-width: 640px) 100vw, 640px\" \/><\/a> <a href=\"https:\/\/www.cronicadeseverin.ro\/?attachment_id=14136\" rel=\"attachment wp-att-14136\"><img loading=\"lazy\" decoding=\"async\" class=\"aligncenter size-large wp-image-14136\" src=\"https:\/\/www.cronicadeseverin.ro\/wp-content\/uploads\/2026\/03\/DSC9506-Mica.jpg\" alt=\"\" width=\"640\" height=\"427\" srcset=\"https:\/\/www.cronicadeseverin.ro\/wp-content\/uploads\/2026\/03\/DSC9506-Mica.jpg 720w, https:\/\/www.cronicadeseverin.ro\/wp-content\/uploads\/2026\/03\/DSC9506-Mica-300x200.jpg 300w\" sizes=\"auto, (max-width: 640px) 100vw, 640px\" \/><\/a> <a href=\"https:\/\/www.cronicadeseverin.ro\/?attachment_id=14137\" rel=\"attachment wp-att-14137\"><img loading=\"lazy\" decoding=\"async\" class=\"aligncenter size-large wp-image-14137\" src=\"https:\/\/www.cronicadeseverin.ro\/wp-content\/uploads\/2026\/03\/DSC9518-Mica.jpg\" alt=\"\" width=\"640\" height=\"427\" srcset=\"https:\/\/www.cronicadeseverin.ro\/wp-content\/uploads\/2026\/03\/DSC9518-Mica.jpg 720w, https:\/\/www.cronicadeseverin.ro\/wp-content\/uploads\/2026\/03\/DSC9518-Mica-300x200.jpg 300w\" sizes=\"auto, (max-width: 640px) 100vw, 640px\" \/><\/a>Am participat ast\u0103zi la evenimentul organizat cu ocazia Zilei Poli\u021biei Rom\u00e2ne, un moment dedicat celor care contribuie, zi de zi, la siguran\u021ba comunit\u0103\u021bii noastre.Apreciez activitatea poli\u021bi\u0219tilor mehedin\u021beni, care \u00ee\u0219i \u00eendeplinesc misiunea cu responsabilitate, profesionalism \u0219i echilibru.Consiliul Jude\u021bean Mehedin\u021bi r\u0103m\u00e2ne un partener al Inspectoratului de Poli\u021bie Jude\u021bean Mehedin\u021bi \u0219i sus\u021bine constant activitatea acestuia, inclusiv prin Autoritatea Teritorial\u0103 de Ordine Public\u0103, pentru \u00eembun\u0103t\u0103\u021birea dot\u0103rilor \u0219i a condi\u021biilor de lucru.Obiectivul este clar: un jude\u021b sigur, \u00een care cet\u0103\u021benii s\u0103 aib\u0103 \u00eencredere \u00een institu\u021biile statului.V\u0103 felicit pentru devotamentul fa\u021b\u0103 de aceast\u0103 profesie \u0219i pentru modul \u00een care v\u0103 \u00eendeplini\u021bi misiunile!V\u0103 doresc mult\u0103 s\u0103n\u0103tate \u0219i c\u00e2t mai multe misiuni \u00eencheiate cu succes!La mul\u021bi ani Poli\u021biei Rom\u00e2ne!La mul\u021bi ani tuturor poli\u021bi\u0219tilor!<\/div>\n<\/div>\n","protected":false},"excerpt":{"rendered":"<p>Am participat ast&#259;zi la evenimentul organizat cu ocazia Zilei Poli&#539;iei Rom&acirc;ne, un moment dedicat celor care contribuie, zi de zi, la siguran&#539;a comunit&#259;&#539;ii noastre.Apreciez activitatea poli&#539;i&#537;tilor mehedin&#539;eni, care &icirc;&#537;i &icirc;ndeplinesc misiunea cu responsabilitate, profesionalism &#537;i echilibru.Consiliul Jude&#539;ean Mehedin&#539;i r&#259;m&acirc;ne un partener al Inspectoratului de Poli&#539;ie Jude&#539;ean Mehedin&#539;i &#537;i sus&#539;ine constant activitatea acestuia, inclusiv prin Autoritatea [&hellip;]<\/p>\n","protected":false},"author":1,"featured_media":14132,"comment_status":"open","ping_status":"open","sticky":false,"template":"","format":"standard","meta":{"footnotes":""},"categories":[4],"tags":[4730,204,4729,3584],"class_list":["post-14131","post","type-post","status-publish","format-standard","has-post-thumbnail","hentry","category-stiri","tag-atop","tag-cj-mehedinti","tag-politiei","tag-ziua"],"_links":{"self":[{"href":"https:\/\/www.cronicadeseverin.ro\/index.php?rest_route=\/wp\/v2\/posts\/14131","targetHints":{"allow":["GET"]}}],"collection":[{"href":"https:\/\/www.cronicadeseverin.ro\/index.php?rest_route=\/wp\/v2\/posts"}],"about":[{"href":"https:\/\/www.cronicadeseverin.ro\/index.php?rest_route=\/wp\/v2\/types\/post"}],"author":[{"embeddable":true,"href":"https:\/\/www.cronicadeseverin.ro\/index.php?rest_route=\/wp\/v2\/users\/1"}],"replies":[{"embeddable":true,"href":"https:\/\/www.cronicadeseverin.ro\/index.php?rest_route=%2Fwp%2Fv2%2Fcomments&post=14131"}],"version-history":[{"count":1,"href":"https:\/\/www.cronicadeseverin.ro\/index.php?rest_route=\/wp\/v2\/posts\/14131\/revisions"}],"predecessor-version":[{"id":14138,"href":"https:\/\/www.cronicadeseverin.ro\/index.php?rest_route=\/wp\/v2\/posts\/14131\/revisions\/14138"}],"wp:featuredmedia":[{"embeddable":true,"href":"https:\/\/www.cronicadeseverin.ro\/index.php?rest_route=\/wp\/v2\/media\/14132"}],"wp:attachment":[{"href":"https:\/\/www.cronicadeseverin.ro\/index.php?rest_route=%2Fwp%2Fv2%2Fmedia&parent=14131"}],"wp:term":[{"taxonomy":"category","embeddable":true,"href":"https:\/\/www.cronicadeseverin.ro\/index.php?rest_route=%2Fwp%2Fv2%2Fcategories&post=14131"},{"taxonomy":"post_tag","embeddable":true,"href":"https:\/\/www.cronicadeseverin.ro\/index.php?rest_route=%2Fwp%2Fv2%2Ftags&post=14131"}],"curies":[{"name":"wp","href":"https:\/\/api.w.org\/{rel}","templated":true}]}}