{"id":13903,"date":"2026-01-14T19:25:25","date_gmt":"2026-01-14T16:25:25","guid":{"rendered":"https:\/\/www.cronicadeseverin.ro\/?p=13903"},"modified":"2026-01-14T19:25:25","modified_gmt":"2026-01-14T16:25:25","slug":"atentie-la-amenzile-rutiere","status":"publish","type":"post","link":"https:\/\/www.cronicadeseverin.ro\/?p=13903","title":{"rendered":"Aten\u021bie la AMENZILE RUTIERE!"},"content":{"rendered":"<p>Proiectul de lege prin care urmeaz\u0103 s\u0103 fie reduse cheltuielile administra\u021biei publice centrale \u0219i locale a fost pus \u00een dezbatere public\u0103 de c\u0103tre Ministerul Dezvolt\u0103rii. Legea recent propus\u0103 modific\u0103 mai multe acte normative, av\u00e2nd prevederi care se refer\u0103 \u0219i la modul de func\u021bionare ale institu\u021biilor publice, amenzile rutiere, impozitele pe cl\u0103diri sau desf\u0103\u0219urarea jocurilor de noroc.<br \/>\nAstfel, perioada de suspendare a dreptului de a conduce pentru contraven\u021bii poate fi redus\u0103 atunci c\u00e2nd contravenientul prezint\u0103 dovada pl\u0103\u021bii tuturor datoriilor c\u0103tre bugetul local al unit\u0103\u021bii administrativ-teritoriale unde \u00ee\u0219i are domiciliul, inclusiv plata amenzii pentru contraven\u021bia care a condus la suspendarea dreptului de a conduce, pentru a stimula cet\u0103\u021benii s\u0103-\u0219i achite toate obliga\u021biile fa\u021b\u0103 de autorit\u0103\u021bile locale. Pe de alt\u0103 parte, se adaug\u0103 reguli privind majorarea cuantumului amenzilor contraven\u021bionale \u00een cazul neachit\u0103rii lor la termenele ini\u021biale: o majorare de 30% dac\u0103 amenda nu este pl\u0103tit\u0103 \u00een 3 luni dup\u0103 termenul stabilit \u0219i o alt\u0103 majorare de 30% dac\u0103 neachitarea continu\u0103 dup\u0103 6 luni. \u0218oferii nu pot conduce autovehicule, tractoare agricole\/forestiere sau tramvaie pe drumurile publice dac\u0103 nu achit\u0103 \u00een termen de 90 de zile crean\u021bele provenite din amenzi contraven\u021bionale.<\/p>\n<p>De asemenea, num\u0103rul poli\u021bi\u0219tilor locali pe care o prim\u0103rie \u00eei va putea angaja este stabilit \u00een func\u021bie de urm\u0103toarele criterii:<br \/>\na) un post pentru fiecare 1.200 de locuitori pentru comune, ora\u015fe, municipii, \u015fi sectoare ale municipiului Bucure\u015fti;<br \/>\nb) un post pentru fiecare 6.500 de locuitori pentru jude\u0163e, respectiv municipiul Bucure\u015fti;<br \/>\nc) unit\u0103\u0163ile administrativ-teritoriale cu num\u0103rul locuitorilor mai mic de 4.500 nu pot \u00eenfiin\u021ba poli\u021bie local\u0103 dec\u00e2t dac\u0103 cheltuielile sec\u021biunii de func\u021bionare sunt asigurate integral din venituri proprii. \u00cen acest caz num\u0103rul este de maxim 3 poli\u021bi\u0219ti locali.<\/p>\n<p>Proiectul introduce \u0219i reglement\u0103ri \u00een ce prive\u0219te desf\u0103\u0219urarea jocurilor de noroc. Astfel, operatorii acestora vor trebui s\u0103 cear\u0103 acordul ini\u021bial al prim\u0103riilor pe raza c\u0103rora vor s\u0103-\u0219i desf\u0103\u0219oare activitatea,, iar autorizarea lor trebuie re\u00eennoit\u0103 anual.<\/p>\n","protected":false},"excerpt":{"rendered":"<p>Proiectul de lege prin care urmeaz&#259; s&#259; fie reduse cheltuielile administra&#539;iei publice centrale &#537;i locale a fost pus &icirc;n dezbatere public&#259; de c&#259;tre Ministerul Dezvolt&#259;rii. Legea recent propus&#259; modific&#259; mai multe acte normative, av&acirc;nd prevederi care se refer&#259; &#537;i la modul de func&#539;ionare ale institu&#539;iilor publice, amenzile rutiere, impozitele pe cl&#259;diri sau desf&#259;&#537;urarea jocurilor de [&hellip;]<\/p>\n","protected":false},"author":1,"featured_media":13904,"comment_status":"open","ping_status":"open","sticky":false,"template":"","format":"standard","meta":{"footnotes":""},"categories":[4],"tags":[678,4670,4669,1783,4668],"class_list":["post-13903","post","type-post","status-publish","format-standard","has-post-thumbnail","hentry","category-stiri","tag-amenzi","tag-jocuri-de-noroc","tag-politie-locala","tag-proiect-de-lege","tag-rutiere"],"_links":{"self":[{"href":"https:\/\/www.cronicadeseverin.ro\/index.php?rest_route=\/wp\/v2\/posts\/13903","targetHints":{"allow":["GET"]}}],"collection":[{"href":"https:\/\/www.cronicadeseverin.ro\/index.php?rest_route=\/wp\/v2\/posts"}],"about":[{"href":"https:\/\/www.cronicadeseverin.ro\/index.php?rest_route=\/wp\/v2\/types\/post"}],"author":[{"embeddable":true,"href":"https:\/\/www.cronicadeseverin.ro\/index.php?rest_route=\/wp\/v2\/users\/1"}],"replies":[{"embeddable":true,"href":"https:\/\/www.cronicadeseverin.ro\/index.php?rest_route=%2Fwp%2Fv2%2Fcomments&post=13903"}],"version-history":[{"count":1,"href":"https:\/\/www.cronicadeseverin.ro\/index.php?rest_route=\/wp\/v2\/posts\/13903\/revisions"}],"predecessor-version":[{"id":13905,"href":"https:\/\/www.cronicadeseverin.ro\/index.php?rest_route=\/wp\/v2\/posts\/13903\/revisions\/13905"}],"wp:featuredmedia":[{"embeddable":true,"href":"https:\/\/www.cronicadeseverin.ro\/index.php?rest_route=\/wp\/v2\/media\/13904"}],"wp:attachment":[{"href":"https:\/\/www.cronicadeseverin.ro\/index.php?rest_route=%2Fwp%2Fv2%2Fmedia&parent=13903"}],"wp:term":[{"taxonomy":"category","embeddable":true,"href":"https:\/\/www.cronicadeseverin.ro\/index.php?rest_route=%2Fwp%2Fv2%2Fcategories&post=13903"},{"taxonomy":"post_tag","embeddable":true,"href":"https:\/\/www.cronicadeseverin.ro\/index.php?rest_route=%2Fwp%2Fv2%2Ftags&post=13903"}],"curies":[{"name":"wp","href":"https:\/\/api.w.org\/{rel}","templated":true}]}}